{"id":185,"count":5,"description":"","link":"https:\/\/bikefacil.com\/faq\/integracao-bike-sharing-transporte-publico\/","name":"Integra\u00e7\u00e3o entre Transporte P\u00fablico e Bike-Sharing","slug":"integracao-bike-sharing-transporte-publico","taxonomy":"faq_category","parent":0,"meta":[],"acf":[],"_links":{"self":[{"href":"https:\/\/bikefacil.com\/?rest_route=\/wp\/v2\/faq_category\/185","targetHints":{"allow":["GET"]}}],"collection":[{"href":"https:\/\/bikefacil.com\/?rest_route=\/wp\/v2\/faq_category"}],"about":[{"href":"https:\/\/bikefacil.com\/?rest_route=\/wp\/v2\/taxonomies\/faq_category"}],"wp:post_type":[{"href":"https:\/\/bikefacil.com\/?rest_route=%2Fwp%2Fv2%2Favada_faq&faq_category=185"}],"curies":[{"name":"wp","href":"https:\/\/api.w.org\/{rel}","templated":true}]}}