{"id":11058,"date":"2025-10-20T11:38:47","date_gmt":"2025-10-20T14:38:47","guid":{"rendered":"https:\/\/bikefacil.com\/?p=11058"},"modified":"2025-10-20T11:38:47","modified_gmt":"2025-10-20T14:38:47","slug":"mobilidade-sustentavel-cidades","status":"publish","type":"post","link":"https:\/\/bikefacil.com\/noticias\/mobilidade-sustentavel-cidades\/","title":{"rendered":"Mobilidade sustent\u00e1vel: Aumente competitividade de cidades"},"content":{"rendered":"<div class=\"fusion-fullwidth fullwidth-box fusion-builder-row-1 fusion-flex-container has-pattern-background has-mask-background nonhundred-percent-fullwidth non-hundred-percent-height-scrolling\" style=\"--awb-border-radius-top-left:0px;--awb-border-radius-top-right:0px;--awb-border-radius-bottom-right:0px;--awb-border-radius-bottom-left:0px;--awb-margin-top-small:40px;--awb-flex-wrap:wrap;\" ><div class=\"fusion-builder-row fusion-row fusion-flex-align-items-flex-start fusion-flex-content-wrap\" style=\"max-width:1318.4px;margin-left: calc(-3% \/ 2 );margin-right: calc(-3% \/ 2 );\"><div class=\"fusion-layout-column fusion_builder_column fusion-builder-column-0 fusion_builder_column_1_1 1_1 fusion-flex-column blog-conteudo\" style=\"--awb-bg-size:cover;--awb-width-large:100%;--awb-spacing-right-large:1.455%;--awb-margin-bottom-large:60px;--awb-spacing-left-large:1.455%;--awb-width-medium:100%;--awb-order-medium:0;--awb-spacing-right-medium:1.455%;--awb-spacing-left-medium:1.455%;--awb-width-small:100%;--awb-order-small:0;--awb-spacing-right-small:1.455%;--awb-spacing-left-small:1.455%;\"><div class=\"fusion-column-wrapper fusion-column-has-shadow fusion-flex-justify-content-flex-start fusion-content-layout-column\"><div class=\"fusion-separator fusion-has-icon fusion-full-width-sep\" style=\"align-self: center;margin-left: auto;margin-right: auto;margin-top:30px;margin-bottom:30px;width:100%;max-width:100%;\"><div class=\"fusion-separator-border sep-single sep-solid\" style=\"--awb-height:20px;--awb-amount:20px;--awb-sep-color:var(--awb-custom_color_14);border-color:var(--awb-custom_color_14);border-top-width:1px;\"><\/div><span class=\"icon-wrapper\" style=\"border-color:transparent;font-size:26px;width: 1.75em; height: 1.75em;border-width:1px;padding:1px;margin-top:-0.5px\"><i class=\"icon-bkf-BKF_ICONES_1X1_PRETO-96\" style=\"font-size: inherit;color:var(--awb-color6);\" aria-hidden=\"true\"><\/i><\/span><div class=\"fusion-separator-border sep-single sep-solid\" style=\"--awb-height:20px;--awb-amount:20px;--awb-sep-color:var(--awb-custom_color_14);border-color:var(--awb-custom_color_14);border-top-width:1px;\"><\/div><\/div>\n<article class=\"bkf-blog-main-content\"> <h3 class=\"bkf-blog-h3\">Mobilidade sustent\u00e1vel: 5 formas de aumentar a competitividade das cidades<\/h3> <p class=\"bkf-blog-text\">A mobilidade sustent\u00e1vel tem se consolidado como um dos pilares essenciais para o desenvolvimento urbano inteligente e competitivo. \u00c0 medida que as cidades enfrentam desafios relacionados \u00e0 polui\u00e7\u00e3o, congestionamentos e exclus\u00e3o social, investir em solu\u00e7\u00f5es de transporte que priorizem efici\u00eancia, acessibilidade e redu\u00e7\u00e3o de impactos ambientais tornou-se estrat\u00e9gico. Mais do que uma tend\u00eancia, a mobilidade sustent\u00e1vel \u00e9 um diferencial competitivo que influencia diretamente na atra\u00e7\u00e3o de investimentos, qualidade de vida e produtividade urbana.<\/p> <p class=\"bkf-blog-text\">Cidades que investem em infraestrutura ciclovi\u00e1ria, transporte p\u00fablico de baixo carbono e integra\u00e7\u00e3o modal est\u00e3o \u00e0 frente na corrida global por desenvolvimento sustent\u00e1vel. No Brasil, exemplos como S\u00e3o Paulo, Curitiba e Fortaleza demonstram que pol\u00edticas de mobilidade sustent\u00e1vel impactam positivamente a economia local, o turismo e o bem-estar da popula\u00e7\u00e3o. Este artigo detalha as principais formas pelas quais a mobilidade sustent\u00e1vel impulsiona a competitividade das cidades e os benef\u00edcios econ\u00f4micos, sociais e ambientais que ela proporciona.<\/p> <h3 class=\"bkf-blog-h3\">1. Redu\u00e7\u00e3o de custos urbanos e aumento da efici\u00eancia econ\u00f4mica<\/h3> <p class=\"bkf-blog-text\">A mobilidade sustent\u00e1vel representa um mecanismo eficaz para reduzir custos operacionais urbanos. Em cidades onde h\u00e1 incentivo ao uso de bicicletas, transporte coletivo el\u00e9trico e planejamento integrado, a efici\u00eancia log\u00edstica aumenta, e os custos de manuten\u00e7\u00e3o vi\u00e1ria diminuem. Um sistema de mobilidade sustent\u00e1vel bem estruturado reduz congestionamentos, economiza combust\u00edvel e otimiza o tempo de deslocamento, resultando em ganhos diretos para empresas e governos.<\/p> <p class=\"bkf-blog-text\">De acordo com estudos do Instituto de Pol\u00edticas de Transporte e Desenvolvimento (ITDP), a depend\u00eancia excessiva do transporte individual motorizado custa bilh\u00f5es de reais por ano ao pa\u00eds, devido \u00e0 perda de produtividade e \u00e0 emiss\u00e3o de gases de efeito estufa. A mobilidade sustent\u00e1vel, por sua vez, transforma essa realidade ao promover a racionaliza\u00e7\u00e3o do transporte urbano e a prioriza\u00e7\u00e3o de modais eficientes. O retorno sobre investimento em transporte ativo e coletivo \u00e9 significativo, tanto em economia p\u00fablica quanto em crescimento do PIB local.<\/p> <h3 class=\"bkf-blog-subtitulo\">Transporte ativo como fator de efici\u00eancia<\/h3> <p class=\"bkf-blog-text\">Cidades que apostam em infraestrutura ciclovi\u00e1ria e pedonal experimentam benef\u00edcios imediatos na din\u00e2mica urbana. O transporte ativo, al\u00e9m de ser uma alternativa de baixo custo para o cidad\u00e3o, reduz a press\u00e3o sobre o transporte coletivo e o tr\u00e1fego de autom\u00f3veis. Estudos da European Cyclists' Federation demonstram que cada quil\u00f4metro percorrido de bicicleta gera benef\u00edcios econ\u00f4micos diretos, como diminui\u00e7\u00e3o de gastos com sa\u00fade e melhoria na produtividade dos trabalhadores, que passam a ter maior bem-estar f\u00edsico e mental.<\/p> <h3 class=\"bkf-blog-subtitulo\">Economia circular e efici\u00eancia energ\u00e9tica<\/h3> <p class=\"bkf-blog-text\">A transi\u00e7\u00e3o para sistemas de mobilidade el\u00e9trica, compartilhada e integrada contribui para a constru\u00e7\u00e3o de uma economia circular. A substitui\u00e7\u00e3o de ve\u00edculos movidos a combust\u00edveis f\u00f3sseis por alternativas el\u00e9tricas, aliada a pol\u00edticas de reutiliza\u00e7\u00e3o de materiais e reaproveitamento de energia, cria novos setores econ\u00f4micos e empregos verdes. Cidades que implementam frotas el\u00e9tricas em transportes p\u00fablicos e sistemas de compartilhamento reduzem seus custos energ\u00e9ticos e melhoram a qualidade do ar \u2014 fatores essenciais para sua competitividade global.<\/p> <h3 class=\"bkf-blog-h3\">2. Atra\u00e7\u00e3o de investimentos e valoriza\u00e7\u00e3o imobili\u00e1ria<\/h3> <p class=\"bkf-blog-text\">A mobilidade sustent\u00e1vel tem efeito direto na valoriza\u00e7\u00e3o imobili\u00e1ria e na atra\u00e7\u00e3o de investimentos privados. Empresas e investidores internacionais buscam cidades com infraestrutura moderna, conectividade e pol\u00edticas de sustentabilidade. A mobilidade eficiente \u00e9 vista como um indicador de governan\u00e7a urbana, planejamento estrat\u00e9gico e capacidade de inova\u00e7\u00e3o \u2014 crit\u00e9rios fundamentais para a competitividade no cen\u00e1rio global.<\/p> <p class=\"bkf-blog-text\">Estudos do Banco Mundial indicam que cada d\u00f3lar investido em transporte p\u00fablico sustent\u00e1vel retorna at\u00e9 quatro d\u00f3lares em desenvolvimento econ\u00f4mico local. A valoriza\u00e7\u00e3o imobili\u00e1ria em \u00e1reas pr\u00f3ximas a corredores de transporte, ciclovias e zonas de baixa emiss\u00e3o \u00e9 significativa. Isso ocorre porque esses espa\u00e7os se tornam mais acess\u00edveis, seguros e atraentes para moradores, trabalhadores e turistas. Assim, a mobilidade sustent\u00e1vel n\u00e3o apenas melhora a qualidade de vida, mas tamb\u00e9m cria oportunidades econ\u00f4micas concretas.<\/p> <h3 class=\"bkf-blog-subtitulo\">Mobilidade como ativo urbano<\/h3> <p class=\"bkf-blog-text\">A mobilidade sustent\u00e1vel deve ser tratada como um ativo urbano estrat\u00e9gico. Cidades que adotam planos diretores de mobilidade, integrando transporte coletivo, ciclovias e cal\u00e7adas acess\u00edveis, tornam-se mais atrativas para investidores e empresas. Al\u00e9m disso, o transporte sustent\u00e1vel \u00e9 um diferencial competitivo para empreendimentos imobili\u00e1rios, que valorizam o conceito de \"cidade de 15 minutos\", onde o cidad\u00e3o pode acessar trabalho, lazer e servi\u00e7os em curtas dist\u00e2ncias.<\/p> <h3 class=\"bkf-blog-subtitulo\">A influ\u00eancia no turismo e na economia criativa<\/h3> <p class=\"bkf-blog-text\">O turismo sustent\u00e1vel tamb\u00e9m se beneficia de pol\u00edticas de mobilidade. Cidades com boa estrutura ciclovi\u00e1ria e transporte p\u00fablico eficiente atraem turistas conscientes e estimulam o desenvolvimento da economia criativa. O exemplo de Copenhague \u00e9 emblem\u00e1tico: a cidade dinamarquesa transformou a mobilidade sustent\u00e1vel em um s\u00edmbolo de sua identidade e competitividade global. Essa imagem de sustentabilidade refor\u00e7a o posicionamento de cidades que desejam se destacar em rankings de inova\u00e7\u00e3o e qualidade de vida.<\/p> <h3 class=\"bkf-blog-h3\">3. Melhoria da qualidade de vida e produtividade urbana<\/h3> <p class=\"bkf-blog-text\">A mobilidade sustent\u00e1vel melhora significativamente a qualidade de vida dos cidad\u00e3os, fator diretamente ligado \u00e0 competitividade de uma cidade. Ambientes urbanos com menor polui\u00e7\u00e3o sonora, ar limpo e ruas acess\u00edveis s\u00e3o mais agrad\u00e1veis e estimulam a perman\u00eancia de talentos e profissionais qualificados. A mobilidade sustent\u00e1vel, ao integrar transporte coletivo, ciclovi\u00e1rio e pedonal, promove inclus\u00e3o social e reduz desigualdades.<\/p> <p class=\"bkf-blog-text\">Al\u00e9m disso, estudos da Organiza\u00e7\u00e3o Mundial da Sa\u00fade (OMS) apontam que a mobilidade ativa e o uso de transporte coletivo de qualidade reduzem \u00edndices de doen\u00e7as cr\u00f4nicas e estresse. Trabalhadores que utilizam meios de transporte sustent\u00e1veis chegam mais dispostos ao trabalho e apresentam maior produtividade. A longo prazo, isso se traduz em cidades mais inovadoras e competitivas.<\/p> <h3 class=\"bkf-blog-subtitulo\">A mobilidade e o bem-estar social<\/h3> <p class=\"bkf-blog-text\">Cidades que investem em cal\u00e7adas acess\u00edveis, ciclovias seguras e transporte p\u00fablico inclusivo garantem o direito \u00e0 mobilidade a todos os cidad\u00e3os, incluindo idosos e pessoas com defici\u00eancia. Esse fator amplia a coes\u00e3o social e reduz a exclus\u00e3o territorial. Quando a mobilidade \u00e9 tratada como um direito, a cidade se torna mais democr\u00e1tica e humana \u2014 valores essenciais para a constru\u00e7\u00e3o de um ambiente urbano competitivo e sustent\u00e1vel.<\/p> <h3 class=\"bkf-blog-subtitulo\">Produtividade urbana e redu\u00e7\u00e3o de congestionamentos<\/h3> <p class=\"bkf-blog-text\">O tempo gasto em congestionamentos \u00e9 um dos principais inimigos da competitividade urbana. Estima-se que, nas grandes metr\u00f3poles brasileiras, os trabalhadores perdem em m\u00e9dia duas horas por dia em deslocamentos. Pol\u00edticas de mobilidade sustent\u00e1vel, como corredores exclusivos de \u00f4nibus, sistemas de bicicleta compartilhada e incentivos ao teletrabalho, reduzem significativamente esse tempo. Com menos congestionamentos, h\u00e1 aumento da produtividade e redu\u00e7\u00e3o dos custos econ\u00f4micos e ambientais.<\/p> <h3 class=\"bkf-blog-h3\">4. Inova\u00e7\u00e3o tecnol\u00f3gica e cidades inteligentes<\/h3> <p class=\"bkf-blog-text\">A mobilidade sustent\u00e1vel est\u00e1 no centro da transforma\u00e7\u00e3o digital das cidades. A integra\u00e7\u00e3o entre transporte, dados e tecnologia cria um ecossistema de inova\u00e7\u00e3o conhecido como \u201cmobilidade inteligente\u201d. O uso de sensores, aplicativos e plataformas de dados permite que governos e empresas otimizem o tr\u00e1fego, controlem emiss\u00f5es e planejem pol\u00edticas p\u00fablicas baseadas em evid\u00eancias.<\/p> <p class=\"bkf-blog-text\">Al\u00e9m disso, a transi\u00e7\u00e3o para ve\u00edculos el\u00e9tricos e aut\u00f4nomos redefine a matriz energ\u00e9tica e os modelos de neg\u00f3cio urbanos. O conceito de cidade inteligente n\u00e3o se resume \u00e0 tecnologia, mas \u00e0 sua aplica\u00e7\u00e3o estrat\u00e9gica para melhorar a vida dos cidad\u00e3os e aumentar a competitividade econ\u00f4mica. A mobilidade sustent\u00e1vel \u00e9 a base dessa evolu\u00e7\u00e3o, pois conecta efici\u00eancia, inclus\u00e3o e inova\u00e7\u00e3o.<\/p> <h3 class=\"bkf-blog-subtitulo\">Sistemas integrados de mobilidade<\/h3> <p class=\"bkf-blog-text\">Cidades competitivas investem em sistemas integrados de mobilidade, onde diferentes modais se complementam. O transporte p\u00fablico, bicicletas, patinetes e ve\u00edculos el\u00e9tricos compartilham dados e infraestrutura, garantindo efici\u00eancia operacional. Plataformas de MaaS (Mobility as a Service) permitem ao cidad\u00e3o planejar e pagar viagens multimodais de forma unificada, reduzindo custos e aumentando a efici\u00eancia urbana.<\/p> <h3 class=\"bkf-blog-subtitulo\">Inova\u00e7\u00e3o e parcerias p\u00fablico-privadas<\/h3> <p class=\"bkf-blog-text\">O avan\u00e7o da mobilidade sustent\u00e1vel depende tamb\u00e9m de parcerias estrat\u00e9gicas entre governos, startups e empresas privadas. Essas parcerias viabilizam investimentos em infraestrutura e tecnologia, acelerando a transi\u00e7\u00e3o para modelos de transporte limpos e inteligentes. Exemplos como o projeto Bike F\u00e1cil (<a href=\"https:\/\/www.bikefacil.com\" target=\"_blank\">Bike F\u00e1cil<\/a>) demonstram como a colabora\u00e7\u00e3o entre o setor p\u00fablico e o privado pode gerar solu\u00e7\u00f5es inovadoras de micromobilidade e integra\u00e7\u00e3o urbana.<\/p> <h3 class=\"bkf-blog-h3\">5. Sustentabilidade ambiental e imagem internacional<\/h3> <p class=\"bkf-blog-text\">A mobilidade sustent\u00e1vel \u00e9 uma ferramenta essencial na mitiga\u00e7\u00e3o das mudan\u00e7as clim\u00e1ticas. O setor de transporte \u00e9 respons\u00e1vel por cerca de 25% das emiss\u00f5es globais de gases de efeito estufa. Reduzir essa pegada \u00e9 crucial para que as cidades atinjam suas metas de sustentabilidade e se posicionem internacionalmente como centros de inova\u00e7\u00e3o verde.<\/p> <p class=\"bkf-blog-text\">Al\u00e9m de contribuir para o equil\u00edbrio ambiental, pol\u00edticas de mobilidade sustent\u00e1vel fortalecem a imagem das cidades como refer\u00eancias em responsabilidade clim\u00e1tica. Isso atrai investidores, organiza\u00e7\u00f5es internacionais e talentos globais que buscam viver e trabalhar em locais alinhados aos Objetivos de Desenvolvimento Sustent\u00e1vel (ODS) da ONU.<\/p> <hr class=\"bkf-blog-hr\"> <h3 class=\"bkf-blog-h3\">Conclus\u00e3o<\/h3> <p class=\"bkf-blog-text\">A mobilidade sustent\u00e1vel deixou de ser uma pauta restrita \u00e0 agenda ambiental para se tornar um vetor de competitividade urbana. Cidades que integram transporte eficiente, infraestrutura verde e inova\u00e7\u00e3o tecnol\u00f3gica criam um ecossistema mais produtivo, saud\u00e1vel e atrativo. O investimento em mobilidade sustent\u00e1vel \u00e9, portanto, um investimento em prosperidade, inclus\u00e3o e futuro.<\/p> <\/article> <section class=\"bkf-blog-table-container\"> <table class=\"bkf-blog-table\"> <tr class=\"bkf-blog-table-tr\"> <th class=\"bkf-blog-table-th\">Benef\u00edcio<\/th> <th class=\"bkf-blog-table-th\">Impacto Econ\u00f4mico<\/th> <th class=\"bkf-blog-table-th\">Exemplo Pr\u00e1tico<\/th> <\/tr> <tr class=\"bkf-blog-table-tr\"> <td class=\"bkf-blog-table-td\">Redu\u00e7\u00e3o de congestionamentos<\/td> <td class=\"bkf-blog-table-td\">Aumento da produtividade<\/td> <td class=\"bkf-blog-table-td\">Corredores exclusivos de \u00f4nibus<\/td> <\/tr> <tr class=\"bkf-blog-table-tr\"> <td class=\"bkf-blog-table-td\">Valoriza\u00e7\u00e3o imobili\u00e1ria<\/td> <td class=\"bkf-blog-table-td\">Maior arrecada\u00e7\u00e3o urbana<\/td> <td class=\"bkf-blog-table-td\">Ciclovias em \u00e1reas centrais<\/td> <\/tr> <tr class=\"bkf-blog-table-tr\"> <td class=\"bkf-blog-table-td\">Melhoria da sa\u00fade p\u00fablica<\/td> <td class=\"bkf-blog-table-td\">Redu\u00e7\u00e3o de gastos hospitalares<\/td> <td class=\"bkf-blog-table-td\">Promo\u00e7\u00e3o do transporte ativo<\/td> <\/tr> <tr class=\"bkf-blog-table-tr\"> <td class=\"bkf-blog-table-td\">Atra\u00e7\u00e3o de investimentos<\/td> <td class=\"bkf-blog-table-td\">Expans\u00e3o de neg\u00f3cios sustent\u00e1veis<\/td> <td class=\"bkf-blog-table-td\">Cidades com planos de mobilidade<\/td> <\/tr> <tr class=\"bkf-blog-table-tr\"> <td class=\"bkf-blog-table-td\">Imagem internacional<\/td> <td class=\"bkf-blog-table-td\">Fortalecimento da marca urbana<\/td> <td class=\"bkf-blog-table-td\">Ader\u00eancia aos ODS da ONU<\/td> <\/tr> <\/table> <\/section> <article class=\"bkf-blog-main-content\"> <hr class=\"bkf-blog-hr\"> <h3 class=\"bkf-blog-h3\">Saiba mais sobre o assunto:<\/h3> <p class=\"bkf-blog-text\"><a href=\"https:\/\/www.itdpbrasil.org\/\" target=\"_blank\" rel=\"noopener\">ITDP Brasil<\/a> \u2013 Organiza\u00e7\u00e3o de refer\u00eancia em pol\u00edticas de transporte e mobilidade sustent\u00e1vel.<\/p> <p class=\"bkf-blog-text\"><a href=\"https:\/\/www.c40.org\/\" target=\"_blank\" rel=\"noopener\">C40 Cities<\/a> \u2013 Rede global de cidades comprometidas com o enfrentamento das mudan\u00e7as clim\u00e1ticas.<\/p> <ul class=\"bkf-blog-list\"> <\/ol> <\/section><div class=\"fusion-builder-row fusion-builder-row-inner fusion-row fusion-flex-align-items-flex-start fusion-flex-content-wrap\" style=\"width:103% !important;max-width:103% !important;margin-left: calc(-3% \/ 2 );margin-right: calc(-3% \/ 2 );\"><div class=\"fusion-layout-column fusion_builder_column_inner fusion-builder-nested-column-0 fusion_builder_column_inner_1_1 1_1 fusion-flex-column\" style=\"--awb-padding-top:60px;--awb-padding-right:60px;--awb-padding-bottom:40px;--awb-padding-left:60px;--awb-overflow:hidden;--awb-bg-color:var(--awb-color2);--awb-bg-color-hover:var(--awb-color2);--awb-bg-size:cover;--awb-border-color:var(--awb-color5);--awb-border-color-hover:var(--awb-color4);--awb-border-left:5px;--awb-border-style:solid;--awb-border-radius:20px 20px 20px 20px;--awb-width-large:100%;--awb-spacing-right-large:1.455%;--awb-margin-bottom-large:0px;--awb-spacing-left-large:1.455%;--awb-width-medium:100%;--awb-order-medium:0;--awb-spacing-right-medium:1.455%;--awb-spacing-left-medium:1.455%;--awb-width-small:100%;--awb-order-small:0;--awb-spacing-right-small:1.455%;--awb-spacing-left-small:1.455%;\"><div class=\"fusion-column-wrapper fusion-column-has-shadow fusion-flex-justify-content-flex-start fusion-content-layout-column\"><div class=\"fusion-text fusion-text-1\" style=\"--awb-font-size:20px;--awb-line-height:1.6em;--awb-letter-spacing:-0.01em;--awb-text-color:var(--awb-color6);--awb-text-font-family:var(--awb-typography2-font-family);--awb-text-font-weight:var(--awb-typography2-font-weight);--awb-text-font-style:var(--awb-typography2-font-style);\"><p><strong>Vamos agregar valor ao seu projeto!<br \/>\n<\/strong>Entre em contato com a Bike F\u00e1cil, somos especialistas em solu\u00e7\u00f5es de mobilidade ativa. E aproveite para explorar outros artigos no nosso blog sobre infraestrutura ciclovi\u00e1ria, inova\u00e7\u00e3o urbana e sustentabilidade.<\/p>\n<\/div><\/div><\/div><\/div>\n<\/div><\/div><\/div><\/div>\n","protected":false},"excerpt":{"rendered":"<p>Get the latest insights, market trends &#038; inspiration!<\/p>\n","protected":false},"author":8,"featured_media":11060,"comment_status":"closed","ping_status":"closed","sticky":false,"template":"","format":"standard","meta":{"_acf_changed":false,"footnotes":""},"categories":[111],"tags":[189,188,187,158,190],"class_list":["post-11058","post","type-post","status-publish","format-standard","has-post-thumbnail","hentry","category-noticias","tag-bicicleta","tag-esg","tag-mobilidade-ativa","tag-mobilidade-sustentavel","tag-sustentabilidade"],"acf":[],"_links":{"self":[{"href":"https:\/\/bikefacil.com\/?rest_route=\/wp\/v2\/posts\/11058","targetHints":{"allow":["GET"]}}],"collection":[{"href":"https:\/\/bikefacil.com\/?rest_route=\/wp\/v2\/posts"}],"about":[{"href":"https:\/\/bikefacil.com\/?rest_route=\/wp\/v2\/types\/post"}],"author":[{"embeddable":true,"href":"https:\/\/bikefacil.com\/?rest_route=\/wp\/v2\/users\/8"}],"replies":[{"embeddable":true,"href":"https:\/\/bikefacil.com\/?rest_route=%2Fwp%2Fv2%2Fcomments&post=11058"}],"version-history":[{"count":6,"href":"https:\/\/bikefacil.com\/?rest_route=\/wp\/v2\/posts\/11058\/revisions"}],"predecessor-version":[{"id":11066,"href":"https:\/\/bikefacil.com\/?rest_route=\/wp\/v2\/posts\/11058\/revisions\/11066"}],"wp:featuredmedia":[{"embeddable":true,"href":"https:\/\/bikefacil.com\/?rest_route=\/wp\/v2\/media\/11060"}],"wp:attachment":[{"href":"https:\/\/bikefacil.com\/?rest_route=%2Fwp%2Fv2%2Fmedia&parent=11058"}],"wp:term":[{"taxonomy":"category","embeddable":true,"href":"https:\/\/bikefacil.com\/?rest_route=%2Fwp%2Fv2%2Fcategories&post=11058"},{"taxonomy":"post_tag","embeddable":true,"href":"https:\/\/bikefacil.com\/?rest_route=%2Fwp%2Fv2%2Ftags&post=11058"}],"curies":[{"name":"wp","href":"https:\/\/api.w.org\/{rel}","templated":true}]}}