{"id":11067,"date":"2025-10-22T10:04:34","date_gmt":"2025-10-22T13:04:34","guid":{"rendered":"https:\/\/bikefacil.com\/?p=11067"},"modified":"2025-10-22T10:05:15","modified_gmt":"2025-10-22T13:05:15","slug":"turismo-e-mobilidade-sustentavel","status":"publish","type":"post","link":"https:\/\/bikefacil.com\/noticias\/turismo-e-mobilidade-sustentavel\/","title":{"rendered":"Turismo: 7 Beneficios da Mobilidade Sustent\u00e1vel"},"content":{"rendered":"<div class=\"fusion-fullwidth fullwidth-box fusion-builder-row-1 fusion-flex-container has-pattern-background has-mask-background nonhundred-percent-fullwidth non-hundred-percent-height-scrolling\" style=\"--awb-border-radius-top-left:0px;--awb-border-radius-top-right:0px;--awb-border-radius-bottom-right:0px;--awb-border-radius-bottom-left:0px;--awb-margin-top-small:40px;--awb-flex-wrap:wrap;\" ><div class=\"fusion-builder-row fusion-row fusion-flex-align-items-flex-start fusion-flex-content-wrap\" style=\"max-width:1318.4px;margin-left: calc(-3% \/ 2 );margin-right: calc(-3% \/ 2 );\"><div class=\"fusion-layout-column fusion_builder_column fusion-builder-column-0 fusion_builder_column_1_1 1_1 fusion-flex-column blog-conteudo\" style=\"--awb-bg-size:cover;--awb-width-large:100%;--awb-spacing-right-large:1.455%;--awb-margin-bottom-large:60px;--awb-spacing-left-large:1.455%;--awb-width-medium:100%;--awb-order-medium:0;--awb-spacing-right-medium:1.455%;--awb-spacing-left-medium:1.455%;--awb-width-small:100%;--awb-order-small:0;--awb-spacing-right-small:1.455%;--awb-spacing-left-small:1.455%;\"><div class=\"fusion-column-wrapper fusion-column-has-shadow fusion-flex-justify-content-flex-start fusion-content-layout-column\"><div class=\"fusion-separator fusion-has-icon fusion-full-width-sep\" style=\"align-self: center;margin-left: auto;margin-right: auto;margin-top:30px;margin-bottom:30px;width:100%;max-width:100%;\"><div class=\"fusion-separator-border sep-single sep-solid\" style=\"--awb-height:20px;--awb-amount:20px;--awb-sep-color:var(--awb-custom_color_14);border-color:var(--awb-custom_color_14);border-top-width:1px;\"><\/div><span class=\"icon-wrapper\" style=\"border-color:transparent;font-size:26px;width: 1.75em; height: 1.75em;border-width:1px;padding:1px;margin-top:-0.5px\"><i class=\"icon-bkf-BKF_ICONES_1X1_PRETO-96\" style=\"font-size: inherit;color:var(--awb-color6);\" aria-hidden=\"true\"><\/i><\/span><div class=\"fusion-separator-border sep-single sep-solid\" style=\"--awb-height:20px;--awb-amount:20px;--awb-sep-color:var(--awb-custom_color_14);border-color:var(--awb-custom_color_14);border-top-width:1px;\"><\/div><\/div>\n<main class=\"bkf-blog-body\">\n\n<article class=\"bkf-blog-main-content\">\n    <h3 class=\"bkf-blog-h3\">Turismo Sustent\u00e1vel: 7 Benef\u00edcios da Mobilidade Verde para o Futuro das Viagens<\/h3>\n    <p class=\"bkf-blog-text\">\n        O turismo sustent\u00e1vel \u00e9 mais do que uma tend\u00eancia \u2014 \u00e9 uma necessidade para o futuro do planeta. Com o crescimento das viagens internacionais e o aumento da conscientiza\u00e7\u00e3o ambiental, surge uma nova forma de viajar: respons\u00e1vel, equilibrada e conectada com as comunidades locais.\n    <\/p>\n    <p class=\"bkf-blog-text\">\n        Essa transforma\u00e7\u00e3o redefine como os viajantes se deslocam, consomem e interagem com os destinos. Ao priorizar meios de transporte de baixo impacto e valorizar a cultura e o meio ambiente, o setor tur\u00edstico se torna uma for\u00e7a positiva para o desenvolvimento sustent\u00e1vel.\n    <\/p>\n\n    <h3 class=\"bkf-blog-h3\">1. Preserva\u00e7\u00e3o ambiental e valoriza\u00e7\u00e3o dos destinos<\/h3>\n    <p class=\"bkf-blog-text\">\n        O primeiro benef\u00edcio do turismo sustent\u00e1vel est\u00e1 na preserva\u00e7\u00e3o dos ecossistemas e na valoriza\u00e7\u00e3o dos destinos. Ao reduzir o uso de ve\u00edculos poluentes e incentivar a mobilidade ativa \u2014 como bicicletas e caminhadas \u2014, as cidades diminuem a emiss\u00e3o de gases de efeito estufa e tornam o ambiente mais saud\u00e1vel para moradores e visitantes.\n    <\/p>\n    <p class=\"bkf-blog-text\">\n        De acordo com a Organiza\u00e7\u00e3o Mundial do Turismo (OMT), cerca de 10% das emiss\u00f5es globais v\u00eam das viagens. Repensar esse modelo \u00e9 essencial para equilibrar crescimento econ\u00f4mico e prote\u00e7\u00e3o ambiental. Cidades como Amsterd\u00e3 e Copenhague j\u00e1 provaram que \u00e9 poss\u00edvel crescer e, ao mesmo tempo, cuidar do planeta.\n    <\/p>\n\n    <h3 class=\"bkf-blog-h3\">2. Experi\u00eancias mais aut\u00eanticas e humanas<\/h3>\n    <p class=\"bkf-blog-text\">\n        Viagens sustent\u00e1veis oferecem uma conex\u00e3o genu\u00edna com o destino. Ao escolher formas de deslocamento mais lentas e conscientes, como pedalar ou caminhar, o visitante descobre lugares fora do circuito tur\u00edstico tradicional e vive experi\u00eancias \u00fanicas.\n    <\/p>\n    <p class=\"bkf-blog-text\">\n        Essa abordagem valoriza o tempo e a experi\u00eancia. Quem viaja de maneira sustent\u00e1vel aprende a observar detalhes, compreender culturas e respeitar o ritmo do lugar. A mobilidade verde transforma a jornada em parte essencial da experi\u00eancia, e n\u00e3o apenas o meio de chegar a um ponto tur\u00edstico.\n    <\/p>\n\n    <h3 class=\"bkf-blog-h3\">3. Desenvolvimento econ\u00f4mico local e inclus\u00e3o social<\/h3>\n    <p class=\"bkf-blog-text\">\n        O turismo sustent\u00e1vel impulsiona economias locais de forma justa. Ao privilegiar pequenos empreendedores, produtos regionais e iniciativas comunit\u00e1rias, o dinheiro gerado pelas viagens circula na pr\u00f3pria cidade, gerando emprego e renda.\n    <\/p>\n    <p class=\"bkf-blog-text\">\n        Destinos que investem em mobilidade sustent\u00e1vel, como Curitiba e Lisboa, conseguem equilibrar o fluxo de visitantes e reduzir a depend\u00eancia do transporte individual. Al\u00e9m disso, pol\u00edticas p\u00fablicas que favorecem a integra\u00e7\u00e3o entre transporte p\u00fablico e modais leves \u2014 como bicicletas compartilhadas \u2014 tornam as cidades mais acess\u00edveis para todos.\n    <\/p>\n\n    <h3 class=\"bkf-blog-h3\">4. Preserva\u00e7\u00e3o cultural e valoriza\u00e7\u00e3o da identidade local<\/h3>\n    <p class=\"bkf-blog-text\">\n        A sustentabilidade tamb\u00e9m est\u00e1 na forma como o viajante interage com as pessoas e tradi\u00e7\u00f5es locais. Um turismo respons\u00e1vel respeita a hist\u00f3ria, o patrim\u00f4nio e os costumes de cada regi\u00e3o, incentivando a continuidade dessas manifesta\u00e7\u00f5es culturais.\n    <\/p>\n    <p class=\"bkf-blog-text\">\n        Quando o visitante se desloca de forma consciente \u2014 evitando congestionamentos e optando por caminhos menos agressivos ao ambiente \u2014, ele contribui para a preserva\u00e7\u00e3o do espa\u00e7o urbano e rural, mantendo o equil\u00edbrio entre passado e presente.\n    <\/p>\n\n    <h3 class=\"bkf-blog-h3\">5. Redu\u00e7\u00e3o de emiss\u00f5es e combate \u00e0s mudan\u00e7as clim\u00e1ticas<\/h3>\n    <p class=\"bkf-blog-text\">\n        Um dos pilares do turismo sustent\u00e1vel \u00e9 a mobilidade limpa. O transporte \u00e9 respons\u00e1vel por uma grande parte das emiss\u00f5es de carbono relacionadas ao setor de viagens. Incentivar o uso de bicicletas, transporte coletivo el\u00e9trico e ve\u00edculos de baixa emiss\u00e3o \u00e9 essencial para atingir metas globais de neutralidade clim\u00e1tica.\n    <\/p>\n    <p class=\"bkf-blog-text\">\n        No Brasil, iniciativas como a Bike F\u00e1cil demonstram como inova\u00e7\u00e3o e sustentabilidade caminham juntas. Com esta\u00e7\u00f5es de bicicletas el\u00e9tricas compartilhadas e recarga solar, o sistema permite deslocamentos urbanos eficientes e livres de polui\u00e7\u00e3o, contribuindo para cidades mais verdes.\n    <\/p>\n    <p class=\"bkf-blog-text\">\n        Esse tipo de solu\u00e7\u00e3o \u00e9 exemplo de como o turismo e a mobilidade sustent\u00e1vel se conectam para transformar n\u00e3o apenas a experi\u00eancia do visitante, mas tamb\u00e9m o impacto ambiental das cidades.\n    <\/p>\n\n    <h3 class=\"bkf-blog-h3\">6. Atra\u00e7\u00e3o de novos perfis de viajantes<\/h3>\n    <p class=\"bkf-blog-text\">\n        As novas gera\u00e7\u00f5es est\u00e3o moldando o futuro das viagens. Jovens viajantes, especialmente das gera\u00e7\u00f5es Y e Z, buscam experi\u00eancias aut\u00eanticas e sustent\u00e1veis. Mais de 70% dos turistas afirmam que preferem marcas comprometidas com a sustentabilidade ambiental e social.\n    <\/p>\n    <p class=\"bkf-blog-text\">\n        Hot\u00e9is que oferecem bicicletas, transporte compartilhado e alimenta\u00e7\u00e3o de origem local atraem esse p\u00fablico consciente. Cidades e empresas que se adaptam a esse novo perfil ganham relev\u00e2ncia e reputa\u00e7\u00e3o no mercado global.\n    <\/p>\n\n    <h3 class=\"bkf-blog-h3\">7. Constru\u00e7\u00e3o de cidades mais humanas e resilientes<\/h3>\n    <p class=\"bkf-blog-text\">\n        O \u00faltimo grande benef\u00edcio est\u00e1 na transforma\u00e7\u00e3o urbana. Cidades que incentivam a mobilidade ativa \u2014 como caminhar e pedalar \u2014 tornam-se mais seguras, silenciosas e acolhedoras. Essas melhorias n\u00e3o atraem apenas turistas, mas melhoram a vida dos moradores.\n    <\/p>\n    <p class=\"bkf-blog-text\">\n        A mobilidade sustent\u00e1vel cria espa\u00e7os de conviv\u00eancia, reduz o tr\u00e2nsito e melhora a qualidade do ar. \u00c9 uma revolu\u00e7\u00e3o que conecta turismo, sa\u00fade p\u00fablica e planejamento urbano em uma \u00fanica dire\u00e7\u00e3o: um futuro mais humano e colaborativo.\n    <\/p>\n\n    <hr class=\"bkf-blog-hr\">\n\n    <h3 class=\"bkf-blog-h3\">Conclus\u00e3o: o futuro das viagens \u00e9 sustent\u00e1vel<\/h3>\n    <p class=\"bkf-blog-text\">\n        O turismo sustent\u00e1vel \u00e9 o caminho para unir economia, cultura e meio ambiente. \u00c0 medida que governos, empresas e viajantes adotam pr\u00e1ticas mais respons\u00e1veis, o setor se fortalece como um exemplo de inova\u00e7\u00e3o e transforma\u00e7\u00e3o positiva.\n    <\/p>\n    <p class=\"bkf-blog-text\">\n        Escolher meios de transporte sustent\u00e1veis, apoiar neg\u00f3cios locais e respeitar o ritmo dos destinos s\u00e3o atitudes simples que geram grandes mudan\u00e7as. O futuro das viagens \u00e9 verde, inclusivo e colaborativo \u2014 e cada um de n\u00f3s pode ser parte dessa transforma\u00e7\u00e3o.\n    <\/p>\n<\/article>\n\n<section class=\"bkf-blog-table-container\">\n    <table class=\"bkf-blog-table\">\n        <tr class=\"bkf-blog-table-tr\">\n            <th class=\"bkf-blog-table-th\">Benef\u00edcio<\/th>\n            <th class=\"bkf-blog-table-th\">Impacto<\/th>\n            <th class=\"bkf-blog-table-th\">Exemplo<\/th>\n        <\/tr>\n        <tr class=\"bkf-blog-table-tr\">\n            <td class=\"bkf-blog-table-td\">Preserva\u00e7\u00e3o ambiental<\/td>\n            <td class=\"bkf-blog-table-td\">Reduz emiss\u00e3o de poluentes<\/td>\n            <td class=\"bkf-blog-table-td\">Copenhague<\/td>\n        <\/tr>\n        <tr class=\"bkf-blog-table-tr\">\n            <td class=\"bkf-blog-table-td\">Experi\u00eancias aut\u00eanticas<\/td>\n            <td class=\"bkf-blog-table-td\">Conex\u00e3o com comunidades locais<\/td>\n            <td class=\"bkf-blog-table-td\">Lisboa<\/td>\n        <\/tr>\n        <tr class=\"bkf-blog-table-tr\">\n            <td class=\"bkf-blog-table-td\">Desenvolvimento econ\u00f4mico<\/td>\n            <td class=\"bkf-blog-table-td\">Fortalece o com\u00e9rcio local<\/td>\n            <td class=\"bkf-blog-table-td\">Curitiba<\/td>\n        <\/tr>\n        <tr class=\"bkf-blog-table-tr\">\n            <td class=\"bkf-blog-table-td\">Mobilidade limpa<\/td>\n            <td class=\"bkf-blog-table-td\">Reduz a pegada de carbono<\/td>\n            <td class=\"bkf-blog-table-td\">Bike F\u00e1cil<\/td>\n        <\/tr>\n    <\/table>\n<\/section>\n\n<article class=\"bkf-blog-main-content\">\n    <hr class=\"bkf-blog-hr\">\n    <h3 class=\"bkf-blog-h3\">Resumo dos 7 Benef\u00edcios<\/h3>\n    <ul class=\"bkf-blog-list\">\n        <li>Preserva o meio ambiente e os destinos<\/li>\n        <li>Oferece experi\u00eancias aut\u00eanticas<\/li>\n        <li>Estimula economias locais<\/li>\n        <li>Valoriza culturas e tradi\u00e7\u00f5es<\/li>\n        <li>Reduz emiss\u00f5es e polui\u00e7\u00e3o<\/li>\n        <li>Atrai viajantes conscientes<\/li>\n        <li>Cria cidades mais humanas<\/li>\n    <\/ul>\n    <p class=\"bkf-blog-text\">\n        O turismo sustent\u00e1vel \u00e9 uma ponte entre o presente e o futuro das viagens. Ele mostra que \u00e9 poss\u00edvel crescer sem destruir, explorar sem explorar, e viajar sem deixar rastros nocivos ao planeta.\n    <\/p>\n    <hr class=\"bkf-blog-hr\">\n<\/article>\n\n<section class=\"bkf-blog-faq-container\">\n    <h2 class=\"bkf-blog-h2-faq\">Saiba mais sobre o assunto:<\/h2>\n    <ol class=\"bkf-blog-faq-frequente\">\n        <li><a href=\"https:\/\/www.unwto.org\/sustainable-development\" target=\"_blank\" rel=\"noopener\">Organiza\u00e7\u00e3o Mundial do Turismo \u2013 Turismo Sustent\u00e1vel<\/a><\/li>\n        <li><a href=\"https:\/\/www.gov.br\/turismo\" target=\"_blank\" rel=\"noopener\">Minist\u00e9rio do Turismo \u2013 Iniciativas Verdes<\/a><\/li>\n        <li><a href=\"https:\/\/www.bikefacil.com\" target=\"_blank\">Bike F\u00e1cil \u2013 Mobilidade Sustent\u00e1vel e Inova\u00e7\u00e3o<\/a><\/li>\n    <\/ol>\n<\/section>\n\n<\/main>\n<div class=\"fusion-builder-row fusion-builder-row-inner fusion-row fusion-flex-align-items-flex-start fusion-flex-content-wrap\" style=\"width:103% !important;max-width:103% !important;margin-left: calc(-3% \/ 2 );margin-right: calc(-3% \/ 2 );\"><div class=\"fusion-layout-column fusion_builder_column_inner fusion-builder-nested-column-0 fusion_builder_column_inner_1_1 1_1 fusion-flex-column\" style=\"--awb-padding-top:60px;--awb-padding-right:60px;--awb-padding-bottom:40px;--awb-padding-left:60px;--awb-overflow:hidden;--awb-bg-color:var(--awb-color2);--awb-bg-color-hover:var(--awb-color2);--awb-bg-size:cover;--awb-border-color:var(--awb-color5);--awb-border-color-hover:var(--awb-color4);--awb-border-left:5px;--awb-border-style:solid;--awb-border-radius:20px 20px 20px 20px;--awb-width-large:100%;--awb-spacing-right-large:1.455%;--awb-margin-bottom-large:0px;--awb-spacing-left-large:1.455%;--awb-width-medium:100%;--awb-order-medium:0;--awb-spacing-right-medium:1.455%;--awb-spacing-left-medium:1.455%;--awb-width-small:100%;--awb-order-small:0;--awb-spacing-right-small:1.455%;--awb-spacing-left-small:1.455%;\"><div class=\"fusion-column-wrapper fusion-column-has-shadow fusion-flex-justify-content-flex-start fusion-content-layout-column\"><div class=\"fusion-text fusion-text-1\" style=\"--awb-font-size:20px;--awb-line-height:1.6em;--awb-letter-spacing:-0.01em;--awb-text-color:var(--awb-color6);--awb-text-font-family:var(--awb-typography2-font-family);--awb-text-font-weight:var(--awb-typography2-font-weight);--awb-text-font-style:var(--awb-typography2-font-style);\"><p><strong>Vamos agregar valor ao seu projeto!<br \/>\n<\/strong>Entre em contato com a Bike F\u00e1cil, somos especialistas em solu\u00e7\u00f5es de mobilidade ativa. E aproveite para explorar outros artigos no nosso blog sobre infraestrutura ciclovi\u00e1ria, inova\u00e7\u00e3o urbana e sustentabilidade.<\/p>\n<\/div><\/div><\/div><\/div>\n<\/div><\/div><\/div><\/div>\n","protected":false},"excerpt":{"rendered":"<p>Get the latest insights, market trends &#038; inspiration!<\/p>\n","protected":false},"author":8,"featured_media":11076,"comment_status":"closed","ping_status":"closed","sticky":false,"template":"","format":"standard","meta":{"_acf_changed":false,"footnotes":""},"categories":[111],"tags":[189,188,187,158,220,190,218,219],"class_list":["post-11067","post","type-post","status-publish","format-standard","has-post-thumbnail","hentry","category-noticias","tag-bicicleta","tag-esg","tag-mobilidade-ativa","tag-mobilidade-sustentavel","tag-mobilidade-verde","tag-sustentabilidade","tag-turismo","tag-turismo-e-lazer"],"acf":[],"_links":{"self":[{"href":"https:\/\/bikefacil.com\/?rest_route=\/wp\/v2\/posts\/11067","targetHints":{"allow":["GET"]}}],"collection":[{"href":"https:\/\/bikefacil.com\/?rest_route=\/wp\/v2\/posts"}],"about":[{"href":"https:\/\/bikefacil.com\/?rest_route=\/wp\/v2\/types\/post"}],"author":[{"embeddable":true,"href":"https:\/\/bikefacil.com\/?rest_route=\/wp\/v2\/users\/8"}],"replies":[{"embeddable":true,"href":"https:\/\/bikefacil.com\/?rest_route=%2Fwp%2Fv2%2Fcomments&post=11067"}],"version-history":[{"count":6,"href":"https:\/\/bikefacil.com\/?rest_route=\/wp\/v2\/posts\/11067\/revisions"}],"predecessor-version":[{"id":11075,"href":"https:\/\/bikefacil.com\/?rest_route=\/wp\/v2\/posts\/11067\/revisions\/11075"}],"wp:featuredmedia":[{"embeddable":true,"href":"https:\/\/bikefacil.com\/?rest_route=\/wp\/v2\/media\/11076"}],"wp:attachment":[{"href":"https:\/\/bikefacil.com\/?rest_route=%2Fwp%2Fv2%2Fmedia&parent=11067"}],"wp:term":[{"taxonomy":"category","embeddable":true,"href":"https:\/\/bikefacil.com\/?rest_route=%2Fwp%2Fv2%2Fcategories&post=11067"},{"taxonomy":"post_tag","embeddable":true,"href":"https:\/\/bikefacil.com\/?rest_route=%2Fwp%2Fv2%2Ftags&post=11067"}],"curies":[{"name":"wp","href":"https:\/\/api.w.org\/{rel}","templated":true}]}}