{"id":11077,"date":"2025-10-24T13:27:42","date_gmt":"2025-10-24T16:27:42","guid":{"rendered":"https:\/\/bikefacil.com\/?p=11077"},"modified":"2025-12-09T16:26:46","modified_gmt":"2025-12-09T19:26:46","slug":"bicicletario-7-razoes-ambiente-corporativo","status":"publish","type":"post","link":"https:\/\/bikefacil.com\/noticias\/bicicletario-7-razoes-ambiente-corporativo\/","title":{"rendered":"Biciclet\u00e1rio: 7 raz\u00f5es para instalar no ambiente corporativo"},"content":{"rendered":"<div class=\"fusion-fullwidth fullwidth-box fusion-builder-row-1 fusion-flex-container has-pattern-background has-mask-background nonhundred-percent-fullwidth non-hundred-percent-height-scrolling\" style=\"--awb-border-radius-top-left:0px;--awb-border-radius-top-right:0px;--awb-border-radius-bottom-right:0px;--awb-border-radius-bottom-left:0px;--awb-margin-top-small:40px;--awb-flex-wrap:wrap;\" ><div class=\"fusion-builder-row fusion-row fusion-flex-align-items-flex-start fusion-flex-content-wrap\" style=\"max-width:1318.4px;margin-left: calc(-3% \/ 2 );margin-right: calc(-3% \/ 2 );\"><div class=\"fusion-layout-column fusion_builder_column fusion-builder-column-0 fusion_builder_column_1_1 1_1 fusion-flex-column blog-conteudo\" style=\"--awb-bg-size:cover;--awb-width-large:100%;--awb-spacing-right-large:1.455%;--awb-margin-bottom-large:60px;--awb-spacing-left-large:1.455%;--awb-width-medium:100%;--awb-order-medium:0;--awb-spacing-right-medium:1.455%;--awb-spacing-left-medium:1.455%;--awb-width-small:100%;--awb-order-small:0;--awb-spacing-right-small:1.455%;--awb-spacing-left-small:1.455%;\"><div class=\"fusion-column-wrapper fusion-column-has-shadow fusion-flex-justify-content-flex-start fusion-content-layout-column\"><div class=\"fusion-separator fusion-has-icon fusion-full-width-sep\" style=\"align-self: center;margin-left: auto;margin-right: auto;margin-top:30px;margin-bottom:30px;width:100%;max-width:100%;\"><div class=\"fusion-separator-border sep-single sep-solid\" style=\"--awb-height:20px;--awb-amount:20px;--awb-sep-color:var(--awb-custom_color_14);border-color:var(--awb-custom_color_14);border-top-width:1px;\"><\/div><span class=\"icon-wrapper\" style=\"border-color:transparent;font-size:26px;width: 1.75em; height: 1.75em;border-width:1px;padding:1px;margin-top:-0.5px\"><i class=\"icon-bkf-BKF_ICONES_1X1_PRETO-96\" style=\"font-size: inherit;color:var(--awb-color6);\" aria-hidden=\"true\"><\/i><\/span><div class=\"fusion-separator-border sep-single sep-solid\" style=\"--awb-height:20px;--awb-amount:20px;--awb-sep-color:var(--awb-custom_color_14);border-color:var(--awb-custom_color_14);border-top-width:1px;\"><\/div><\/div>\n<h1 style=\"text-align: left;\">Biciclet\u00e1rio: 7 raz\u00f5es para instalar no ambiente corporativo<\/h1>\n\n<p>No cen\u00e1rio atual de mobilidade urbana e sustentabilidade, a ado\u00e7\u00e3o de solu\u00e7\u00f5es ativas n\u00e3o \u00e9 apenas uma tend\u00eancia \u2014 \u00e9 uma necessidade corporativa estrat\u00e9gica. O investimento em um biciclet\u00e1rio corporativo representa muito mais do que um espa\u00e7o de estacionamento para bicicletas: ele se insere como pe\u00e7a-chave na agenda de ESG (Ambiental, Social e Governan\u00e7a), no engajamento de colaboradores, na reten\u00e7\u00e3o de talentos e na otimiza\u00e7\u00e3o operacional. Para empresas que atuam no segmento B2B e desejam incorporar pr\u00e1ticas de mobilidade sustent\u00e1vel \u2014 assim como a <a href=\"https:\/\/www.bikefacil.com\" target=\"_blank\" rel=\"noopener dofollow\">Bike F\u00e1cil<\/a> \u2014 este \u00e9 um tema de alta relev\u00e2ncia.<\/p>\n\n<p>Neste artigo, vamos explorar 7 raz\u00f5es pelas quais sua empresa deve considerar a instala\u00e7\u00e3o de um biciclet\u00e1rio corporativo, como projetar esse ambiente, quais crit\u00e9rios de escolha adotar e como mensurar os resultados.<\/p>\n\n<h2 style=\"text-align: left;\">1. Promove e fortalece a pauta ESG<\/h2>\n\n<h3 style=\"text-align: left;\">Ambiental<\/h3>\n<p>Instalar um biciclet\u00e1rio ajuda sua empresa a reduzir a pegada de carbono. Ao incentivar colaboradores a pedalar, voc\u00ea diminui a depend\u00eancia de autom\u00f3veis, contribuindo diretamente para os Objetivos de Desenvolvimento Sustent\u00e1vel (ODS), como \u201cCidades e Comunidades Sustent\u00e1veis\u201d (ODS 11) e \u201cA\u00e7\u00e3o contra a mudan\u00e7a global do clima\u201d (ODS 13). De acordo com a <a href=\"https:\/\/www.gov.br\/antt\/pt-br\/assuntos\/noticias\/mobilidade-sustentavel-e-o-uso-da-bicicleta\" target=\"_blank\" rel=\"noopener dofollow\">Ag\u00eancia Nacional de Transportes Terrestres (ANTT)<\/a>, o uso da bicicleta \u00e9 uma das principais ferramentas para uma mobilidade mais limpa e eficiente nas cidades.<\/p>\n\n<h3 style=\"text-align: left;\">Social<\/h3>\n<p>Um espa\u00e7o seguro e bem-projetado para bicicletas demonstra cuidado com o bem-estar dos colaboradores, estimulando h\u00e1bitos saud\u00e1veis e ativos. Isso aumenta o engajamento e refor\u00e7a a imagem de uma empresa moderna e preocupada com as pessoas que fazem parte dela.<\/p>\n\n<h3 style=\"text-align: left;\">Governan\u00e7a<\/h3>\n<p>Ter infraestrutura de apoio \u00e0 mobilidade sustent\u00e1vel mostra que a empresa pensa estrategicamente em longo prazo. Al\u00e9m disso, promove compliance com legisla\u00e7\u00f5es cada vez mais comuns que exigem espa\u00e7os para bicicletas em empreendimentos. Segundo a pr\u00f3pria <a href=\"https:\/\/www.bikefacil.com\" target=\"_blank\" rel=\"noopener dofollow\">Bike F\u00e1cil<\/a>, \u201cem diversas cidades, a instala\u00e7\u00e3o de biciclet\u00e1rio em pr\u00e9dios comerciais \u00e9 obrigat\u00f3ria\u201d.<\/p>\n\n<p><strong>Por que isso interessa ao p\u00fablico B2B?<\/strong>  \nQuando voc\u00ea vende para outras empresas \u2014 incorporadoras, facilities, parques corporativos ou redes de servi\u00e7os \u2014 essas raz\u00f5es se transformam em argumentos de valor agregado. Um cliente pode decidir investir no biciclet\u00e1rio como diferencial competitivo ou como requisito para certifica\u00e7\u00f5es sustent\u00e1veis, como o <a href=\"https:\/\/www.gbcbrasil.org.br\/leed\/\" target=\"_blank\" rel=\"noopener dofollow\">LEED<\/a> do Green Building Council Brasil.<\/p>\n\n<h2 style=\"text-align: left;\">2. Melhora o engajamento e a satisfa\u00e7\u00e3o dos colaboradores<\/h2>\n\n<p>Ambientes empresariais que favorecem a mobilidade ativa tendem a obter vantagens no clima organizacional. Quando os colaboradores percebem que a empresa se importa com sua mobilidade e bem-estar, a satisfa\u00e7\u00e3o aumenta.  \nUm biciclet\u00e1rio bem projetado oferece seguran\u00e7a, acessibilidade e comodidade \u2014 reduzindo barreiras para quem pedala. Al\u00e9m disso, o uso frequente da bicicleta reduz o estresse do tr\u00e2nsito, melhora a sa\u00fade f\u00edsica e fortalece a cultura de inova\u00e7\u00e3o interna.<\/p>\n\n<p>Para o setor B2B, comunicar esse benef\u00edcio aos decisores \u2014 de RH, facilities e sustentabilidade \u2014 significa mostrar que o biciclet\u00e1rio \u00e9 um investimento em capital humano, e n\u00e3o apenas uma estrutura f\u00edsica.<\/p>\n\n<h2 style=\"text-align: left;\">3. Valoriza o im\u00f3vel e o portf\u00f3lio corporativo<\/h2>\n\n<p>Empresas que possuem sede pr\u00f3pria, campus ou complexos corporativos ganham valoriza\u00e7\u00e3o imobili\u00e1ria ao instalar biciclet\u00e1rios de qualidade. Incorporadoras e administradoras de im\u00f3veis percebem um diferencial competitivo para loca\u00e7\u00e3o e atra\u00e7\u00e3o de inquilinos.  \nSegundo a <a href=\"https:\/\/www.bikefacil.com\" target=\"_blank\" rel=\"noopener dofollow\">Bike F\u00e1cil<\/a>, seus \u201cbiciclet\u00e1rios e paraciclos\u201d s\u00e3o projetados com ergonomia, seguran\u00e7a e personaliza\u00e7\u00e3o \u2014 agregando est\u00e9tica e funcionalidade.  \nAo incluir um biciclet\u00e1rio nos projetos corporativos, os argumentos comerciais passam a envolver sustentabilidade, reten\u00e7\u00e3o de talentos e diferenciais em certifica\u00e7\u00f5es verdes.<\/p>\n\n<h2 style=\"text-align: left;\">4. Otimiza\u00e7\u00e3o de espa\u00e7o e redu\u00e7\u00e3o de custos<\/h2>\n\n<p>O biciclet\u00e1rio corporativo pode gerar economia significativa. Vagas de autom\u00f3veis demandam alto investimento e manuten\u00e7\u00e3o, enquanto o espa\u00e7o para bicicletas \u00e9 mais econ\u00f4mico e eficiente.  \nAl\u00e9m disso, a infraestrutura adequada evita danos, furtos e desorganiza\u00e7\u00e3o, otimizando o uso do espa\u00e7o. Empresas que substituem parte dos autom\u00f3veis por bicicletas internas reduzem custos de deslocamento e opera\u00e7\u00e3o.<\/p>\n\n<p>Ao comunicar esse benef\u00edcio, destaque o retorno financeiro (ROI) e a efici\u00eancia espacial como argumentos decisivos para o p\u00fablico corporativo.<\/p>\n\n<h2 style=\"text-align: left;\">5. Atende exig\u00eancias regulat\u00f3rias e certifica\u00e7\u00f5es<\/h2>\n\n<p>A obrigatoriedade de instala\u00e7\u00e3o de biciclet\u00e1rios em diversos munic\u00edpios brasileiros \u00e9 um fator essencial no contexto B2B. Como aponta a <a href=\"https:\/\/www.bikefacil.com\" target=\"_blank\" rel=\"noopener dofollow\">Bike F\u00e1cil<\/a>, \u201cem diversas cidades, \u00e9 obrigat\u00f3rio ter biciclet\u00e1rio em pr\u00e9dios comerciais\u201d.  \nCertifica\u00e7\u00f5es como LEED, WELL e AQUA-H tamb\u00e9m exigem infraestrutura de mobilidade ativa, refor\u00e7ando o compromisso da empresa com a sustentabilidade.  \nDessa forma, o biciclet\u00e1rio se torna parte da estrat\u00e9gia de compliance e de redu\u00e7\u00e3o de riscos regulat\u00f3rios.<\/p>\n\n<h2 style=\"text-align: left;\">6. Melhora a imagem da empresa e refor\u00e7a o posicionamento em mobilidade sustent\u00e1vel<\/h2>\n\n<p>Empresas inovadoras e conectadas com a economia verde se destacam quando investem em mobilidade sustent\u00e1vel. O biciclet\u00e1rio \u00e9 uma demonstra\u00e7\u00e3o pr\u00e1tica desse compromisso.  \nA <a href=\"https:\/\/www.bikefacil.com\" target=\"_blank\" rel=\"noopener dofollow\">Bike F\u00e1cil<\/a> tem como prop\u00f3sito \u201ctornar as cidades mais cicl\u00e1veis, sustent\u00e1veis e conectadas\u201d, e suas solu\u00e7\u00f5es ajudam empresas a traduzirem esse prop\u00f3sito em a\u00e7\u00f5es concretas.<\/p>\n\n<p>Ao comunicar a instala\u00e7\u00e3o de um biciclet\u00e1rio, vincule o projeto \u00e0 miss\u00e3o e aos valores da marca-cliente \u2014 refor\u00e7ando seu posicionamento como empresa que cuida do meio ambiente e das pessoas.<\/p>\n\n<h2 style=\"text-align: left;\">7. Dados e monitoramento para tomada de decis\u00e3o<\/h2>\n\n<p>Os biciclet\u00e1rios modernos podem incorporar tecnologia de monitoramento, sensores e integra\u00e7\u00e3o com aplicativos, permitindo mensurar uso e impactos ambientais.  \nA <a href=\"https:\/\/www.bikefacil.com\" target=\"_blank\" rel=\"noopener dofollow\">Bike F\u00e1cil<\/a> destaca o uso de \u201ctecnologia pr\u00f3pria e produ\u00e7\u00e3o nacional\u201d, gerando dados que auxiliam em relat\u00f3rios de sustentabilidade e ESG.  \nEsses indicadores \u2014 como redu\u00e7\u00e3o de CO\u2082, n\u00famero de usu\u00e1rios e frequ\u00eancia de uso \u2014 s\u00e3o fundamentais para justificar investimentos e comunicar resultados de forma transparente.<\/p>\n\n<h2 style=\"text-align: left;\">Como projetar um biciclet\u00e1rio corporativo eficiente<\/h2>\n\n<h3 style=\"text-align: left;\">1. Dimensionamento e localiza\u00e7\u00e3o<\/h3>\n<p>Calcule a demanda de vagas com base no n\u00famero de colaboradores e no potencial de ades\u00e3o. Instale o biciclet\u00e1rio em local acess\u00edvel, iluminado e pr\u00f3ximo \u00e0 entrada principal.<\/p>\n\n<h3 style=\"text-align: left;\">2. Tipos de estrutura e seguran\u00e7a<\/h3>\n<p>H\u00e1 modelos verticais, horizontais e suspensos \u2014 cada um com vantagens espec\u00edficas. Escolha materiais resistentes e sistemas de fixa\u00e7\u00e3o seguros. A <a href=\"https:\/\/www.bikefacil.com\" target=\"_blank\" rel=\"noopener dofollow\">Bike F\u00e1cil<\/a> oferece diferentes op\u00e7\u00f5es personaliz\u00e1veis.<\/p>\n\n<h3 style=\"text-align: left;\">3. Conforto e comodidade<\/h3>\n<p>Inclua bancos, vesti\u00e1rios, arm\u00e1rios e bombas de ar. Esses detalhes aumentam a ado\u00e7\u00e3o e refor\u00e7am o valor percebido pelos ciclistas.<\/p>\n\n<h3 style=\"text-align: left;\">4. Integra\u00e7\u00e3o ao plano de mobilidade<\/h3>\n<p>O biciclet\u00e1rio deve integrar-se ao plano de mobilidade corporativa, campanhas de incentivo e comunica\u00e7\u00e3o interna sobre rotas seguras e benef\u00edcios do pedal.<\/p>\n\n<h3 style=\"text-align: left;\">5. Mensura\u00e7\u00e3o e relat\u00f3rios<\/h3>\n<p>Defina indicadores: n\u00famero de bicicletas por dia, emiss\u00f5es evitadas, economia em estacionamento e satisfa\u00e7\u00e3o dos colaboradores. Utilize esses dados em relat\u00f3rios de sustentabilidade e marketing.<\/p>\n\n<h2 style=\"text-align: left;\">Exemplos de bons argumentos para o p\u00fablico B2B<\/h2>\n\n<ul>\n<li>\u201cInstalando o biciclet\u00e1rio, somamos toneladas de CO\u2082 evitadas ao portf\u00f3lio de sustentabilidade.\u201d<\/li>\n<li>\u201cEsse ambiente se torna um benef\u00edcio corporativo, fortalecendo a reten\u00e7\u00e3o de talentos.\u201d<\/li>\n<li>\u201cO biciclet\u00e1rio contribui diretamente para certifica\u00e7\u00f5es como LEED e WELL.\u201d<\/li>\n<li>\u201cCom sensores, \u00e9 poss\u00edvel monitorar o uso e gerar relat\u00f3rios ESG precisos.\u201d<\/li>\n<\/ul>\n\n<h2 style=\"text-align: left;\">Cases e resultados reais<\/h2>\n\n<p>A <a href=\"https:\/\/www.bikefacil.com\" target=\"_blank\" rel=\"noopener dofollow\">Bike F\u00e1cil<\/a> tem presen\u00e7a nacional, com solu\u00e7\u00f5es implantadas em mais de 50 cidades e 15 estados do Brasil. Esse hist\u00f3rico refor\u00e7a a confiabilidade e o impacto de suas solu\u00e7\u00f5es em mobilidade urbana sustent\u00e1vel.<\/p>\n\n<h2 style=\"text-align: left;\">Obst\u00e1culos comuns e como super\u00e1-los<\/h2>\n\n<h3 style=\"text-align: left;\">Resist\u00eancia cultural<\/h3>\n<p>Crie campanhas internas, incentive \u201cdias sem carro\u201d e ofere\u00e7a benef\u00edcios para quem pedala.<\/p>\n\n<h3 style=\"text-align: left;\">Limita\u00e7\u00f5es de espa\u00e7o<\/h3>\n<p>Em locais pequenos, opte por biciclet\u00e1rios verticais, suspensos ou modulares, como os desenvolvidos pela <a href=\"https:\/\/www.bikefacil.com\" target=\"_blank\" rel=\"noopener dofollow\">Bike F\u00e1cil<\/a>.<\/p>\n\n<h3 style=\"text-align: left;\">Seguran\u00e7a e manuten\u00e7\u00e3o<\/h3>\n<p>Invista em ilumina\u00e7\u00e3o, c\u00e2meras e manuten\u00e7\u00e3o preventiva para evitar o subuso da estrutura.<\/p>\n\n<h3 style=\"text-align: left;\">Mensura\u00e7\u00e3o insuficiente<\/h3>\n<p>Implemente sistemas de monitoramento desde o in\u00edcio, garantindo m\u00e9tricas de uso e impacto sustent\u00e1vel.<\/p>\n\n<h2 style=\"text-align: left;\">Conclus\u00e3o<\/h2>\n\n<p>Instalar um biciclet\u00e1rio corporativo \u00e9 uma decis\u00e3o estrat\u00e9gica que une mobilidade, sustentabilidade, engajamento e economia. Para empresas que atuam no segmento B2B, solu\u00e7\u00f5es como as da <a href=\"https:\/\/www.bikefacil.com\" target=\"_blank\" rel=\"noopener dofollow\">Bike F\u00e1cil<\/a> agregam valor e credibilidade \u00e0 marca.  \nMais do que uma estrutura f\u00edsica, o biciclet\u00e1rio representa um s\u00edmbolo de inova\u00e7\u00e3o e compromisso com o futuro das cidades.<\/p>\n\n<p><strong>Pr\u00f3ximos passos:<\/strong><\/p>\n<ul>\n<li>Mapear o perfil dos colaboradores e estimar a demanda.<\/li>\n<li>Analisar o espa\u00e7o e escolher o modelo ideal.<\/li>\n<li>Integrar o projeto aos setores de sustentabilidade, facilities e RH.<\/li>\n<li>Definir indicadores e cronograma de implanta\u00e7\u00e3o.<\/li>\n<li>Escolher fornecedor especializado, como a <a href=\"https:\/\/www.bikefacil.com\" target=\"_blank\" rel=\"noopener dofollow\">Bike F\u00e1cil<\/a>.<\/li>\n<\/ul>\n\n<p>Investir em um biciclet\u00e1rio hoje \u00e9 preparar sua empresa para o futuro da mobilidade \u2014 e comunicar isso aos stakeholders gera reconhecimento e valor duradouro.<\/p>\n<div class=\"fusion-builder-row fusion-builder-row-inner fusion-row fusion-flex-align-items-flex-start fusion-flex-content-wrap\" style=\"width:103% !important;max-width:103% !important;margin-left: calc(-3% \/ 2 );margin-right: calc(-3% \/ 2 );\"><div class=\"fusion-layout-column fusion_builder_column_inner fusion-builder-nested-column-0 fusion_builder_column_inner_1_1 1_1 fusion-flex-column\" style=\"--awb-padding-top:60px;--awb-padding-right:60px;--awb-padding-bottom:40px;--awb-padding-left:60px;--awb-overflow:hidden;--awb-bg-color:var(--awb-color2);--awb-bg-color-hover:var(--awb-color2);--awb-bg-size:cover;--awb-border-color:var(--awb-color5);--awb-border-color-hover:var(--awb-color4);--awb-border-left:5px;--awb-border-style:solid;--awb-border-radius:20px 20px 20px 20px;--awb-width-large:100%;--awb-spacing-right-large:1.455%;--awb-margin-bottom-large:0px;--awb-spacing-left-large:1.455%;--awb-width-medium:100%;--awb-order-medium:0;--awb-spacing-right-medium:1.455%;--awb-spacing-left-medium:1.455%;--awb-width-small:100%;--awb-order-small:0;--awb-spacing-right-small:1.455%;--awb-spacing-left-small:1.455%;\"><div class=\"fusion-column-wrapper fusion-column-has-shadow fusion-flex-justify-content-flex-start fusion-content-layout-column\"><div class=\"fusion-text fusion-text-1\" style=\"--awb-font-size:20px;--awb-line-height:1.6em;--awb-letter-spacing:-0.01em;--awb-text-color:var(--awb-color6);--awb-text-font-family:var(--awb-typography2-font-family);--awb-text-font-weight:var(--awb-typography2-font-weight);--awb-text-font-style:var(--awb-typography2-font-style);\"><p><strong>Vamos agregar valor ao seu projeto!<br \/>\n<\/strong>Entre em contato com a Bike F\u00e1cil, somos especialistas em solu\u00e7\u00f5es de mobilidade ativa. E aproveite para explorar outros artigos no nosso blog sobre infraestrutura ciclovi\u00e1ria, inova\u00e7\u00e3o urbana e sustentabilidade.<\/p>\n<\/div><\/div><\/div><\/div>\n<\/div><\/div><\/div><\/div>\n","protected":false},"excerpt":{"rendered":"<p>Get the latest insights, market trends &#038; inspiration!<\/p>\n","protected":false},"author":8,"featured_media":11078,"comment_status":"closed","ping_status":"closed","sticky":false,"template":"","format":"standard","meta":{"_acf_changed":false,"footnotes":""},"categories":[111],"tags":[189,113,161,188,187,209,158,220,190],"class_list":["post-11077","post","type-post","status-publish","format-standard","has-post-thumbnail","hentry","category-noticias","tag-bicicleta","tag-bicicletario","tag-bicicletario-corporativo","tag-esg","tag-mobilidade-ativa","tag-mobilidade-corporativa","tag-mobilidade-sustentavel","tag-mobilidade-verde","tag-sustentabilidade"],"acf":[],"_links":{"self":[{"href":"https:\/\/bikefacil.com\/?rest_route=\/wp\/v2\/posts\/11077","targetHints":{"allow":["GET"]}}],"collection":[{"href":"https:\/\/bikefacil.com\/?rest_route=\/wp\/v2\/posts"}],"about":[{"href":"https:\/\/bikefacil.com\/?rest_route=\/wp\/v2\/types\/post"}],"author":[{"embeddable":true,"href":"https:\/\/bikefacil.com\/?rest_route=\/wp\/v2\/users\/8"}],"replies":[{"embeddable":true,"href":"https:\/\/bikefacil.com\/?rest_route=%2Fwp%2Fv2%2Fcomments&post=11077"}],"version-history":[{"count":3,"href":"https:\/\/bikefacil.com\/?rest_route=\/wp\/v2\/posts\/11077\/revisions"}],"predecessor-version":[{"id":11214,"href":"https:\/\/bikefacil.com\/?rest_route=\/wp\/v2\/posts\/11077\/revisions\/11214"}],"wp:featuredmedia":[{"embeddable":true,"href":"https:\/\/bikefacil.com\/?rest_route=\/wp\/v2\/media\/11078"}],"wp:attachment":[{"href":"https:\/\/bikefacil.com\/?rest_route=%2Fwp%2Fv2%2Fmedia&parent=11077"}],"wp:term":[{"taxonomy":"category","embeddable":true,"href":"https:\/\/bikefacil.com\/?rest_route=%2Fwp%2Fv2%2Fcategories&post=11077"},{"taxonomy":"post_tag","embeddable":true,"href":"https:\/\/bikefacil.com\/?rest_route=%2Fwp%2Fv2%2Ftags&post=11077"}],"curies":[{"name":"wp","href":"https:\/\/api.w.org\/{rel}","templated":true}]}}