{"id":11082,"date":"2025-10-27T10:30:43","date_gmt":"2025-10-27T13:30:43","guid":{"rendered":"https:\/\/bikefacil.com\/?p=11082"},"modified":"2025-10-27T10:31:08","modified_gmt":"2025-10-27T13:31:08","slug":"saude-publica-estrategias-mobilidade-urbana","status":"publish","type":"post","link":"https:\/\/bikefacil.com\/noticias\/saude-publica-estrategias-mobilidade-urbana\/","title":{"rendered":"Turismo: 7 Beneficios da Mobilidade Sustent\u00e1vel"},"content":{"rendered":"<div class=\"fusion-fullwidth fullwidth-box fusion-builder-row-1 fusion-flex-container has-pattern-background has-mask-background nonhundred-percent-fullwidth non-hundred-percent-height-scrolling\" style=\"--awb-border-radius-top-left:0px;--awb-border-radius-top-right:0px;--awb-border-radius-bottom-right:0px;--awb-border-radius-bottom-left:0px;--awb-margin-top-small:40px;--awb-flex-wrap:wrap;\" ><div class=\"fusion-builder-row fusion-row fusion-flex-align-items-flex-start fusion-flex-content-wrap\" style=\"max-width:1318.4px;margin-left: calc(-3% \/ 2 );margin-right: calc(-3% \/ 2 );\"><div class=\"fusion-layout-column fusion_builder_column fusion-builder-column-0 fusion_builder_column_1_1 1_1 fusion-flex-column blog-conteudo\" style=\"--awb-bg-size:cover;--awb-width-large:100%;--awb-spacing-right-large:1.455%;--awb-margin-bottom-large:60px;--awb-spacing-left-large:1.455%;--awb-width-medium:100%;--awb-order-medium:0;--awb-spacing-right-medium:1.455%;--awb-spacing-left-medium:1.455%;--awb-width-small:100%;--awb-order-small:0;--awb-spacing-right-small:1.455%;--awb-spacing-left-small:1.455%;\"><div class=\"fusion-column-wrapper fusion-column-has-shadow fusion-flex-justify-content-flex-start fusion-content-layout-column\"><div class=\"fusion-separator fusion-has-icon fusion-full-width-sep\" style=\"align-self: center;margin-left: auto;margin-right: auto;margin-top:30px;margin-bottom:30px;width:100%;max-width:100%;\"><div class=\"fusion-separator-border sep-single sep-solid\" style=\"--awb-height:20px;--awb-amount:20px;--awb-sep-color:var(--awb-custom_color_14);border-color:var(--awb-custom_color_14);border-top-width:1px;\"><\/div><span class=\"icon-wrapper\" style=\"border-color:transparent;font-size:26px;width: 1.75em; height: 1.75em;border-width:1px;padding:1px;margin-top:-0.5px\"><i class=\"icon-bkf-BKF_ICONES_1X1_PRETO-96\" style=\"font-size: inherit;color:var(--awb-color6);\" aria-hidden=\"true\"><\/i><\/span><div class=\"fusion-separator-border sep-single sep-solid\" style=\"--awb-height:20px;--awb-amount:20px;--awb-sep-color:var(--awb-custom_color_14);border-color:var(--awb-custom_color_14);border-top-width:1px;\"><\/div><\/div>\n<!DOCTYPE html>\n<html lang=\"pt-BR\">\n<head>\n<meta charset=\"UTF-8\">\n<meta name=\"viewport\" content=\"width=device-width, initial-scale=1.0\">\n<title>Mobilidade urbana e sa\u00fade p\u00fablica: como as cidades podem reduzir custos com preven\u00e7\u00e3o<\/title>\n<style>\n  h1, h2, h3 {\n    text-align: left;\n    margin-left: 0;\n  }\n  article {\n    max-width: 900px;\n    margin: auto;\n    font-family: 'Helvetica Neue', Arial, sans-serif;\n    line-height: 1.7;\n    color: #222;\n  }\n  p {\n    margin-bottom: 1.2em;\n  }\n  table {\n    width: 100%;\n    border-collapse: collapse;\n    margin: 1em 0;\n  }\n  th, td {\n    border: 1px solid #ddd;\n    padding: 8px 12px;\n  }\n  th {\n    background-color: #f5f5f5;\n  }\n  a {\n    color: #0077cc;\n    text-decoration: none;\n  }\n  a:hover {\n    text-decoration: underline;\n  }\n<\/style>\n<\/head>\n\n<body>\n<article>\n\n<h1>Mobilidade urbana e sa\u00fade p\u00fablica: como as cidades podem reduzir custos com preven\u00e7\u00e3o<\/h1>\n\n<p>Nas cidades modernas, a <strong>sa\u00fade p\u00fablica<\/strong> e a mobilidade urbana caminham lado a lado. Cada decis\u00e3o sobre transporte, infraestrutura e planejamento urbano influencia diretamente o bem-estar coletivo e os gastos com o sistema de sa\u00fade. A rela\u00e7\u00e3o entre transporte sustent\u00e1vel e qualidade de vida vem ganhando destaque entre gestores p\u00fablicos e empresas, que percebem o impacto financeiro e social de pol\u00edticas que priorizam o movimento, a preven\u00e7\u00e3o e a sustentabilidade.<\/p>\n\n<p>Em um cen\u00e1rio onde doen\u00e7as cr\u00f4nicas n\u00e3o transmiss\u00edveis \u2014 como diabetes, hipertens\u00e3o e obesidade \u2014 consomem at\u00e9 70% do or\u00e7amento da <strong>sa\u00fade p\u00fablica<\/strong>, investir em mobilidade ativa tornou-se uma das formas mais eficazes de preven\u00e7\u00e3o. A pr\u00e1tica de atividades f\u00edsicas cotidianas, como caminhar e pedalar, reduz riscos de doen\u00e7as, melhora o humor e diminui a sobrecarga nos hospitais.<\/p>\n\n<p>Ao incentivar deslocamentos sustent\u00e1veis, governos e empresas reduzem congestionamentos, emiss\u00f5es e custos hospitalares. Cidades que apostam em ciclovias, biciclet\u00e1rios e pol\u00edticas de transporte ativo est\u00e3o colhendo benef\u00edcios econ\u00f4micos e sociais concretos \u2014 um verdadeiro investimento em qualidade de vida e efici\u00eancia urbana.<\/p>\n\n<h2>1. Por que a mobilidade urbana \u00e9 uma quest\u00e3o de sa\u00fade p\u00fablica<\/h2>\n\n<p>A Organiza\u00e7\u00e3o Mundial da Sa\u00fade (OMS) reconhece que <strong>mobilidade urbana e sa\u00fade p\u00fablica<\/strong> s\u00e3o dimens\u00f5es indissoci\u00e1veis. Em seu relat\u00f3rio <em>Linking Health and Urban Planning<\/em>, a OMS afirma que o incentivo \u00e0 mobilidade ativa \u201creduz o risco de doen\u00e7as cr\u00f4nicas e gera economia significativa nos sistemas de sa\u00fade\u201d.<\/p>\n\n<p>Quando o cidad\u00e3o troca o carro pela bicicleta, o impacto \u00e9 direto:<\/p>\n\n<ul>\n  <li>Menos polui\u00e7\u00e3o e ru\u00eddo ambiental;<\/li>\n  <li>Melhora cardiovascular e mental;<\/li>\n  <li>Redu\u00e7\u00e3o de interna\u00e7\u00f5es e gastos com medicamentos.<\/li>\n<\/ul>\n\n<p>Mas o benef\u00edcio vai al\u00e9m do indiv\u00edduo. Uma cidade que planeja espa\u00e7os para pedalar e caminhar reduz custos coletivos com doen\u00e7as e aumenta a produtividade da popula\u00e7\u00e3o economicamente ativa. Segundo a EIT Urban Mobility, cidades que investem em mobilidade sustent\u00e1vel podem economizar at\u00e9 \u20ac79 bilh\u00f5es em custos de sa\u00fade evitados at\u00e9 2030.<\/p>\n\n<p>Iniciativas nacionais tamb\u00e9m apontam nessa dire\u00e7\u00e3o. A <a href=\"https:\/\/www.gov.br\/antt\/pt-br\/assuntos\/noticias\/mobilidade-sustentavel-e-o-uso-da-bicicleta\" target=\"_blank\" rel=\"dofollow noopener\">Ag\u00eancia Nacional de Transportes Terrestres (ANTT)<\/a> vem destacando a import\u00e2ncia da bicicleta como instrumento de inclus\u00e3o, sustentabilidade e preven\u00e7\u00e3o em sa\u00fade.<\/p>\n\n<h2>2. Os custos invis\u00edveis da imobilidade<\/h2>\n\n<p>A inatividade f\u00edsica \u00e9 hoje um dos maiores desafios da <strong>sa\u00fade p\u00fablica<\/strong>. Segundo a OMS, cerca de 5 milh\u00f5es de mortes por ano est\u00e3o relacionadas \u00e0 falta de atividade f\u00edsica. No Brasil, o Minist\u00e9rio da Sa\u00fade estima que cada adulto sedent\u00e1rio custa, em m\u00e9dia, R$ 1.500 a mais por ano ao sistema p\u00fablico devido a doen\u00e7as cardiovasculares e metab\u00f3licas.<\/p>\n\n<p>Esses custos se manifestam em diferentes n\u00edveis:<\/p>\n<ul>\n  <li><strong>Individuais:<\/strong> afastamentos e perda de produtividade;<\/li>\n  <li><strong>Corporativos:<\/strong> aumento de planos de sa\u00fade e absente\u00edsmo;<\/li>\n  <li><strong>Governamentais:<\/strong> sobrecarga no SUS e redu\u00e7\u00e3o da for\u00e7a de trabalho ativa.<\/li>\n<\/ul>\n\n<p>Portanto, quando falamos de mobilidade urbana sustent\u00e1vel, n\u00e3o falamos apenas de transporte, mas de pol\u00edtica p\u00fablica preventiva \u2014 uma das frentes mais eficazes e baratas da medicina moderna.<\/p>\n\n<h2>3. Mobilidade ativa como preven\u00e7\u00e3o em sa\u00fade p\u00fablica<\/h2>\n\n<p>A mobilidade ativa \u2014 uso da bicicleta, caminhada ou outros meios n\u00e3o motorizados \u2014 \u00e9 considerada uma das pol\u00edticas mais custo-efetivas para preven\u00e7\u00e3o em <strong>sa\u00fade p\u00fablica<\/strong>. Ela atua diretamente nos principais fatores de risco de doen\u00e7as cr\u00f4nicas, reduzindo gastos m\u00e9dicos e melhorando a qualidade de vida urbana.<\/p>\n\n<table>\n  <tr><th>Indicador<\/th><th>Redu\u00e7\u00e3o com Mobilidade Ativa<\/th><\/tr>\n  <tr><td>Doen\u00e7as cardiovasculares<\/td><td>at\u00e9 30% menos casos<\/td><\/tr>\n  <tr><td>Diabetes tipo 2<\/td><td>redu\u00e7\u00e3o de 27% em risco<\/td><\/tr>\n  <tr><td>Depress\u00e3o e ansiedade<\/td><td>at\u00e9 25% menos incid\u00eancia<\/td><\/tr>\n  <tr><td>Obesidade<\/td><td>redu\u00e7\u00e3o de 10 a 15% em popula\u00e7\u00f5es ciclistas<\/td><\/tr>\n<\/table>\n\n<p>A <a href=\"https:\/\/www.bikefacil.com\" target=\"_blank\" rel=\"dofollow\">Bike F\u00e1cil<\/a> atua integrando essas dimens\u00f5es com solu\u00e7\u00f5es de biciclet\u00e1rios, paraciclos e sistemas de compartilhamento voltados a empresas e cidades. A empresa apoia gestores p\u00fablicos que desejam unir sa\u00fade, sustentabilidade e mobilidade em uma mesma estrat\u00e9gia de desenvolvimento urbano inteligente.<\/p>\n\n<h2>4. Como cidades podem reduzir custos com preven\u00e7\u00e3o<\/h2>\n\n<h3>4.1 Infraestrutura segura para o ciclismo urbano<\/h3>\n<p>Nada estimula mais o uso da bicicleta do que sentir-se seguro. Ciclovias, ciclofaixas e biciclet\u00e1rios s\u00e3o o trip\u00e9 b\u00e1sico de uma infraestrutura cicl\u00e1vel eficiente. Um biciclet\u00e1rio corporativo ou p\u00fablico bem planejado oferece n\u00e3o apenas seguran\u00e7a f\u00edsica, mas tamb\u00e9m conforto, sinaliza\u00e7\u00e3o, ilumina\u00e7\u00e3o e integra\u00e7\u00e3o modal.<\/p>\n\n<p>Quando o cidad\u00e3o tem onde guardar a bicicleta, o uso se torna h\u00e1bito \u2014 e o h\u00e1bito gera preven\u00e7\u00e3o. Estudos da European Cyclists\u2019 Federation mostram que cada euro investido em infraestrutura cicl\u00e1vel retorna at\u00e9 cinco euros em benef\u00edcios de <strong>sa\u00fade p\u00fablica<\/strong>.<\/p>\n\n<h3>4.2 Integra\u00e7\u00e3o entre transporte p\u00fablico e bicicleta<\/h3>\n<p>Cidades que permitem o embarque de bicicletas em metr\u00f4s, BRTs e \u00f4nibus ampliam o uso combinado de modais e reduzem o uso de autom\u00f3veis em trajetos curtos. Menos carros significam menos polui\u00e7\u00e3o atmosf\u00e9rica, que est\u00e1 diretamente relacionada ao aumento de doen\u00e7as respirat\u00f3rias e cardiovasculares.<\/p>\n\n<h3>4.3 Campanhas educativas e incentivos corporativos<\/h3>\n<p>Campanhas de mobilidade ativa, incentivos fiscais e programas corporativos de bike to work ajudam a criar cultura e ades\u00e3o. Empresas que adotam essas pol\u00edticas reduzem o absente\u00edsmo em at\u00e9 15%, al\u00e9m de fortalecerem o bem-estar dos colaboradores \u2014 um impacto duplamente positivo sobre a <strong>sa\u00fade p\u00fablica<\/strong> e o desempenho organizacional.<\/p>\n\n<h3>4.4 Planejamento urbano orientado \u00e0 sa\u00fade<\/h3>\n<p>Planejar cidades voltadas ao pedestre e ao ciclista \u00e9 planejar cidades voltadas \u00e0 vida. Cal\u00e7adas acess\u00edveis, arboriza\u00e7\u00e3o e travessias seguras aumentam o tempo de atividade f\u00edsica di\u00e1ria. Segundo o World Economic Forum, cidades com alto \u00edndice de caminhabilidade t\u00eam at\u00e9 25% menos gastos per capita com sa\u00fade.<\/p>\n\n<h3>4.5 Monitoramento e mensura\u00e7\u00e3o de impacto<\/h3>\n<p>Cidades inteligentes est\u00e3o usando dados para correlacionar deslocamentos ativos com indicadores de sa\u00fade. Essa mensura\u00e7\u00e3o permite entender o retorno sobre o investimento e aprimorar pol\u00edticas p\u00fablicas. Solu\u00e7\u00f5es da <a href=\"https:\/\/www.gbcbrasil.org.br\/leed\/\" target=\"_blank\" rel=\"dofollow noopener\">GreenBuilding Council Brasil (GBC Brasil)<\/a> refor\u00e7am como certifica\u00e7\u00f5es sustent\u00e1veis podem integrar mobilidade e bem-estar.<\/p>\n\n<h2>5. O papel das empresas no fortalecimento da sa\u00fade p\u00fablica<\/h2>\n\n<p>A <strong>sa\u00fade p\u00fablica<\/strong> n\u00e3o depende apenas de governos. O setor corporativo tem papel crucial ao oferecer condi\u00e7\u00f5es para deslocamento ativo. Biciclet\u00e1rios com vesti\u00e1rios, parcerias com prefeituras e incentivos ao uso de bicicletas compartilhadas fortalecem a sa\u00fade coletiva e alinham-se \u00e0s metas ESG.<\/p>\n\n<p>Programas de mobilidade corporativa ativa podem reduzir o custo m\u00e9dico-hospitalar anual por colaborador em at\u00e9 12%, al\u00e9m de melhorar o clima organizacional e a imagem institucional.<\/p>\n\n<h2>6. Benef\u00edcios econ\u00f4micos e ambientais<\/h2>\n\n<table>\n  <tr><th>Dimens\u00e3o<\/th><th>Benef\u00edcio direto<\/th><th>Impacto econ\u00f4mico<\/th><\/tr>\n  <tr><td>Ambiental<\/td><td>Menos polui\u00e7\u00e3o e ru\u00eddo<\/td><td>Redu\u00e7\u00e3o de doen\u00e7as respirat\u00f3rias<\/td><\/tr>\n  <tr><td>Social<\/td><td>Maior intera\u00e7\u00e3o comunit\u00e1ria<\/td><td>Melhoria da seguran\u00e7a e bem-estar<\/td><\/tr>\n  <tr><td>Econ\u00f4mica<\/td><td>Menos gastos hospitalares<\/td><td>Aumento da produtividade urbana<\/td><\/tr>\n  <tr><td>Governamental<\/td><td>Redu\u00e7\u00e3o de custos com interna\u00e7\u00f5es<\/td><td>Mais recursos para pol\u00edticas p\u00fablicas<\/td><\/tr>\n<\/table>\n\n<h2>7. Cidades que s\u00e3o exemplo de mobilidade e sa\u00fade p\u00fablica<\/h2>\n\n<ul>\n  <li><strong>Copenhague (Dinamarca):<\/strong> 62% dos deslocamentos di\u00e1rios s\u00e3o feitos de bicicleta. A cidade economiza cerca de US$ 380 milh\u00f5es anuais em custos de sa\u00fade.<\/li>\n  <li><strong>Bogot\u00e1 (Col\u00f4mbia):<\/strong> mais de 600 km de ciclovias e programas educativos permanentes, com queda de 10% na obesidade infantil.<\/li>\n  <li><strong>Paris (Fran\u00e7a):<\/strong> reduziu 30% dos congestionamentos ap\u00f3s pol\u00edticas de incentivo \u00e0 mobilidade ativa.<\/li>\n  <li><strong>Curitiba (Brasil):<\/strong> refer\u00eancia nacional em planejamento urbano e infraestrutura cicl\u00e1vel.<\/li>\n<\/ul>\n\n<h2>8. Integra\u00e7\u00e3o com pol\u00edticas de sustentabilidade e ESG<\/h2>\n\n<p>Para o p\u00fablico B2B, o alinhamento entre mobilidade, sustentabilidade e <strong>sa\u00fade p\u00fablica<\/strong> \u00e9 uma oportunidade estrat\u00e9gica. Projetos que unem essas dimens\u00f5es contribuem diretamente para os pilares ESG \u2014 Ambiental, Social e Governan\u00e7a \u2014 e ajudam a cumprir metas globais como os ODS 3 e 11 da ONU.<\/p>\n\n<h2>9. Como iniciar uma pol\u00edtica integrada de mobilidade e sa\u00fade p\u00fablica<\/h2>\n\n<ul>\n  <li><strong>Diagn\u00f3stico inicial:<\/strong> mapeie padr\u00f5es de deslocamento e h\u00e1bitos da popula\u00e7\u00e3o.<\/li>\n  <li><strong>Defini\u00e7\u00e3o de metas:<\/strong> estabele\u00e7a indicadores de mobilidade e sa\u00fade.<\/li>\n  <li><strong>Infraestrutura b\u00e1sica:<\/strong> instale biciclet\u00e1rios e \u00e1reas de apoio.<\/li>\n  <li><strong>Campanhas educativas:<\/strong> crie programas de conscientiza\u00e7\u00e3o.<\/li>\n  <li><strong>Monitoramento:<\/strong> divulgue dados e resultados.<\/li>\n<\/ul>\n\n<p>A <a href=\"https:\/\/www.bikefacil.com\" target=\"_blank\" rel=\"dofollow\">Bike F\u00e1cil<\/a> oferece suporte consultivo e tecnol\u00f3gico para empresas e prefeituras que desejam implantar programas de mobilidade sustent\u00e1vel e integr\u00e1-los \u00e0 sa\u00fade p\u00fablica.<\/p>\n\n<h2>10. Conclus\u00e3o<\/h2>\n\n<p>A rela\u00e7\u00e3o entre <strong>mobilidade urbana e sa\u00fade p\u00fablica<\/strong> \u00e9 uma das alavancas mais poderosas de transforma\u00e7\u00e3o social e econ\u00f4mica dispon\u00edveis \u00e0s cidades. Cada quil\u00f4metro pedalado representa menos gasto com rem\u00e9dios, menos polui\u00e7\u00e3o e mais bem-estar coletivo.<\/p>\n\n<p>Cidades que investem em infraestrutura cicl\u00e1vel e educa\u00e7\u00e3o em mobilidade ativa n\u00e3o apenas economizam recursos \u2014 elas constroem um legado de preven\u00e7\u00e3o e qualidade de vida. O futuro da <strong>sa\u00fade p\u00fablica<\/strong> ser\u00e1 moldado por pol\u00edticas urbanas inteligentes, onde a bicicleta e a mobilidade ativa se consolidam como instrumentos de inova\u00e7\u00e3o, sustentabilidade e transforma\u00e7\u00e3o real.<\/p>\n\n<\/article>\n<\/body>\n<\/html>\n<div class=\"fusion-builder-row fusion-builder-row-inner fusion-row fusion-flex-align-items-flex-start fusion-flex-content-wrap\" style=\"width:103% !important;max-width:103% !important;margin-left: calc(-3% \/ 2 );margin-right: calc(-3% \/ 2 );\"><div class=\"fusion-layout-column fusion_builder_column_inner fusion-builder-nested-column-0 fusion_builder_column_inner_1_1 1_1 fusion-flex-column\" style=\"--awb-padding-top:60px;--awb-padding-right:60px;--awb-padding-bottom:40px;--awb-padding-left:60px;--awb-overflow:hidden;--awb-bg-color:var(--awb-color2);--awb-bg-color-hover:var(--awb-color2);--awb-bg-size:cover;--awb-border-color:var(--awb-color5);--awb-border-color-hover:var(--awb-color4);--awb-border-left:5px;--awb-border-style:solid;--awb-border-radius:20px 20px 20px 20px;--awb-width-large:100%;--awb-spacing-right-large:1.455%;--awb-margin-bottom-large:0px;--awb-spacing-left-large:1.455%;--awb-width-medium:100%;--awb-order-medium:0;--awb-spacing-right-medium:1.455%;--awb-spacing-left-medium:1.455%;--awb-width-small:100%;--awb-order-small:0;--awb-spacing-right-small:1.455%;--awb-spacing-left-small:1.455%;\"><div class=\"fusion-column-wrapper fusion-column-has-shadow fusion-flex-justify-content-flex-start fusion-content-layout-column\"><div class=\"fusion-text fusion-text-1\" style=\"--awb-font-size:20px;--awb-line-height:1.6em;--awb-letter-spacing:-0.01em;--awb-text-color:var(--awb-color6);--awb-text-font-family:var(--awb-typography2-font-family);--awb-text-font-weight:var(--awb-typography2-font-weight);--awb-text-font-style:var(--awb-typography2-font-style);\"><p><strong>Vamos agregar valor ao seu projeto!<br \/>\n<\/strong>Entre em contato com a Bike F\u00e1cil, somos especialistas em solu\u00e7\u00f5es de mobilidade ativa. E aproveite para explorar outros artigos no nosso blog sobre infraestrutura ciclovi\u00e1ria, inova\u00e7\u00e3o urbana e sustentabilidade.<\/p>\n<\/div><\/div><\/div><\/div>\n<\/div><\/div><\/div><\/div>\n","protected":false},"excerpt":{"rendered":"<p>Get the latest insights, market trends &#038; inspiration!<\/p>\n","protected":false},"author":8,"featured_media":11083,"comment_status":"closed","ping_status":"closed","sticky":false,"template":"","format":"standard","meta":{"_acf_changed":false,"footnotes":""},"categories":[111],"tags":[189,188,187,209,158,220,190],"class_list":["post-11082","post","type-post","status-publish","format-standard","has-post-thumbnail","hentry","category-noticias","tag-bicicleta","tag-esg","tag-mobilidade-ativa","tag-mobilidade-corporativa","tag-mobilidade-sustentavel","tag-mobilidade-verde","tag-sustentabilidade"],"acf":[],"_links":{"self":[{"href":"https:\/\/bikefacil.com\/?rest_route=\/wp\/v2\/posts\/11082","targetHints":{"allow":["GET"]}}],"collection":[{"href":"https:\/\/bikefacil.com\/?rest_route=\/wp\/v2\/posts"}],"about":[{"href":"https:\/\/bikefacil.com\/?rest_route=\/wp\/v2\/types\/post"}],"author":[{"embeddable":true,"href":"https:\/\/bikefacil.com\/?rest_route=\/wp\/v2\/users\/8"}],"replies":[{"embeddable":true,"href":"https:\/\/bikefacil.com\/?rest_route=%2Fwp%2Fv2%2Fcomments&post=11082"}],"version-history":[{"count":3,"href":"https:\/\/bikefacil.com\/?rest_route=\/wp\/v2\/posts\/11082\/revisions"}],"predecessor-version":[{"id":11086,"href":"https:\/\/bikefacil.com\/?rest_route=\/wp\/v2\/posts\/11082\/revisions\/11086"}],"wp:featuredmedia":[{"embeddable":true,"href":"https:\/\/bikefacil.com\/?rest_route=\/wp\/v2\/media\/11083"}],"wp:attachment":[{"href":"https:\/\/bikefacil.com\/?rest_route=%2Fwp%2Fv2%2Fmedia&parent=11082"}],"wp:term":[{"taxonomy":"category","embeddable":true,"href":"https:\/\/bikefacil.com\/?rest_route=%2Fwp%2Fv2%2Fcategories&post=11082"},{"taxonomy":"post_tag","embeddable":true,"href":"https:\/\/bikefacil.com\/?rest_route=%2Fwp%2Fv2%2Ftags&post=11082"}],"curies":[{"name":"wp","href":"https:\/\/api.w.org\/{rel}","templated":true}]}}