{"id":11128,"date":"2025-11-19T16:18:31","date_gmt":"2025-11-19T19:18:31","guid":{"rendered":"https:\/\/bikefacil.com\/?p=11128"},"modified":"2025-12-01T13:37:19","modified_gmt":"2025-12-01T16:37:19","slug":"dependencia-do-carro-impacto-nas-metropoles","status":"publish","type":"post","link":"https:\/\/bikefacil.com\/noticias\/dependencia-do-carro-impacto-nas-metropoles\/","title":{"rendered":"Depend\u00eancia do Carro: 5 Impactos nas Metr\u00f3poles"},"content":{"rendered":"<div class=\"fusion-fullwidth fullwidth-box fusion-builder-row-1 fusion-flex-container has-pattern-background has-mask-background nonhundred-percent-fullwidth non-hundred-percent-height-scrolling\" style=\"--awb-border-radius-top-left:0px;--awb-border-radius-top-right:0px;--awb-border-radius-bottom-right:0px;--awb-border-radius-bottom-left:0px;--awb-margin-top-small:40px;--awb-flex-wrap:wrap;\" ><div class=\"fusion-builder-row fusion-row fusion-flex-align-items-flex-start fusion-flex-content-wrap\" style=\"max-width:1318.4px;margin-left: calc(-3% \/ 2 );margin-right: calc(-3% \/ 2 );\"><div class=\"fusion-layout-column fusion_builder_column fusion-builder-column-0 fusion_builder_column_1_1 1_1 fusion-flex-column blog-conteudo\" style=\"--awb-bg-size:cover;--awb-width-large:100%;--awb-spacing-right-large:1.455%;--awb-margin-bottom-large:60px;--awb-spacing-left-large:1.455%;--awb-width-medium:100%;--awb-order-medium:0;--awb-spacing-right-medium:1.455%;--awb-spacing-left-medium:1.455%;--awb-width-small:100%;--awb-order-small:0;--awb-spacing-right-small:1.455%;--awb-spacing-left-small:1.455%;\"><div class=\"fusion-column-wrapper fusion-column-has-shadow fusion-flex-justify-content-flex-start fusion-content-layout-column\"><div class=\"fusion-separator fusion-has-icon fusion-full-width-sep\" style=\"align-self: center;margin-left: auto;margin-right: auto;margin-top:30px;margin-bottom:30px;width:100%;max-width:100%;\"><div class=\"fusion-separator-border sep-single sep-solid\" style=\"--awb-height:20px;--awb-amount:20px;--awb-sep-color:var(--awb-custom_color_14);border-color:var(--awb-custom_color_14);border-top-width:1px;\"><\/div><span class=\"icon-wrapper\" style=\"border-color:transparent;font-size:26px;width: 1.75em; height: 1.75em;border-width:1px;padding:1px;margin-top:-0.5px\"><i class=\"icon-bkf-BKF_ICONES_1X1_PRETO-96\" style=\"font-size: inherit;color:var(--awb-color6);\" aria-hidden=\"true\"><\/i><\/span><div class=\"fusion-separator-border sep-single sep-solid\" style=\"--awb-height:20px;--awb-amount:20px;--awb-sep-color:var(--awb-custom_color_14);border-color:var(--awb-custom_color_14);border-top-width:1px;\"><\/div><\/div>\n<style>\n\/* Estilos Padr\u00e3o Blog B2B Bike F\u00e1cil *\/\n\/* Tailwind classes for modern styling equivalent, adaptadas para CSS interno *\/\n.blog-content-container {\n    max-width: 768px; \/* Largura para leitura em desktop *\/\n    margin: 0 auto; \/* Centraliza o bloco na tela *\/\n    padding: 24px 16px;\n    box-sizing: border-box;\n    text-align: left; \/* Alinhamento obrigat\u00f3rio \u00e0 esquerda *\/\n    font-family: 'Inter', sans-serif; \/* Fonte moderna *\/\n    line-height: 1.75;\n    color: #1f2937; \/* Cinza escuro para legibilidade *\/\n    background-color: #ffffff; \/* Fundo totalmente branco - AJUSTE FEITO *\/\n    border-radius: 0; \/* Remove cantos arredondados *\/\n    box-shadow: none; \/* Remove a sombra da caixa - AJUSTE FEITO *\/\n}\n\n\/* Estilo para o T\u00edtulo Principal (H1) *\/\n.blog-content-container h1 {\n    font-size: 2.5em;\n    font-weight: 700;\n    color: #111827; \n    margin-top: 0;\n    margin-bottom: 24px;\n    text-align: left; \n    line-height: 1.1;\n}\n\n\/* Estilo para o T\u00edtulo de Se\u00e7\u00e3o (H2) *\/\n.blog-content-container h2 {\n    font-size: 1.8em;\n    font-weight: 600;\n    color: #1d4ed8; \/* Azul para se\u00e7\u00f5es chave (cor da Bike F\u00e1cil) *\/\n    margin-top: 40px;\n    margin-bottom: 20px;\n    padding-bottom: 4px;\n    border-bottom: 2px solid #eff6ff; \/* Separador leve *\/\n    text-align: left;\n}\n\n\/* Estilo para Subt\u00edtulos (H3) - Usado para listar os impactos *\/\n.blog-content-container h3 {\n    font-size: 1.5em;\n    font-weight: 600;\n    color: #374151;\n    margin-top: 30px;\n    margin-bottom: 12px;\n    text-align: left;\n}\n\n\/* Estilo para o separador *\/\n.separator-line {\n    border: 0;\n    height: 1px;\n    background-color: #d1d5db;\n    margin: 30px 0;\n    width: 100%;\n}\n\n\/* Estilo para par\u00e1grafos *\/\n.blog-content-container p {\n    margin-bottom: 1.25em;\n    text-align: left;\n}\n\n\/* Estilo para negrito (agora usando apenas a tag <strong>) *\/\n.blog-content-container strong {\n    font-weight: 700;\n    color: #1f2937; \n}\n\n\/* Estilo para links *\/\n.blog-content-container a {\n    color: #1d4ed8; \n    text-decoration: underline;\n    transition: color 0.3s;\n}\n.blog-content-container a:hover {\n    color: #3b82f6; \n}\n\n\/* Estilo para listas *\/\n.blog-content-container ul, .blog-content-container ol {\n    margin-bottom: 1.5em;\n    padding-left: 25px;\n    list-style-type: disc;\n}\n.blog-content-container ol {\n    list-style-type: decimal;\n}\n.blog-content-container li {\n    margin-bottom: 0.75em;\n}\n\n\/* Destaque para a se\u00e7\u00e3o de refer\u00eancias *\/\n.references {\n    border-top: 2px solid #d1d5db;\n    padding-top: 20px;\n    margin-top: 40px;\n}\n.references p {\n    font-size: 0.9em;\n    color: #6b7280;\n}\n<\/style>\n\n<div class=\"blog-content-container\">\n\n    <h1>Custo Oculto da Depend\u00eancia do Carro: 5 Impactos Urgentes nas Metr\u00f3poles<\/h1>\n\n    <div class=\"separator-line\"><\/div>\n    \n    <p>A <strong>depend\u00eancia do carro<\/strong> \u00e9, sem d\u00favida, um dos maiores desafios estruturais da mobilidade urbana no s\u00e9culo XXI. As grandes metr\u00f3poles, projetadas sob um modelo centrado no autom\u00f3vel particular, enfrentam hoje uma crise multifacetada que afeta a economia, o meio ambiente e a sa\u00fade p\u00fablica.<\/p>\n\n    <p>A g\u00eanese dessa depend\u00eancia remonta ao p\u00f3s-guerra, quando o urbanismo moderno abra\u00e7ou o autom\u00f3vel como s\u00edmbolo de progresso e liberdade. No entanto, essa escolha resultou em um legado de cidades fragmentadas e na consolida\u00e7\u00e3o de uma <strong>cultura do autom\u00f3vel<\/strong> que hoje se mostra financeiramente insustent\u00e1vel e socialmente custosa.<\/p>\n\n    <p>Embora o carro ofere\u00e7a conforto e autonomia individual, ele imp\u00f5e custos coletivos enormes. Esses custos v\u00e3o muito al\u00e9m do pre\u00e7o do combust\u00edvel ou do IPVA. Eles se manifestam em congestionamentos di\u00e1rios, polui\u00e7\u00e3o do ar, perda de produtividade, doen\u00e7as relacionadas ao sedentarismo e, criticamente, na redu\u00e7\u00e3o da qualidade de vida nas cidades. Romper com esse <strong>modelo de transporte centrado no carro<\/strong> \u00e9 o caminho para um futuro mais eficiente.<\/p>\n\n    <p>De acordo com o Banco Mundial, os custos econ\u00f4micos do tr\u00e2nsito e da polui\u00e7\u00e3o podem representar at\u00e9 10% do PIB de grandes metr\u00f3poles em pa\u00edses emergentes. Isso mostra que a <strong>depend\u00eancia do carro<\/strong> n\u00e3o \u00e9 apenas uma quest\u00e3o de mobilidade, mas tamb\u00e9m um problema econ\u00f4mico, ambiental e social urgente.<\/p>\n\n    <p>Neste artigo, apresentamos uma an\u00e1lise completa sobre o custo da <strong>depend\u00eancia do carro<\/strong>, explorando seus impactos ocultos na sa\u00fade p\u00fablica, na economia e na produtividade das cidades \u2014 e apontamos caminhos pr\u00e1ticos para transformar esse modelo insustent\u00e1vel em um futuro de mobilidade inteligente e sustent\u00e1vel. A supera\u00e7\u00e3o deste <strong>desafio de mobilidade<\/strong> come\u00e7a com a conscientiza\u00e7\u00e3o.<\/p>\n\n    <h2>O Significado do Custo do Uso Massivo do Autom\u00f3vel<\/h2>\n\n    <p>O custo da <strong>depend\u00eancia do carro<\/strong> abrange todos os efeitos econ\u00f4micos, sociais e ambientais gerados pelo uso massivo do autom\u00f3vel particular. \u00c9 o conjunto de custos diretos \u2014 como combust\u00edvel, manuten\u00e7\u00e3o e estacionamento \u2014 e indiretos, como polui\u00e7\u00e3o, congestionamentos e perdas produtivas.<\/p>\n\n    <p>Os custos diretos s\u00e3o facilmente percept\u00edveis pelo motorista. J\u00e1 os indiretos s\u00e3o invis\u00edveis e recaem sobre toda a sociedade, refor\u00e7ando o uso excessivo sem que os indiv\u00edduos percebam o \u00f4nus coletivo. Entre eles est\u00e3o:<\/p>\n\n    <ul>\n        <li>Polui\u00e7\u00e3o atmosf\u00e9rica e aumento de doen\u00e7as respirat\u00f3rias e cardiovasculares;<\/li>\n        <li>Congestionamentos que geram desperd\u00edcio de tempo e energia;<\/li>\n        <li>Consumo de solo urbano para vias e estacionamentos;<\/li>\n        <li>Aumento das emiss\u00f5es de CO\u2082 e agravamento das mudan\u00e7as clim\u00e1ticas;<\/li>\n        <li>Custos com sa\u00fade p\u00fablica e queda na produtividade dos trabalhadores.<\/li>\n    <\/ul>\n\n    <p>Segundo a Ag\u00eancia Europeia de Meio Ambiente (EEA), cada carro particular em circula\u00e7\u00e3o gera, em m\u00e9dia, 2.000 euros por ano em custos externos n\u00e3o pagos pelos motoristas, incluindo danos \u00e0 sa\u00fade e ao meio ambiente. Essa externalidade \u00e9 a ess\u00eancia do problema da depend\u00eancia.<\/p>\n\n    <div class=\"separator-line\"><\/div>\n\n    <h2>Os 5 Principais Impactos da Depend\u00eancia do Carro e Como Ela Afeta Voc\u00ea<\/h2>\n\n    <ol>\n        <li>\n            <h3> O Custo Econ\u00f4mico: Drenagem de Recursos P\u00fablicos e a Depend\u00eancia<\/h3>\n            <p>O primeiro e mais evidente impacto \u00e9 o financeiro. Manter um carro \u00e9 caro \u2014 combust\u00edvel, IPVA, seguro, manuten\u00e7\u00e3o e estacionamento somam um valor significativo. Contudo, o verdadeiro custo da <strong>depend\u00eancia do carro<\/strong> vai muito al\u00e9m da conta banc\u00e1ria do motorista. Ele se reflete em investimentos p\u00fablicos e privados direcionados a sustentar uma estrutura urbana desenhada para os autom\u00f3veis.<\/p>\n            <p>De acordo com o <a href=\"https:\/\/www.ipea.gov.br\/\" target=\"_blank\" rel=\"noopener\">Instituto de Pesquisa Econ\u00f4mica Aplicada (IPEA)<\/a>, o transporte individual representa apenas 35% das viagens urbanas no Brasil, mas consome mais de 70% dos investimentos p\u00fablicos em mobilidade. Essa despropor\u00e7\u00e3o nos investimentos p\u00fablicos revela um grave custo de oportunidade.<\/p>\n            <p>O capital consumido na manuten\u00e7\u00e3o de infraestrutura vi\u00e1ria e no combate aos efeitos do uso intensivo do autom\u00f3vel poderia ser realocado para setores cruciais, como educa\u00e7\u00e3o e saneamento b\u00e1sico, ou para a expans\u00e3o massiva de redes de metr\u00f4 e trens urbanos. A <strong>depend\u00eancia do carro<\/strong> drena recursos que poderiam construir uma cidade mais equitativa e eficiente para todos os cidad\u00e3os, n\u00e3o apenas para os motoristas. Lutar contra essa depend\u00eancia \u00e9 liberar capital para o desenvolvimento social.<\/p>\n            <p>Isso acontece porque o modelo rodoviarista exige:<\/p>\n            <ul>\n                <li>Manuten\u00e7\u00e3o constante de vias e viadutos;<\/li>\n                <li>Expans\u00e3o de avenidas e estacionamentos (consumindo solo caro);<\/li>\n                <li>Altos custos com infraestrutura de tr\u00e2nsito e sinaliza\u00e7\u00e3o;<\/li>\n                <li>Aumento da importa\u00e7\u00e3o de combust\u00edveis f\u00f3sseis.<\/li>\n            <\/ul>\n            <p>Esses investimentos reduzem os recursos dispon\u00edveis para transporte p\u00fablico, ciclovias e cal\u00e7adas, perpetuando o ciclo da <strong>depend\u00eancia do autom\u00f3vel<\/strong>.<\/p>\n        <\/li>\n\n        <li>\n            <h3>Polui\u00e7\u00e3o A\u00e9rea e Sonora: O Custo da Depend\u00eancia na Sa\u00fade P\u00fablica<\/h3>\n            <p>A polui\u00e7\u00e3o \u00e9 um dos efeitos mais devastadores do custo da <strong>depend\u00eancia do carro<\/strong>. O transporte rodovi\u00e1rio \u00e9 respons\u00e1vel por cerca de 25% das emiss\u00f5es globais de CO\u2082 e por boa parte dos gases t\u00f3xicos que afetam diretamente a sa\u00fade da popula\u00e7\u00e3o urbana.<\/p>\n            <p>Segundo a <a href=\"https:\/\/www.who.int\/topics\/air-pollution\/en\/\" target=\"_blank\" rel=\"noopener\">Organiza\u00e7\u00e3o Mundial da Sa\u00fade (OMS)<\/a>, a polui\u00e7\u00e3o do ar causa mais de 7 milh\u00f5es de mortes prematuras por ano em todo o mundo. O transporte motorizado \u00e9 o principal respons\u00e1vel por essa estat\u00edstica nas grandes cidades, sendo um efeito direto da cultura do carro.<\/p>\n            <p>As consequ\u00eancias econ\u00f4micas s\u00e3o enormes. Um <a href=\"https:\/\/www.oecd.org\/health\/health-at-a-glance.htm\" target=\"_blank\" rel=\"noopener\">estudo da OCDE<\/a> estima que o custo global da polui\u00e7\u00e3o do air para os sistemas de sa\u00fade ultrapassa US$ 1 trilh\u00e3o por ano.<\/p>\n            <p>Al\u00e9m da polui\u00e7\u00e3o atmosf\u00e9rica, o uso do autom\u00f3vel gera uma intensa polui\u00e7\u00e3o sonora, um fator de estresse cr\u00f4nico muitas vezes ignorado. O barulho constante de buzinas e motores, especialmente em grandes avenidas, est\u00e1 associado a dist\u00farbios do sono, hipertens\u00e3o e at\u00e9 problemas cognitivos em crian\u00e7as. A OMS alerta que a exposi\u00e7\u00e3o prolongada a altos n\u00edveis de ru\u00eddo do tr\u00e1fego \u00e9 o segundo maior fator de risco ambiental para a sa\u00fade na Europa. A supera\u00e7\u00e3o da depend\u00eancia \u00e9, portanto, uma medida de sa\u00fade p\u00fablica integral.<\/p>\n            <p>Em cidades como S\u00e3o Paulo, a exposi\u00e7\u00e3o prolongada \u00e0 polui\u00e7\u00e3o automotiva est\u00e1 associada ao aumento de casos de asma, bronquite, doen\u00e7as card\u00edacas e at\u00e9 c\u00e2ncer de pulm\u00e3o. Esses custos recaem sobre o sistema p\u00fablico de sa\u00fade e afetam a produtividade dos trabalhadores.<\/p>\n        <\/li>\n\n        <li>\n            <h3> Perda de Produtividade: O Preju\u00edzo do Tempo Perdido Devido \u00e0 Depend\u00eancia<\/h3>\n            <p>O tr\u00e2nsito \u00e9 o retrato mais vis\u00edvel do custo da <strong>depend\u00eancia do carro<\/strong>. Em cidades como S\u00e3o Paulo e Rio de Janeiro, motoristas passam mais de 240 horas por ano presos em congestionamentos \u2014 o equivalente a 30 dias \u00fateis de trabalho perdidos. Essa inefici\u00eancia \u00e9 uma marca do nosso modelo de mobilidade.<\/p>\n            <p>Essa perda de tempo se traduz diretamente em perdas econ\u00f4micas. A Funda\u00e7\u00e3o Dom Cabral calculou que o congestionamento na Grande S\u00e3o Paulo gera um preju\u00edzo anual superior a R$ 50 bilh\u00f5es, considerando o tempo improdutivo, o desperd\u00edcio de combust\u00edvel e o impacto psicol\u00f3gico.<\/p>\n            <p>O tr\u00e2nsito constante tamb\u00e9m eleva o n\u00edvel de estresse e fadiga. Estudos da Universidade de Harvard indicam que motoristas que enfrentam longos deslocamentos di\u00e1rios t\u00eam maior propens\u00e3o a desenvolver ansiedade e depress\u00e3o, um custo psicol\u00f3gico direto do uso do autom\u00f3vel.<\/p>\n            <p>Al\u00e9m disso, a lentid\u00e3o no tr\u00e1fego prejudica empresas que dependem de entregas e deslocamentos log\u00edsticos, encarecendo produtos e reduzindo a competitividade das economias urbanas. O problema n\u00e3o apenas atrasa pessoas, mas atrasa o desenvolvimento econ\u00f4mico.<\/p>\n        <\/li>\n\n        <li>\n            <h3> Custo Urbano e Psicossocial: O Espa\u00e7o P\u00fablico Devorado pela Depend\u00eancia<\/h3>\n            <p>Outro elemento frequentemente esquecido no c\u00e1lculo do custo da <strong>depend\u00eancia do carro<\/strong> \u00e9 o espa\u00e7o urbano ocupado pelos ve\u00edculos. Em m\u00e9dia, um carro permanece 95% do tempo estacionado, ocupando uma \u00e1rea que poderia ser usada para habita\u00e7\u00e3o, pra\u00e7as ou infraestrutura verde. Essa prioridade ao ve\u00edculo refor\u00e7a o problema.<\/p>\n            <p>Em cidades densas, como S\u00e3o Paulo, o espa\u00e7o destinado a vias e estacionamentos representa mais de 40% da \u00e1rea urbana. Esse modelo reduz a qualidade de vida e limita o uso social do espa\u00e7o p\u00fablico. A <strong>cultura do carro<\/strong> transformou as ruas de bairros em meros corredores de passagem, deteriorando a coes\u00e3o social.<\/p>\n            <p>O espa\u00e7o que antes era dedicado a encontros, lazer ou com\u00e9rcio de proximidade foi sacrificado em favor de garagens e recuos. Esse fen\u00f4meno, conhecido como 'asfaltiza\u00e7\u00e3o', cria barreiras f\u00edsicas e psicol\u00f3gicas, tornando as cidades menos convidativas para pedestres e mais inseguras. A quebra da <strong>depend\u00eancia automotiva<\/strong> \u00e9 um passo fundamental para resgatar a vitalidade do espa\u00e7o p\u00fablico, promovendo uma cidade mais humana e voltada para a experi\u00eancia coletiva e n\u00e3o apenas para o fluxo de ve\u00edculos individuais.<\/p>\n            <p>Al\u00e9m disso, os investimentos em infraestrutura vi\u00e1ria refor\u00e7am o espraiamento urbano, estimulando deslocamentos mais longos e o uso constante do autom\u00f3vel. Isso cria um ciclo vicioso que aumenta custos p\u00fablicos e privados e aprofunda desigualdades territoriais.<\/p>\n        <\/li>\n\n        <li>\n            <h3> O Custo Ambiental e Clim\u00e1tico: A Depend\u00eancia Acelerando a Crise<\/h3>\n            <p>O custo da <strong>depend\u00eancia do carro<\/strong> tamb\u00e9m se manifesta na crise clim\u00e1tica global. O setor de transportes \u00e9 uma das principais fontes de gases de efeito estufa (GEE), contribuindo diretamente para o aquecimento global. O uso cont\u00ednuo de combust\u00edveis f\u00f3sseis \u00e9 um elo direto com o aquecimento.<\/p>\n            <p>De acordo com o Painel Intergovernamental sobre Mudan\u00e7as Clim\u00e1ticas (IPCC), os autom\u00f3veis representam cerca de 45% das emiss\u00f5es urbanas de CO\u2082. Cada litro de gasolina queimado emite cerca de 2,3 kg de CO\u2082. Com milh\u00f5es de ve\u00edculos circulando diariamente, o resultado \u00e9 uma nuvem t\u00f3xica invis\u00edvel que compromete o futuro clim\u00e1tico das cidades.<\/p>\n            <p>Al\u00e9m disso, a queima de combust\u00edveis f\u00f3sseis emite poluentes que aumentam o efeito estufa, alteram padr\u00f5es clim\u00e1ticos e agravam eventos extremos como secas e enchentes. A <strong>depend\u00eancia do carro<\/strong> tamb\u00e9m acelera o consumo de energia e recursos naturais, desde a produ\u00e7\u00e3o de ve\u00edculos at\u00e9 o descarte de pneus e baterias. Esses impactos acumulados tornam a mobilidade urbana um dos maiores desafios para alcan\u00e7ar metas de neutralidade de carbono (Net Zero).<\/p>\n        <\/li>\n    <\/ol>\n\n    <h2>A Quest\u00e3o Social e a Desigualdade<\/h2>\n\n    <p>A <strong>depend\u00eancia do carro<\/strong> tamb\u00e9m aprofunda desigualdades sociais. Enquanto quem pode comprar um ve\u00edculo desfruta de mais mobilidade, quem depende do transporte p\u00fablico enfrenta viagens mais longas e caras, muitas vezes com infraestrutura prec\u00e1ria.<\/p>\n\n    <p>Essa divis\u00e3o refor\u00e7a desigualdades espaciais, j\u00e1 que bairros perif\u00e9ricos \u2014 onde vive a maioria da popula\u00e7\u00e3o trabalhadora \u2014 s\u00e3o os menos atendidos por transporte eficiente. A prefer\u00eancia por autom\u00f3veis acaba desviando investimentos que seriam vitais para o transporte de massa.<\/p>\n\n    <p>Al\u00e9m disso, o modelo centrado no carro gera exclus\u00e3o urbana: idosos, jovens e pessoas com defici\u00eancia, que n\u00e3o dirigem, t\u00eam sua mobilidade limitada. Isso compromete o acesso \u00e0 educa\u00e7\u00e3o, sa\u00fade e oportunidades de emprego. Portanto, a <strong>depend\u00eancia do carro<\/strong> n\u00e3o \u00e9 apenas um problema ambiental \u2014 \u00e9 uma quest\u00e3o de justi\u00e7a social.<\/p>\n\n    <h2>Estrat\u00e9gias para Superar a Depend\u00eancia e Construir Cidades Sustent\u00e1veis<\/h2>\n\n    <p>Superar o custo da <strong>depend\u00eancia do carro<\/strong> exige planejamento integrado, vontade pol\u00edtica e inova\u00e7\u00e3o tecnol\u00f3gica. A quebra desse modelo \u00e9 um processo gradual, mas essencial. A seguir, algumas medidas eficazes adotadas em cidades de todo o mundo:<\/p>\n\n    <ul>\n        <li><strong>Transporte p\u00fablico eficiente e acess\u00edvel<\/strong> \u2013 sistemas integrados, com alta frequ\u00eancia e conforto, reduzem a necessidade do autom\u00f3vel particular. A gest\u00e3o inteligente do transporte p\u00fablico, utilizando an\u00e1lise de dados em tempo real (Big Data), permite otimizar rotas e frequ\u00eancias, tornando o \u00f4nibus e o metr\u00f4 alternativas realmente competitivas ao ve\u00edculo particular.<\/li>\n        <li><strong>Incentivo \u00e0 mobilidade ativa<\/strong> \u2013 ciclovias seguras, cal\u00e7adas largas e programas de bike-sharing incentivam deslocamentos sustent\u00e1veis, oferecendo alternativas saud\u00e1veis. Para saber mais sobre como implementar, veja nossas <a href=\"\/mobilidade-ativa\" target=\"_self\">Solu\u00e7\u00f5es para Mobilidade Ativa<\/a>.<\/li>\n        <li><strong>Zoneamento de Uso Misto<\/strong>: Implementar Zoneamento de Uso Misto, permitindo que resid\u00eancias, com\u00e9rcios e escrit\u00f3rios coexistam no mesmo bairro, reduz a necessidade de longos deslocamentos di\u00e1rios, atacando a raiz da <strong>depend\u00eancia<\/strong>.<\/li>\n        <li><strong>Zonas de baixa emiss\u00e3o (LEZ)<\/strong> \u2013 restri\u00e7\u00e3o \u00e0 circula\u00e7\u00e3o de ve\u00edculos poluentes em \u00e1reas centrais, melhorando a qualidade do ar e desincentivando o uso do carro.<\/li>\n        <li><strong>Tarifas inteligentes e ped\u00e1gios urbanos<\/strong> \u2013 desestimular o uso excessivo do carro e financiar o transporte coletivo, tornando o uso do autom\u00f3vel mais custoso.<\/li>\n        <li><strong>Educa\u00e7\u00e3o e conscientiza\u00e7\u00e3o<\/strong> \u2013 campanhas que mostram os custos reais do autom\u00f3vel e os benef\u00edcios da mobilidade sustent\u00e1vel, mudando o comportamento enraizado pelo uso do autom\u00f3vel.<\/li>\n    <\/ul>\n\n    <p>Essas a\u00e7\u00f5es t\u00eam efeito multiplicador: melhoram a sa\u00fade, reduzem custos p\u00fablicos e aumentam a qualidade de vida nas cidades, enfraquecendo a <strong>depend\u00eancia automotiva<\/strong>.<\/p>\n\n    <h2>Exemplos Internacionais de Sucesso na Redu\u00e7\u00e3o da Depend\u00eancia<\/h2>\n\n    <p>A experi\u00eancia global prova que \u00e9 poss\u00edvel reverter a <strong>depend\u00eancia do carro<\/strong> com pol\u00edticas ousadas e foco no cidad\u00e3o. Essas experi\u00eancias mostram que reduzir o uso do autom\u00f3vel \u00e9 poss\u00edvel e economicamente vantajoso.<\/p>\n\n    <ul>\n        <li><strong>Londres:<\/strong> Com a \u201cCongestion Charge\u201d e a Zona de Ultra Baixa Emiss\u00e3o (ULEZ), reduziu em 44% as emiss\u00f5es de NO\u2082 e incentivou o transporte p\u00fablico, atacando diretamente a <strong>depend\u00eancia<\/strong>.<\/li>\n        <li><strong>Copenhague:<\/strong> 62% da popula\u00e7\u00e3o se desloca de bicicleta diariamente; a cidade estima economizar US$ 230 milh\u00f5es por ano em custos de sa\u00fade e transporte, resultado de anos de combate \u00e0 <strong>depend\u00eancia<\/strong>.<\/li>\n        <li><strong>Paris:<\/strong> Transformou 60 km de vias de carros em ciclovias e reduziu o tr\u00e1fego particular em 40% desde 2010, priorizando o deslocamento ativo.<\/li>\n        <li><strong>Bogot\u00e1:<\/strong> O programa \u201cCiclov\u00eda\u201d fecha ruas aos domingos, promovendo o uso de bicicletas e atividades f\u00edsicas, com impactos positivos na sa\u00fade p\u00fablica, oferecendo lazer sem a necessidade do motor.<\/li>\n    <\/ul>\n\n    <h2>O Papel das Empresas e da Inova\u00e7\u00e3o na Quebra da Depend\u00eancia<\/h2>\n\n    <p>Empresas privadas tamb\u00e9m t\u00eam papel crucial nessa transforma\u00e7\u00e3o. A <strong>Bike F\u00e1cil<\/strong> atua no desenvolvimento de solu\u00e7\u00f5es tecnol\u00f3gicas de bicicletas compartilhadas, <a href=\"\/bicicletarios-inteligentes\" target=\"_self\">biciclet\u00e1rios inteligentes<\/a> e infraestrutura de mobilidade sustent\u00e1vel que ajudam cidades e empresas a reduzir suas emiss\u00f5es e custos operacionais, oferecendo alternativas concretas \u00e0 <strong>depend\u00eancia<\/strong>.<\/p>\n\n    <p>A inova\u00e7\u00e3o em micromobilidade e transporte limpo \u00e9 uma das formas mais eficazes de enfrentar o custo da <strong>depend\u00eancia do carro<\/strong>, promovendo uma nova economia urbana baseada em efici\u00eancia, dados e sustentabilidade. A tecnologia \u00e9 a chave para desatar o n\u00f3 do uso excessivo do autom\u00f3vel.<\/p>\n\n    <h2>Conclus\u00e3o: Superar a Depend\u00eancia \u00e9 o Futuro das Metr\u00f3poles<\/h2>\n\n    <p>O custo da <strong>depend\u00eancia do carro<\/strong> \u00e9 um peso invis\u00edvel que afeta a todos \u2014 mesmo quem n\u00e3o dirige. Ele est\u00e1 presente nos gastos p\u00fablicos, nas doen\u00e7as respirat\u00f3rias, na perda de tempo e na desigualdade urbana. A <strong>depend\u00eancia automotiva<\/strong> \u00e9 uma barreira ao desenvolvimento social e econ\u00f4mico.<\/p>\n\n    <p>Repensar a mobilidade \u00e9 uma necessidade urgente para o Brasil e o mundo. Investir em transporte coletivo, mobilidade ativa e tecnologias sustent\u00e1veis n\u00e3o \u00e9 apenas uma escolha ambiental, mas tamb\u00e9m econ\u00f4mica e social, essencial para superar a <strong>depend\u00eancia<\/strong>.<\/p>\n\n    <p>Reduzir a <strong>depend\u00eancia do autom\u00f3vel<\/strong> \u00e9 reduzir custos, salvar vidas e construir cidades mais humanas, saud\u00e1veis e produtivas. Junte-se a n\u00f3s nesse movimento de transforma\u00e7\u00e3o urbana.<\/p>\n\n    <div class=\"references\">\n        <p><strong>Recursos e Refer\u00eancias (Links Externos DoFollow):<\/strong><\/p>\n        <ul>\n            <li><a href=\"https:\/\/www.wri.org\/\" target=\"_blank\" rel=\"noopener\">World Resources Institute (WRI)<\/a> \u2013 Iniciativas em Mobilidade Urbana Sustent\u00e1vel<\/li>\n            <li><a href=\"https:\/\/www.eea.europa.eu\/\" target=\"_blank\" rel=\"noopener\">European Environment Agency (EEA)<\/a> \u2013 Relat\u00f3rio sobre Transporte e Meio Ambiente na Europa<\/li>\n            <li><a href=\"https:\/\/www.oecd.org\/\" target=\"_blank\" rel=\"noopener\">OCDE (Organiza\u00e7\u00e3o para Coopera\u00e7\u00e3o e Desenvolvimento Econ\u00f4mico)<\/a> \u2013 Estudos sobre Polui\u00e7\u00e3o e Sa\u00fade<\/li>\n        <\/ul>\n    <\/div>\n\n<\/div><div class=\"fusion-builder-row fusion-builder-row-inner fusion-row fusion-flex-align-items-flex-start fusion-flex-content-wrap\" style=\"width:103% !important;max-width:103% !important;margin-left: calc(-3% \/ 2 );margin-right: calc(-3% \/ 2 );\"><div class=\"fusion-layout-column fusion_builder_column_inner fusion-builder-nested-column-0 fusion_builder_column_inner_1_1 1_1 fusion-flex-column\" style=\"--awb-padding-top:60px;--awb-padding-right:60px;--awb-padding-bottom:40px;--awb-padding-left:60px;--awb-overflow:hidden;--awb-bg-color:var(--awb-color2);--awb-bg-color-hover:var(--awb-color2);--awb-bg-size:cover;--awb-border-color:var(--awb-color5);--awb-border-color-hover:var(--awb-color4);--awb-border-left:5px;--awb-border-style:solid;--awb-border-radius:20px 20px 20px 20px;--awb-width-large:100%;--awb-spacing-right-large:1.455%;--awb-margin-bottom-large:0px;--awb-spacing-left-large:1.455%;--awb-width-medium:100%;--awb-order-medium:0;--awb-spacing-right-medium:1.455%;--awb-spacing-left-medium:1.455%;--awb-width-small:100%;--awb-order-small:0;--awb-spacing-right-small:1.455%;--awb-spacing-left-small:1.455%;\"><div class=\"fusion-column-wrapper fusion-column-has-shadow fusion-flex-justify-content-flex-start fusion-content-layout-column\"><div class=\"fusion-text fusion-text-1\" style=\"--awb-font-size:20px;--awb-line-height:1.6em;--awb-letter-spacing:-0.01em;--awb-text-color:var(--awb-color6);--awb-text-font-family:var(--awb-typography2-font-family);--awb-text-font-weight:var(--awb-typography2-font-weight);--awb-text-font-style:var(--awb-typography2-font-style);\"><p><strong>Vamos agregar valor ao seu projeto!<br \/>\n<\/strong>Entre em contato com a Bike F\u00e1cil, somos especialistas em solu\u00e7\u00f5es de mobilidade ativa. E aproveite para explorar outros artigos no nosso blog sobre infraestrutura ciclovi\u00e1ria, inova\u00e7\u00e3o urbana e sustentabilidade.<\/p>\n<\/div><\/div><\/div><\/div>\n<\/div><\/div><\/div><\/div>\n","protected":false},"excerpt":{"rendered":"<p>Get the latest insights, market trends &#038; inspiration!<\/p>\n","protected":false},"author":8,"featured_media":11129,"comment_status":"closed","ping_status":"closed","sticky":false,"template":"","format":"standard","meta":{"_acf_changed":false,"footnotes":""},"categories":[111],"tags":[233,189,235,196,158,204,190],"class_list":["post-11128","post","type-post","status-publish","format-standard","has-post-thumbnail","hentry","category-noticias","tag-baixa-emissao","tag-bicicleta","tag-ciclovia-inclusiva","tag-cidades-inteligentes","tag-mobilidade-sustentavel","tag-mobilidade-urbana","tag-sustentabilidade"],"acf":[],"_links":{"self":[{"href":"https:\/\/bikefacil.com\/?rest_route=\/wp\/v2\/posts\/11128","targetHints":{"allow":["GET"]}}],"collection":[{"href":"https:\/\/bikefacil.com\/?rest_route=\/wp\/v2\/posts"}],"about":[{"href":"https:\/\/bikefacil.com\/?rest_route=\/wp\/v2\/types\/post"}],"author":[{"embeddable":true,"href":"https:\/\/bikefacil.com\/?rest_route=\/wp\/v2\/users\/8"}],"replies":[{"embeddable":true,"href":"https:\/\/bikefacil.com\/?rest_route=%2Fwp%2Fv2%2Fcomments&post=11128"}],"version-history":[{"count":6,"href":"https:\/\/bikefacil.com\/?rest_route=\/wp\/v2\/posts\/11128\/revisions"}],"predecessor-version":[{"id":11135,"href":"https:\/\/bikefacil.com\/?rest_route=\/wp\/v2\/posts\/11128\/revisions\/11135"}],"wp:featuredmedia":[{"embeddable":true,"href":"https:\/\/bikefacil.com\/?rest_route=\/wp\/v2\/media\/11129"}],"wp:attachment":[{"href":"https:\/\/bikefacil.com\/?rest_route=%2Fwp%2Fv2%2Fmedia&parent=11128"}],"wp:term":[{"taxonomy":"category","embeddable":true,"href":"https:\/\/bikefacil.com\/?rest_route=%2Fwp%2Fv2%2Fcategories&post=11128"},{"taxonomy":"post_tag","embeddable":true,"href":"https:\/\/bikefacil.com\/?rest_route=%2Fwp%2Fv2%2Ftags&post=11128"}],"curies":[{"name":"wp","href":"https:\/\/api.w.org\/{rel}","templated":true}]}}