{"id":11136,"date":"2025-12-08T11:30:51","date_gmt":"2025-12-08T14:30:51","guid":{"rendered":"https:\/\/bikefacil.com\/?p=11136"},"modified":"2025-12-08T11:48:58","modified_gmt":"2025-12-08T14:48:58","slug":"nossa-bici-mobilidade-urbana-coletiva","status":"publish","type":"post","link":"https:\/\/bikefacil.com\/noticias\/nossa-bici-mobilidade-urbana-coletiva\/","title":{"rendered":"Nossa Bici: Projeto que transforma mobilidade em Curitiba"},"content":{"rendered":"<div class=\"fusion-fullwidth fullwidth-box fusion-builder-row-1 fusion-flex-container has-pattern-background has-mask-background nonhundred-percent-fullwidth non-hundred-percent-height-scrolling\" style=\"--awb-border-radius-top-left:0px;--awb-border-radius-top-right:0px;--awb-border-radius-bottom-right:0px;--awb-border-radius-bottom-left:0px;--awb-margin-top-small:40px;--awb-flex-wrap:wrap;\" ><div class=\"fusion-builder-row fusion-row fusion-flex-align-items-flex-start fusion-flex-content-wrap\" style=\"max-width:1318.4px;margin-left: calc(-3% \/ 2 );margin-right: calc(-3% \/ 2 );\"><div class=\"fusion-layout-column fusion_builder_column fusion-builder-column-0 fusion_builder_column_1_1 1_1 fusion-flex-column blog-conteudo\" style=\"--awb-bg-size:cover;--awb-width-large:100%;--awb-spacing-right-large:1.455%;--awb-margin-bottom-large:60px;--awb-spacing-left-large:1.455%;--awb-width-medium:100%;--awb-order-medium:0;--awb-spacing-right-medium:1.455%;--awb-spacing-left-medium:1.455%;--awb-width-small:100%;--awb-order-small:0;--awb-spacing-right-small:1.455%;--awb-spacing-left-small:1.455%;\"><div class=\"fusion-column-wrapper fusion-column-has-shadow fusion-flex-justify-content-flex-start fusion-content-layout-column\"><div class=\"fusion-separator fusion-has-icon fusion-full-width-sep\" style=\"align-self: center;margin-left: auto;margin-right: auto;margin-top:30px;margin-bottom:30px;width:100%;max-width:100%;\"><div class=\"fusion-separator-border sep-single sep-solid\" style=\"--awb-height:20px;--awb-amount:20px;--awb-sep-color:var(--awb-custom_color_14);border-color:var(--awb-custom_color_14);border-top-width:1px;\"><\/div><span class=\"icon-wrapper\" style=\"border-color:transparent;font-size:26px;width: 1.75em; height: 1.75em;border-width:1px;padding:1px;margin-top:-0.5px\"><i class=\"icon-bkf-BKF_ICONES_1X1_PRETO-96\" style=\"font-size: inherit;color:var(--awb-color6);\" aria-hidden=\"true\"><\/i><\/span><div class=\"fusion-separator-border sep-single sep-solid\" style=\"--awb-height:20px;--awb-amount:20px;--awb-sep-color:var(--awb-custom_color_14);border-color:var(--awb-custom_color_14);border-top-width:1px;\"><\/div><\/div>\n<script src=\"https:\/\/cdn.tailwindcss.com\"><\/script>\n<style>\n\/* Estilos Padr\u00e3o Blog B2B Bike F\u00e1cil *\/\n@import url('https:\/\/fonts.googleapis.com\/css2?family=Inter:wght@400;600;700;800&display=swap');\n\n.body-like-container {\n    background-color: #fcfcf7;\n    padding: 20px 0;\n    min-height: 100vh;\n    font-family: 'Inter', sans-serif; \n    width: 100%; \n    box-sizing: border-box;\n}\n\n.blog-content-container {\n    max-width: 768px;\n    margin: 0 auto;\n    padding: 24px 16px;\n    box-sizing: border-box;\n    text-align: left; \n    line-height: 1.75;\n    color: #1f2937; \n    background-color: #fcfcf7;\n    border-radius: 0; \n    box-shadow: none;\n}\n\n\/* Estilo para o T\u00edtulo Principal (H1) *\/\n.blog-content-container h1 {\n    font-size: 2.5em;\n    font-weight: 800;\n    color: #111827; \n    margin-top: 0;\n    margin-bottom: 24px;\n    text-align: left; \n    line-height: 1.1;\n}\n\n\/* Estilo para o T\u00edtulo de Se\u00e7\u00e3o (H2) *\/\n.blog-content-container h2 {\n    font-size: 1.8em;\n    font-weight: 700;\n    color: #1d4ed8; \/* Azul para se\u00e7\u00f5es chave (cor da Bike F\u00e1cil) *\/\n    margin-top: 40px;\n    margin-bottom: 20px;\n    padding-bottom: 4px;\n    border-bottom: 2px solid #eff6ff; \n    text-align: left;\n}\n\n\/* Estilo para o separador *\/\n.separator-line {\n    border: 0;\n    height: 1px;\n    background-color: #d1d5db;\n    margin: 30px 0;\n    width: 100%;\n}\n\n\/* Estilo para par\u00e1grafos *\/\n.blog-content-container p {\n    margin-bottom: 1.25em;\n    text-align: left;\n}\n\n\/* Estilo para negrito (tag <strong>) *\/\n.blog-content-container strong {\n    font-weight: 700;\n    color: #1f2937; \n}\n\n\/* Estilo para listas *\/\n.blog-content-container ul, .blog-content-container ol {\n    margin-bottom: 1.5em;\n    padding-left: 25px;\n    list-style-type: disc;\n}\n.blog-content-container ol {\n    list-style-type: decimal;\n}\n.blog-content-container li {\n    margin-bottom: 0.75em;\n    text-align: left;\n}\n\n\/* Destaque para a se\u00e7\u00e3o de refer\u00eancias *\/\n.references {\n    border-top: 2px solid #d1d5db;\n    padding-top: 20px;\n    margin-top: 40px;\n}\n.references p {\n    font-size: 1.1em;\n    font-weight: 700;\n    color: #374151;\n    margin-bottom: 10px;\n}\n\n\/* Estilo para links externos *\/\n.blog-content-container a {\n    color: #1d4ed8; \n    text-decoration: underline;\n    transition: color 0.2s;\n}\n.blog-content-container a:hover {\n    color: #2563eb;\n}\n<\/style>\n\n<!-- Container para simular o fundo branco da p\u00e1gina -->\n<div class=\"body-like-container\">\n\n    <div class=\"blog-content-container\">\n\n        <h1>Nossa Bici: 1 projeto que transforma mobilidade e inclus\u00e3o social em Curitiba<\/h1>\n\n        <div class=\"separator-line\"><\/div>\n        \n        <h2>Introdu\u00e7\u00e3o<\/h2>\n        \n        <p>Em uma cidade marcada por contraste urbano \u2014 onde infraestrutura, transporte e servi\u00e7os muitas vezes se concentram nas \u00e1reas centrais \u2014 a mobilidade n\u00e3o \u00e9 um privil\u00e9gio universal. Para comunidades perif\u00e9ricas, cujos acessos s\u00e3o dificultados por estradas de terra, aus\u00eancia de transporte coletivo e dist\u00e2ncias de servi\u00e7os b\u00e1sicos, a locomo\u00e7\u00e3o di\u00e1ria pode se transformar num grande desafio.<\/p>\n\n        <p>O projeto <strong>Nossa Bici<\/strong> representa uma resposta concreta e transformadora a essa desigualdade estrutural. Em vez de esperar por obras p\u00fablicas ou grandes investimentos, a iniciativa aposta na mobilidade comunit\u00e1ria, utilizando bicicletas como instrumento de inclus\u00e3o, autonomia e dignidade urbana.<\/p>\n\n        <p>Neste post, apresentamos um panorama completo do Nossa Bici: sua origem, funcionamento, impactos, desafios, reconhecimentos e o que ele representa para o futuro da mobilidade e da justi\u00e7a social em Curitiba \u2014 especialmente na comunidade Chacrinha \u2013 Vila Esperan\u00e7a, no bairro Alto Boqueir\u00e3o.<\/p>\n\n        <div class=\"separator-line\"><\/div>\n\n        <h2>Contexto: por que o Nossa Bici era necess\u00e1rio<\/h2>\n\n        <p>A comunidade Chacrinha \u2013 Vila Esperan\u00e7a abriga cerca de 65 fam\u00edlias, incluindo aproximadamente 45 crian\u00e7as. No entanto, a realidade local era marcada por graves dificuldades de acesso: os moradores enfrentavam uma estrada de ch\u00e3o batido de aproximadamente 1,5 km para chegar a servi\u00e7os essenciais, com transporte p\u00fablico praticamente inexistente.<\/p>\n        \n        <p>Diante disso, tornar a bicicleta um meio de transporte concreto e acess\u00edvel passou a ser uma alternativa vi\u00e1vel \u2014 e urgente. A mobilidade passava a ser vista n\u00e3o apenas como conforto, mas como direito: <strong>direito \u00e0 educa\u00e7\u00e3o, ao trabalho, \u00e0 sa\u00fade, ao conv\u00edvio social<\/strong>. O Nosso Bici emerge, ent\u00e3o, como um projeto de justi\u00e7a social urbana, com o potencial de transformar o cotidiano de dezenas de fam\u00edlias.<\/p>\n\n        <div class=\"separator-line\"><\/div>\n\n        <h2>O que \u00e9 o Nossa Bici<\/h2>\n        \n        <p>O Nossa Bici \u00e9 um sistema de bicicletas comunit\u00e1rias, concebido e implementado pelo Instituto Democracia Popular (IDP), com participa\u00e7\u00e3o direta da comunidade beneficiada.<\/p>\n        \n        <p>Ao inv\u00e9s de ser um sistema convencional, comercial ou privado, o Nossa Bici aposta na <strong>co-cria\u00e7\u00e3o, coopera\u00e7\u00e3o e corresponsabilidade<\/strong>: moradores participam das decis\u00f5es, da manuten\u00e7\u00e3o, do uso e da gest\u00e3o das bicicletas. Esse modelo comunit\u00e1rio redefine o que significa mobilidade urbana: n\u00e3o como um servi\u00e7o isolado, mas como um bem comum, constru\u00eddo coletivamente.<\/p>\n        \n        <p>O escopo inicial do projeto foi definido para atender a comunidade Chacrinha \u2013 Vila Esperan\u00e7a, no Alto Boqueir\u00e3o \u2014 mas, pela profundidade do impacto social, o Nossa Bici tem potencial para servir de inspira\u00e7\u00e3o e modelo para outras periferias e regi\u00f5es vulner\u00e1veis.<\/p>\n\n        <div class=\"separator-line\"><\/div>\n\n        <h2>Etapas de implementa\u00e7\u00e3o: como o projeto foi constru\u00eddo<\/h2>\n\n        <p>A constru\u00e7\u00e3o do Nossa Bici ocorreu em cinco etapas bem definidas \u2014 todas com participa\u00e7\u00e3o comunit\u00e1ria e compromisso coletivo.<\/p>\n\n        <ol>\n            <li>\n                <strong>Campanha de arrecada\u00e7\u00e3o de bicicletas e materiais<\/strong>\n                <p>O primeiro passo foi mobilizar doa\u00e7\u00f5es: bicicletas, pe\u00e7as, ferramentas e acess\u00f3rios. A campanha teve envolvimento de volunt\u00e1rios, apoiadores e da pr\u00f3pria comunidade. A resposta foi positiva: mais de 20 bicicletas foram arrecadadas, incluindo modelos variados (adulto, infantil) \u2014 um gesto que simboliza solidariedade e esperan\u00e7a. Esta etapa n\u00e3o serviu apenas para arrecadar \u2014 mas tamb\u00e9m para sensibilizar, conscientizar e criar v\u00ednculo entre moradores, volunt\u00e1rios e apoiadores sobre a import\u00e2ncia da mobilidade ativa e coletiva.<\/p>\n            <\/li>\n            <li>\n                <strong>Oficina mec\u00e2nica e capacita\u00e7\u00e3o local<\/strong>\n                <p>Para garantir sustentabilidade e autonomia, o projeto investiu em capacita\u00e7\u00e3o. Moradores participaram de oficinas de mec\u00e2nica b\u00e1sica, aprendendo a revisar, consertar e manter bicicletas. Isso torna o sistema menos dependente de ajuda externa e fortalece a comunidade: os pr\u00f3prios usu\u00e1rios passam a ser respons\u00e1veis pela manuten\u00e7\u00e3o. Essa abordagem fortalece o senso de pertencimento e empoderamento local, ao mesmo tempo em que assegura maior durabilidade e confiabilidade ao sistema.<\/p>\n            <\/li>\n            <li>\n                <strong>Oficina de mobilidade urbana e co-cria\u00e7\u00e3o do sistema<\/strong>\n                <p>Mais do que doar bicicletas, o Nossa Bici buscou envolver a comunidade na cria\u00e7\u00e3o das regras de uso. Em oficinas participativas, foram discutidos e definidos crit\u00e9rios de empr\u00e9stimo, hor\u00e1rios, responsabilidades, prioridades \u2014 tudo de forma coletiva. Esse protagonismo garante que o sistema reflita a realidade local, as necessidades reais dos moradores e promova corresponsabilidade \u2014 algo essencial para a perenidade do projeto.<\/p>\n            <\/li>\n            <li>\n                <strong>Triagem, personaliza\u00e7\u00e3o e estrutura\u00e7\u00e3o f\u00edsica<\/strong>\n                <p>Com as bicicletas arrecadadas e revisadas, realizou-se um mutir\u00e3o de triagem e personaliza\u00e7\u00e3o: pintura, revis\u00e3o de pe\u00e7as, identifica\u00e7\u00e3o visual \u2014 transformando-as em \u201cnovas bicicletas do projeto\u201d. Tamb\u00e9m foram instalados paraciclos, biciclet\u00e1rio comunit\u00e1rio e um totem de manuten\u00e7\u00e3o com ferramentas b\u00e1sicas, permitindo que a comunidade pudesse cuidar das bikes com seguran\u00e7a e praticidade. Essa infraestrutura f\u00edsica \u00e9 fundamental: ela d\u00e1 visibilidade ao projeto, organiza o uso, promove seguran\u00e7a e facilita o acesso.<\/p>\n            <\/li>\n            <li>\n                <strong>Lan\u00e7amento oficial e opera\u00e7\u00e3o do sistema<\/strong>\n                <p>O Nossa Bici foi oficialmente lan\u00e7ado no dia 07 de dezembro de 2024, com 14 bicicletas, 1 triciclo, paraciclos, cadeados e kit de manuten\u00e7\u00e3o. Desde ent\u00e3o, o sistema est\u00e1 em opera\u00e7\u00e3o, permitindo que moradores fa\u00e7am empr\u00e9stimos gratuitos para uso cotidiano \u2014 trabalho, escola, compras, deslocamentos \u2014 transformando radicalmente a mobilidade local.<\/p>\n            <\/li>\n        <\/ol>\n\n        <div class=\"separator-line\"><\/div>\n\n        <h2>Parceiros, apoios e quem torna o projeto poss\u00edvel<\/h2>\n\n        <p>O Nossa Bici \u00e9 fruto da articula\u00e7\u00e3o e colabora\u00e7\u00e3o de v\u00e1rias frentes:<\/p>\n\n        <ul>\n            <li>O <strong>Instituto Democracia Popular (IDP)<\/strong>, respons\u00e1vel pela idealiza\u00e7\u00e3o, coordena\u00e7\u00e3o e facilita\u00e7\u00e3o do processo de co-cria\u00e7\u00e3o.<\/li>\n            <li><strong>Comunidade beneficiada<\/strong> \u2014 moradores da Chacrinha \u2014 que participam ativamente: doa\u00e7\u00f5es, oficinas, manuten\u00e7\u00e3o, gest\u00e3o do sistema.<\/li>\n            <li>A empresa <strong><a href=\"https:\/\/www.bikefacil.com\" target=\"_blank\">Bike F\u00e1cil<\/a><\/strong>, que apoiou tecnicamente o projeto: cedeu m\u00e3o de obra, ajudou na prepara\u00e7\u00e3o e montagem das bicicletas, e colaborou com a estrutura\u00e7\u00e3o do sistema.<\/li>\n        <\/ul>\n\n        <p>Esse conjunto de atores refor\u00e7a uma l\u00f3gica de coopera\u00e7\u00e3o: mobilidade n\u00e3o como produto, mas como direito \u2014 e como constru\u00e7\u00e3o coletiva que envolve sociedade civil, neg\u00f3cio social e comunidade local. Al\u00e9m disso, o impacto do Nossa Bici dialoga com experi\u00eancias acad\u00eamicas: o projeto se inspirou parcialmente nos resultados do CoolabBici, iniciativa de extens\u00e3o da Universidade Federal do Paran\u00e1 (UFPR), que incentivava o uso compartilhado de bicicletas no ambiente universit\u00e1rio e foi adaptado, com sensibilidade e cuidado, para a realidade comunit\u00e1ria da Chacrinha.<\/p>\n\n        <div class=\"separator-line\"><\/div>\n\n        <h2>Impactos concretos: mobilidade, inclus\u00e3o e mudan\u00e7a social<\/h2>\n\n        <p>Desde seu lan\u00e7amento, o Nossa Bici vem gerando impactos profundos e multifacetados na vida dos moradores da Chacrinha \u2014 impactos que v\u00e3o al\u00e9m da simples locomo\u00e7\u00e3o.<\/p>\n\n        <p><strong>Autonomia e acesso:<\/strong> Para muitas fam\u00edlias, a bicicleta deixou de ser lazer ou instrumento de esporte \u2014 passou a ser meio de transporte, subs\u00eddio de mobilidade, ferramenta de acesso. Moradores que antes dependiam de transporte improvisado, caronas ou longas caminhadas hoje t\u00eam \u00e0 disposi\u00e7\u00e3o uma alternativa confi\u00e1vel e gratuita. Isso amplia o acesso a servi\u00e7os essenciais: escola, trabalho, sa\u00fade, mercados, lazer. Crian\u00e7as podem ir \u00e0 escola com seguran\u00e7a; adultos podem se deslocar de forma mais \u00e1gil e econ\u00f4mica. A mobilidade, antes um obst\u00e1culo, passa a ser oportunidade.<\/p>\n\n        <p><strong>Fortalecimento comunit\u00e1rio e engajamento:<\/strong> Por exigir participa\u00e7\u00e3o direta \u2014 manuten\u00e7\u00e3o, gest\u00e3o, regras \u2014 o projeto fortalece v\u00ednculos comunit\u00e1rios. Os moradores deixam de ser meros benefici\u00e1rios e se tornam protagonistas de sua pr\u00f3pria mobilidade. Isso gera senso de responsabilidade, colabora\u00e7\u00e3o, pertencimento. Al\u00e9m disso, a oficina de mec\u00e2nica e as atividades de manuten\u00e7\u00e3o promovem aprendizado t\u00e9cnico, valoriza\u00e7\u00e3o do saber local, e empoderamento. A comunidade ganha n\u00e3o s\u00f3 transporte, mas tamb\u00e9m capacidade de autogest\u00e3o.<\/p>\n\n        <p><strong>Sustentabilidade ambiental e justi\u00e7a urbana:<\/strong> A bicicleta, como meio de transporte, reduz a depend\u00eancia de ve\u00edculos motorizados, diminui emiss\u00f5es, polui\u00e7\u00e3o, consumo de combust\u00edvel. Numa comunidade onde o acesso por autom\u00f3vel ou transporte p\u00fablico \u00e9 limitado, a bike representa mobilidade com baixo impacto ambiental. O Nossa Bici mostra que mobilidade sustent\u00e1vel n\u00e3o \u00e9 luxo \u2014 \u00e9 necessidade. E, como diz o projeto, mobilidade deve ser um direito, n\u00e3o privil\u00e9gio.<\/p>\n\n        <p><strong>Inclus\u00e3o social e dignidade:<\/strong> Para fam\u00edlias que vivem \u00e0 margem da infraestrutura urbana, o acesso \u00e0 bicicleta representa dignidade. A possibilidade de se locomover com liberdade, com autonomia, com seguran\u00e7a \u2014 isso transforma a forma como pessoas veem a si mesmas e como a comunidade \u00e9 vista dentro da cidade. O Nossa Bici contribui para a quebra de barreiras sociais, territoriais e simb\u00f3licas. Ele afirma que toda pessoa \u2014 independentemente de onde more \u2014 merece ter acesso \u00e0 cidade.<\/p>\n\n        <p><strong>Transforma\u00e7\u00e3o cultural e potencial replica\u00e7\u00e3o:<\/strong> Mais do que um sistema de empr\u00e9stimo de bicicletas, o Nossa Bici representa um modelo de mobilidade comunit\u00e1ria \u2014 uma cultura de coopera\u00e7\u00e3o, protagonismo e mobilidade ativa. Essa cultura pode (e deve) servir de inspira\u00e7\u00e3o para outras comunidades e munic\u00edpios que enfrentam exclus\u00e3o territorial e transporte prec\u00e1rio. O fato de o projeto ter sido pensado em conjunto com a comunidade, adaptado \u00e0 sua realidade e executado de forma participativa, torna o modelo flex\u00edvel e replic\u00e1vel.<\/p>\n\n        <div class=\"separator-line\"><\/div>\n\n        <h2>Visibilidade p\u00fablica e registro documental<\/h2>\n\n        <p>O impacto e a import\u00e2ncia do Nossa Bici extrapolam a comunidade local: o projeto ganhou visibilidade p\u00fablica por meio de diferentes canais.<\/p>\n\n        <p>Em 2025, o IDP lan\u00e7ou um document\u00e1rio sobre o Nossa Bici \u2014 com dire\u00e7\u00e3o da cineasta Luana Muniz \u2014 que retrata a trajet\u00f3ria do projeto, desde a arrecada\u00e7\u00e3o de bicicletas, oficinas e montagem, at\u00e9 os impactos na vida dos moradores e os desafios enfrentados. A exibi\u00e7\u00e3o ocorreu no Cine Passeio, em Curitiba. Esse registro audiovisual funciona como documento de mem\u00f3ria social, inspira\u00e7\u00e3o e divulga\u00e7\u00e3o \u2014 fundamental para dar visibilidade \u00e0 mobilidade comunit\u00e1ria, chamar aten\u00e7\u00e3o da sociedade e estimular debate p\u00fablico sobre transporte, desigualdade urbana e inclus\u00e3o social.<\/p>\n\n        <p>Al\u00e9m disso, o apoio da <strong>Bike F\u00e1cil<\/strong> \u2014 com nota oficial de parceria \u2014 amplia o alcance institucional do projeto, mostrando que iniciativas sociais e empresas podem colaborar para transformar realidades.<\/p>\n\n        <div class=\"separator-line\"><\/div>\n\n        <h2>Desafios e sustentabilidade do projeto<\/h2>\n\n        <p>Embora o Nossa Bici seja um modelo inspirador, ele enfrenta desafios \u2014 como qualquer iniciativa comunit\u00e1ria \u2014 especialmente quando se busca perenidade.<\/p>\n\n        <ul>\n            <li><strong>Manuten\u00e7\u00e3o constante e recursos limitados:<\/strong> As bicicletas, muitas oriundas de doa\u00e7\u00f5es, precisam de manuten\u00e7\u00e3o regular. Pneus, pe\u00e7as, ajustes \u2014 sem cuidado cont\u00ednuo, o sistema pode se desgastar. A oficina local e o protagonismo da comunidade s\u00e3o fundamentais, mas dependem de comprometimento e engajamento constantes. Al\u00e9m disso, itens como pe\u00e7as de reposi\u00e7\u00e3o, ferramentas, ilumina\u00e7\u00e3o e infraestrutura adequada demandam recursos \u2014 nem sempre abundantes em comunidades de periferia.<\/li>\n            <li><strong>Infraestrutura urbana prec\u00e1ria:<\/strong> Mesmo com bicicletas dispon\u00edveis, os moradores ainda enfrentam as condi\u00e7\u00f5es prec\u00e1rias de acesso: estrada de terra, aus\u00eancia de pavimenta\u00e7\u00e3o, cal\u00e7amento, ilumina\u00e7\u00e3o e seguran\u00e7a no tr\u00e2nsito. A bicicleta ajuda \u2014 mas n\u00e3o substitui a necessidade de pol\u00edticas p\u00fablicas e investimentos em infraestrutura urbana.<\/li>\n            <li><strong>Sustentabilidade institucional e continuidade:<\/strong> Manter um sistema comunit\u00e1rio ativo exige apoio institucional, parcerias, recursos e governan\u00e7a clara. Sem continuidade no apoio de empresas parceiras, institui\u00e7\u00f5es ou da pr\u00f3pria comunidade, h\u00e1 risco de abandono ou de degrada\u00e7\u00e3o do sistema.<\/li>\n            <li><strong>Escalabilidade e replicabilidade: complexidade local:<\/strong> Levar o modelo para outras comunidades n\u00e3o \u00e9 apenas copiar e colar: \u00e9 preciso adaptar \u00e0s realidades, ouvir as pessoas, promover co-cria\u00e7\u00e3o local e garantir participa\u00e7\u00e3o. A replica\u00e7\u00e3o exige sensibilidade, recursos e compromisso.<\/li>\n        <\/ul>\n\n        <p>Esses desafios mostram que, embora poderosa, a mobilidade comunit\u00e1ria demanda cuidado, planejamento e solidariedade coletiva.<\/p>\n\n        <div class=\"separator-line\"><\/div>\n\n        <h2>Reconhecimentos, pr\u00eamios e legitima\u00e7\u00e3o social<\/h2>\n\n        <p>Apesar de ser relativamente recente, o Nossa Bici j\u00e1 v\u00eam conquistando reconhecimento institucional, visibilidade p\u00fablica e pr\u00eamios que valorizam seu impacto social e inova\u00e7\u00e3o.<\/p>\n\n        <p><strong>Pr\u00eamios e distin\u00e7\u00f5es:<\/strong> O projeto vem sendo destaque entre iniciativas de mobilidade sustent\u00e1vel, urbanismo social e ativismo comunit\u00e1rio. O apoio da Bike F\u00e1cil contribui para sua visibilidade e credibilidade. O document\u00e1rio lan\u00e7ado em 2025 amplia muito o alcance da iniciativa, permitindo que o Brasil \u2014 e quem mais tiver acesso \u2014 conhe\u00e7a de perto a realidade da comunidade Chacrinha e o impacto da mobilidade comunit\u00e1ria. Esses reconhecimentos ajudam a legitimar o Nossa Bici como exemplo positivo de mobilidade urbana inclusiva, inspirando ado\u00e7\u00e3o ou adapta\u00e7\u00e3o do modelo em outras regi\u00f5es.<\/p>\n\n        <p><strong>Papel simb\u00f3lico e inspirador:<\/strong> Mais do que pr\u00eamios, o Nossa Bici ganhou significado simb\u00f3lico: representa a possibilidade concreta de que comunidades historicamente marginalizadas possam resgatar dignidade, liberdade de movimento e pertencimento \u00e0 cidade. Ele prova que mobilidade n\u00e3o depende apenas de grandes pol\u00edticas p\u00fablicas ou infraestrutura sofisticada \u2014 mas de vontade coletiva, solidariedade, coopera\u00e7\u00e3o e cidadania.<\/p>\n\n        <div class=\"separator-line\"><\/div>\n\n        <h2>Por que o Nossa Bici \u00e9 mais do que um projeto local \u2014 \u00e9 um paradigma de mobilidade urbana<\/h2>\n\n        <p>O Nossa Bici reflete uma vis\u00e3o ampliada de mobilidade urbana \u2014 uma vis\u00e3o que integra justi\u00e7a social, sustentabilidade, participa\u00e7\u00e3o comunit\u00e1ria, sa\u00fade, educa\u00e7\u00e3o e dignidade. Ele redefine o que entendemos por transporte: n\u00e3o como servi\u00e7o isolado, comercial ou elitista, mas como <strong>direito humano fundamental<\/strong>.<\/p>\n\n        <p>Al\u00e9m disso, o modelo demonstra que iniciativas de base \u2014 quando bem estruturadas e participativas \u2014 podem oferecer solu\u00e7\u00f5es reais, eficazes e adaptadas \u00e0 realidade local, superando limita\u00e7\u00f5es de recursos p\u00fablicos ou privados. Num contexto de urbaniza\u00e7\u00e3o acelerada, desigualdades persistentes e crise ambiental, o Nossa Bici surge como uma luz de esperan\u00e7a: prova de que cidades mais humanas, sustent\u00e1veis e inclusivas s\u00e3o poss\u00edveis \u2014 com bicicleta, coopera\u00e7\u00e3o e cidadania.<\/p>\n\n        <div class=\"separator-line\"><\/div>\n\n        <h2>O futuro do Nossa Bici e perspectivas de expans\u00e3o<\/h2>\n\n        <p>O impacto j\u00e1 vis\u00edvel na Chacrinha \u00e9 apenas o come\u00e7o. O Nossa Bici tem potencial para ser replicado em outras comunidades vulner\u00e1veis, com adapta\u00e7\u00f5es necess\u00e1rias \u00e0 realidade local. Para isso, \u00e9 importante manter a base de coopera\u00e7\u00e3o: continuar com oficinas de manuten\u00e7\u00e3o, mobiliza\u00e7\u00e3o comunit\u00e1ria, parcerias institucionais e visibilidade p\u00fablica.<\/p>\n\n        <p>Tamb\u00e9m \u00e9 poss\u00edvel que o projeto inspire pol\u00edticas p\u00fablicas e iniciativas de micromobilidade em outras regi\u00f5es da cidade, do pa\u00eds \u2014 como um modelo de mobilidade inclusiva e comunit\u00e1ria, complementando sistemas p\u00fablicos ou privados de transporte. Ademais, o registro documental \u2014 por meio do document\u00e1rio e da m\u00eddia \u2014 contribui para consolidar o Nossa Bici como refer\u00eancia, mem\u00f3ria coletiva e exemplo para ativistas, gestores urbanos e cidad\u00e3os interessados em justi\u00e7a social e mobilidade sustent\u00e1vel.<\/p>\n\n        <div class=\"separator-line\"><\/div>\n\n        <h2>Conclus\u00e3o: mobilidade, cidadania e transforma\u00e7\u00e3o social \u2014 pedalando por um futuro mais justo<\/h2>\n\n        <p>O Nossa Bici nos mostra que a bicicleta pode ser muito mais do que lazer ou esporte: ela pode ser ve\u00edculo de inclus\u00e3o, autonomia, dignidade e transforma\u00e7\u00e3o social.<\/p>\n\n        <p>Em cada pedalada que atravessa a estrada de terra da Chacrinha, h\u00e1 resist\u00eancia \u2014 resist\u00eancia \u00e0 neglig\u00eancia hist\u00f3rica, \u00e0 exclus\u00e3o urbana, \u00e0 invisibilidade. H\u00e1 desejo de pertencimento \u00e0 cidade, de acesso \u2014 n\u00e3o como favor, mas como direito.<\/p>\n\n        <p>O projeto prova que, mesmo com poucos recursos, \u00e9 poss\u00edvel construir solu\u00e7\u00f5es reais e disruptivas, quando h\u00e1 vontade coletiva, participa\u00e7\u00e3o local e compromisso com o bem-comum.<\/p>\n\n        <p>Que o Nossa Bici sirva de inspira\u00e7\u00e3o para outras comunidades \u2014 e que a mobilidade, em toda cidade, deixe de ser privil\u00e9gio para ser direito. Que cada bicicleta doada, cada oficina realizada, cada pedalada representem mais do que movimento: representem dignidade, esperan\u00e7a e perten\u00e7a.<\/p>\n\n        <p>Porque, no fim das contas, <strong>mobilidade \u00e9 cidadania \u2014 e cidadania deve ser para todos<\/strong>.<\/p>\n\n        <div class=\"references\">\n            <p>Leia tamb\u00e9m:<\/p>\n            <ul>\n                <li>Conhe\u00e7a mais sobre mobilidade sustent\u00e1vel e sistemas de bike sharing em <a href=\"https:\/\/www.bikefacil.com\" target=\"_blank\">www.bikefacil.com<\/a><\/li>\n                <li>Saiba como Curitiba est\u00e1 expandindo suas ciclovias: <a href=\"https:\/\/www.curitiba.pr.gov.br\/\" target=\"_blank\" rel=\"noopener\">Prefeitura de Curitiba<\/a><\/li>\n                <li>Explore relat\u00f3rios sobre mobilidade ativa e sustentabilidade: <a href=\"https:\/\/unhabitat.org\/\" target=\"_blank\" rel=\"noopener\">ONU Habitat<\/a><\/li>\n            <\/ul>\n        <\/div>\n\n    <\/div>\n<\/div><div class=\"fusion-builder-row fusion-builder-row-inner fusion-row fusion-flex-align-items-flex-start fusion-flex-content-wrap\" style=\"width:103% !important;max-width:103% !important;margin-left: calc(-3% \/ 2 );margin-right: calc(-3% \/ 2 );\"><div class=\"fusion-layout-column fusion_builder_column_inner fusion-builder-nested-column-0 fusion_builder_column_inner_1_1 1_1 fusion-flex-column\" style=\"--awb-padding-top:60px;--awb-padding-right:60px;--awb-padding-bottom:40px;--awb-padding-left:60px;--awb-overflow:hidden;--awb-bg-color:var(--awb-color2);--awb-bg-color-hover:var(--awb-color2);--awb-bg-size:cover;--awb-border-color:var(--awb-color5);--awb-border-color-hover:var(--awb-color4);--awb-border-left:5px;--awb-border-style:solid;--awb-border-radius:20px 20px 20px 20px;--awb-width-large:100%;--awb-spacing-right-large:1.455%;--awb-margin-bottom-large:0px;--awb-spacing-left-large:1.455%;--awb-width-medium:100%;--awb-order-medium:0;--awb-spacing-right-medium:1.455%;--awb-spacing-left-medium:1.455%;--awb-width-small:100%;--awb-order-small:0;--awb-spacing-right-small:1.455%;--awb-spacing-left-small:1.455%;\"><div class=\"fusion-column-wrapper fusion-column-has-shadow fusion-flex-justify-content-flex-start fusion-content-layout-column\"><div class=\"fusion-text fusion-text-1\" style=\"--awb-font-size:20px;--awb-line-height:1.6em;--awb-letter-spacing:-0.01em;--awb-text-color:var(--awb-color6);--awb-text-font-family:var(--awb-typography2-font-family);--awb-text-font-weight:var(--awb-typography2-font-weight);--awb-text-font-style:var(--awb-typography2-font-style);\"><p><strong>Vamos agregar valor ao seu projeto!<br \/>\n<\/strong>Entre em contato com a Bike F\u00e1cil, somos especialistas em solu\u00e7\u00f5es de mobilidade ativa. E aproveite para explorar outros artigos no nosso blog sobre infraestrutura ciclovi\u00e1ria, inova\u00e7\u00e3o urbana e sustentabilidade.<\/p>\n<\/div><\/div><\/div><\/div>\n<\/div><\/div><\/div><\/div>\n","protected":false},"excerpt":{"rendered":"<p>Get the latest insights, market trends &#038; inspiration!<\/p>\n","protected":false},"author":8,"featured_media":11197,"comment_status":"closed","ping_status":"closed","sticky":false,"template":"","format":"standard","meta":{"_acf_changed":false,"footnotes":""},"categories":[111],"tags":[189,188,187,240,158,241,239,190],"class_list":["post-11136","post","type-post","status-publish","format-standard","has-post-thumbnail","hentry","category-noticias","tag-bicicleta","tag-esg","tag-mobilidade-ativa","tag-mobilidade-comunitaria","tag-mobilidade-sustentavel","tag-nossa-bici","tag-projeto-nossa-bici","tag-sustentabilidade"],"acf":[],"_links":{"self":[{"href":"https:\/\/bikefacil.com\/?rest_route=\/wp\/v2\/posts\/11136","targetHints":{"allow":["GET"]}}],"collection":[{"href":"https:\/\/bikefacil.com\/?rest_route=\/wp\/v2\/posts"}],"about":[{"href":"https:\/\/bikefacil.com\/?rest_route=\/wp\/v2\/types\/post"}],"author":[{"embeddable":true,"href":"https:\/\/bikefacil.com\/?rest_route=\/wp\/v2\/users\/8"}],"replies":[{"embeddable":true,"href":"https:\/\/bikefacil.com\/?rest_route=%2Fwp%2Fv2%2Fcomments&post=11136"}],"version-history":[{"count":2,"href":"https:\/\/bikefacil.com\/?rest_route=\/wp\/v2\/posts\/11136\/revisions"}],"predecessor-version":[{"id":11199,"href":"https:\/\/bikefacil.com\/?rest_route=\/wp\/v2\/posts\/11136\/revisions\/11199"}],"wp:featuredmedia":[{"embeddable":true,"href":"https:\/\/bikefacil.com\/?rest_route=\/wp\/v2\/media\/11197"}],"wp:attachment":[{"href":"https:\/\/bikefacil.com\/?rest_route=%2Fwp%2Fv2%2Fmedia&parent=11136"}],"wp:term":[{"taxonomy":"category","embeddable":true,"href":"https:\/\/bikefacil.com\/?rest_route=%2Fwp%2Fv2%2Fcategories&post=11136"},{"taxonomy":"post_tag","embeddable":true,"href":"https:\/\/bikefacil.com\/?rest_route=%2Fwp%2Fv2%2Ftags&post=11136"}],"curies":[{"name":"wp","href":"https:\/\/api.w.org\/{rel}","templated":true}]}}