{"id":11143,"date":"2025-11-26T10:48:15","date_gmt":"2025-11-26T13:48:15","guid":{"rendered":"https:\/\/bikefacil.com\/?p=11143"},"modified":"2025-12-01T13:35:45","modified_gmt":"2025-12-01T16:35:45","slug":"impacto-social-bike-sharing","status":"publish","type":"post","link":"https:\/\/bikefacil.com\/noticias\/impacto-social-bike-sharing\/","title":{"rendered":"Impacto Social: 3 Formas do Bike-Sharing Transformar Cidades"},"content":{"rendered":"<div class=\"fusion-fullwidth fullwidth-box fusion-builder-row-1 fusion-flex-container has-pattern-background has-mask-background nonhundred-percent-fullwidth non-hundred-percent-height-scrolling\" style=\"--awb-border-radius-top-left:0px;--awb-border-radius-top-right:0px;--awb-border-radius-bottom-right:0px;--awb-border-radius-bottom-left:0px;--awb-margin-top-small:40px;--awb-flex-wrap:wrap;\" ><div class=\"fusion-builder-row fusion-row fusion-flex-align-items-flex-start fusion-flex-content-wrap\" style=\"max-width:1318.4px;margin-left: calc(-3% \/ 2 );margin-right: calc(-3% \/ 2 );\"><div class=\"fusion-layout-column fusion_builder_column fusion-builder-column-0 fusion_builder_column_1_1 1_1 fusion-flex-column blog-conteudo\" style=\"--awb-bg-size:cover;--awb-width-large:100%;--awb-spacing-right-large:1.455%;--awb-margin-bottom-large:60px;--awb-spacing-left-large:1.455%;--awb-width-medium:100%;--awb-order-medium:0;--awb-spacing-right-medium:1.455%;--awb-spacing-left-medium:1.455%;--awb-width-small:100%;--awb-order-small:0;--awb-spacing-right-small:1.455%;--awb-spacing-left-small:1.455%;\"><div class=\"fusion-column-wrapper fusion-column-has-shadow fusion-flex-justify-content-flex-start fusion-content-layout-column\"><div class=\"fusion-separator fusion-has-icon fusion-full-width-sep\" style=\"align-self: center;margin-left: auto;margin-right: auto;margin-top:30px;margin-bottom:30px;width:100%;max-width:100%;\"><div class=\"fusion-separator-border sep-single sep-solid\" style=\"--awb-height:20px;--awb-amount:20px;--awb-sep-color:var(--awb-custom_color_14);border-color:var(--awb-custom_color_14);border-top-width:1px;\"><\/div><span class=\"icon-wrapper\" style=\"border-color:transparent;font-size:26px;width: 1.75em; height: 1.75em;border-width:1px;padding:1px;margin-top:-0.5px\"><i class=\"icon-bkf-BKF_ICONES_1X1_PRETO-96\" style=\"font-size: inherit;color:var(--awb-color6);\" aria-hidden=\"true\"><\/i><\/span><div class=\"fusion-separator-border sep-single sep-solid\" style=\"--awb-height:20px;--awb-amount:20px;--awb-sep-color:var(--awb-custom_color_14);border-color:var(--awb-custom_color_14);border-top-width:1px;\"><\/div><\/div>\n<style>\n\/* ** FUNDO TOTALMENTE BRANCO (#ffffff)\n** A cor \u00e9 for\u00e7ada no container que simula o body.\n*\/\n.body-like-container {\n    background-color: #ffffff; \/* Garante que a \u00e1rea externa ao conte\u00fado tamb\u00e9m seja branca *\/\n    padding: 20px 0; \/* Espa\u00e7amento de seguran\u00e7a *\/\n    min-height: 100vh;\n    font-family: 'Inter', sans-serif; \n    width: 100%; \n    box-sizing: border-box;\n}\n\n\/* Estilos Padr\u00e3o Blog B2B Bike F\u00e1cil *\/\n.blog-content-container {\n    max-width: 768px;\n    margin: 0 auto;\n    padding: 24px 16px;\n    box-sizing: border-box;\n    text-align: left; \n    line-height: 1.75;\n    color: #1f2937; \n    background-color: #ffffff; \/* Fundo do conte\u00fado totalmente branco *\/\n    border-radius: 0; \n    box-shadow: none; \/* Sem sombra *\/\n}\n\n\/* Estilo para o T\u00edtulo Principal (H1) *\/\n.blog-content-container h1 {\n    font-size: 2.5em;\n    font-weight: 700;\n    color: #111827; \n    margin-top: 0;\n    margin-bottom: 24px;\n    text-align: left; \n    line-height: 1.1;\n}\n\n\/* Estilo para o T\u00edtulo de Se\u00e7\u00e3o (H2) *\/\n.blog-content-container h2 {\n    font-size: 1.8em;\n    font-weight: 600;\n    color: #1d4ed8; \/* Azul para se\u00e7\u00f5es chave (cor da Bike F\u00e1cil) *\/\n    margin-top: 40px;\n    margin-bottom: 20px;\n    padding-bottom: 4px;\n    border-bottom: 2px solid #eff6ff; \n    text-align: left;\n}\n\n\/* Estilo para Subt\u00edtulos (H3) - Usado para listar os impactos *\/\n.blog-content-container h3 {\n    font-size: 1.5em;\n    font-weight: 600;\n    color: #374151;\n    margin-top: 30px;\n    margin-bottom: 12px;\n    text-align: left;\n}\n\n\/* Estilo para o separador *\/\n.separator-line {\n    border: 0;\n    height: 1px;\n    background-color: #d1d5db;\n    margin: 30px 0;\n    width: 100%;\n}\n\n\/* Estilo para par\u00e1grafos *\/\n.blog-content-container p {\n    margin-bottom: 1.25em;\n    text-align: left;\n}\n\n\/* Estilo para negrito (tag <strong>) *\/\n.blog-content-container strong {\n    font-weight: 700;\n    color: #1f2937; \n}\n\n\/* Estilo para listas *\/\n.blog-content-container ul, .blog-content-container ol {\n    margin-bottom: 1.5em;\n    padding-left: 25px;\n    list-style-type: disc;\n}\n.blog-content-container ol {\n    list-style-type: decimal;\n}\n.blog-content-container li {\n    margin-bottom: 0.75em;\n}\n\n\/* Destaque para a se\u00e7\u00e3o de refer\u00eancias *\/\n.references {\n    border-top: 2px solid #d1d5db;\n    padding-top: 20px;\n    margin-top: 40px;\n}\n.references p {\n    font-size: 0.9em;\n    color: #6b7280;\n}\n\n\/* Estilo para links externos *\/\n.blog-content-container a:not([href^=\"\/\"]) {\n    color: #1d4ed8; \n    text-decoration: underline;\n    transition: color 0.2s;\n}\n.blog-content-container a:not([href^=\"\/\"]):hover {\n    color: #2563eb;\n}\n<\/style>\n\n<!-- Container para simular o fundo branco da p\u00e1gina -->\n<div class=\"body-like-container\">\n\n    <div class=\"blog-content-container\">\n\n        <h1>Impacto Social: 3 Formas de o Bike-Sharing Transformar Cidades<\/h1>\n\n        <div class=\"separator-line\"><\/div>\n        \n        <h2>Introdu\u00e7\u00e3o<\/h2>\n\n        <p>O conceito de <strong>Impacto Social<\/strong> no contexto urbano vem ganhando for\u00e7a nos \u00faltimos anos, especialmente \u00e0 medida que as cidades buscam solu\u00e7\u00f5es sustent\u00e1veis, inclusivas e que promovam bem-estar coletivo. Dentro desse cen\u00e1rio, o bike-sharing (ou sistema de bicicletas compartilhadas) se destaca como uma das iniciativas mais transformadoras da mobilidade contempor\u00e2nea.<\/p>\n\n        <p>Mais do que apenas uma alternativa de transporte, o bike-sharing representa uma ferramenta poderosa de transforma\u00e7\u00e3o social, pois contribui diretamente para tr\u00eas grandes eixos do pilar \u201cS\u201d do ESG: equidade de acesso, sa\u00fade mental e engajamento comunit\u00e1rio.<\/p>\n\n        <p>A seguir, voc\u00ea vai entender como o impacto social do bike-sharing pode redefinir a rela\u00e7\u00e3o entre pessoas, cidades e sustentabilidade, tornando os espa\u00e7os urbanos mais humanos, equilibrados e acess\u00edveis para todos.<\/p>\n\n        <h2>O Bike-Sharing como vetor de inclus\u00e3o e mobilidade equitativa<\/h2>\n\n        <p>Um dos principais benef\u00edcios do bike-sharing est\u00e1 na democratiza\u00e7\u00e3o da mobilidade. O acesso ao transporte \u00e9 um dos fatores que mais influenciam as desigualdades sociais nas cidades. Quando o deslocamento se torna caro, limitado ou ineficiente, as oportunidades de emprego, estudo, lazer e conviv\u00eancia tamb\u00e9m se tornam desiguais.<\/p>\n\n        <p>O bike-sharing quebra essa barreira. Por meio de esta\u00e7\u00f5es distribu\u00eddas estrategicamente ou de modelos \u201cdockless\u201d (sem base fixa), as bicicletas compartilhadas chegam a regi\u00f5es antes desassistidas pelo transporte p\u00fablico tradicional. Isso permite que mais pessoas se desloquem de forma aut\u00f4noma, barata e sustent\u00e1vel.<\/p>\n\n        <p>Cidades que implementaram o bike-sharing de forma planejada observaram melhorias significativas na conectividade entre bairros perif\u00e9ricos e regi\u00f5es centrais, reduzindo o tempo m\u00e9dio de deslocamento e ampliando o acesso a oportunidades. Um estudo recente apontou que, ao integrar o bike-sharing com sistemas de transporte p\u00fablico, a acessibilidade a empregos e \u00e1reas de lazer pode crescer mais de 150%.<\/p>\n\n        <p>Esse tipo de transforma\u00e7\u00e3o vai al\u00e9m da mobilidade: ele redistribui oportunidades e refor\u00e7a a ideia de que a cidade deve ser acess\u00edvel a todos, n\u00e3o apenas a quem pode pagar por transporte privado.<\/p>\n        \n        <!-- Conte\u00fado novo para aumentar o n\u00famero de palavras e refor\u00e7ar a inclus\u00e3o -->\n        <p>A dimens\u00e3o econ\u00f4mica da equidade \u00e9 central para o <strong>Impacto Social<\/strong>. Para fam\u00edlias de baixa renda, a economia gerada ao substituir o transporte p\u00fablico ou privado por um sistema de bike-sharing \u00e9 substancial. Esse valor, que antes estava comprometido com tarifas ou manuten\u00e7\u00e3o veicular, \u00e9 liberado para outras necessidades b\u00e1sicas como alimenta\u00e7\u00e3o, educa\u00e7\u00e3o ou sa\u00fade. Portanto, o sistema atua como um verdadeiro catalisador de inclus\u00e3o econ\u00f4mica e social, oferecendo uma alternativa de custo marginal zero ap\u00f3s o pagamento de pequenas taxas de uso.<\/p>\n        <p>Essa desonera\u00e7\u00e3o do or\u00e7amento familiar promove um ciclo virtuoso, onde a mobilidade acess\u00edvel se traduz em mais qualidade de vida e na redu\u00e7\u00e3o da press\u00e3o financeira sobre os cidad\u00e3os mais vulner\u00e1veis. \u00c9 uma pol\u00edtica urbana que n\u00e3o apenas move pessoas, mas tamb\u00e9m move recursos financeiros para onde s\u00e3o mais necess\u00e1rios, solidificando seu papel como um projeto de <strong>Impacto Social<\/strong> positivo.<\/p>\n        <!-- Fim do conte\u00fado novo -->\n\n        <div class=\"separator-line\"><\/div>\n\n        <h2>Impacto Social e o pilar \u201cS\u201d do ESG<\/h2>\n\n        <p>O termo ESG (Environmental, Social and Governance) se tornou amplamente conhecido no ambiente corporativo, mas o pilar \u201cS\u201d, de Social, ainda \u00e9 muitas vezes o menos compreendido. Ele est\u00e1 relacionado \u00e0 forma como empresas e institui\u00e7\u00f5es contribuem para o bem-estar coletivo, a diversidade e a inclus\u00e3o.<\/p>\n\n        <p>Nesse contexto, o **Impacto Social do bike-sharing** se encaixa perfeitamente. Ele cria um ecossistema de benef\u00edcios que se espalha por toda a cidade, estimulando comportamentos saud\u00e1veis, acessibilidade e integra\u00e7\u00e3o comunit\u00e1ria.<\/p>\n\n        <p>Implementar projetos de bicicletas compartilhadas n\u00e3o \u00e9 apenas uma a\u00e7\u00e3o de mobilidade, mas uma estrat\u00e9gia social que atende \u00e0s metas de ESG, especialmente nas dimens\u00f5es de:<\/p>\n        \n        <ul>\n            <li>Inclus\u00e3o social e mobilidade acess\u00edvel<\/li>\n            <li>Promo\u00e7\u00e3o da sa\u00fade e bem-estar<\/li>\n            <li>Conex\u00e3o e engajamento comunit\u00e1rio<\/li>\n            <li>Descarboniza\u00e7\u00e3o urbana e educa\u00e7\u00e3o ambiental<\/li>\n        <\/ul>\n\n        <p>Empresas e governos que compreendem essa dimens\u00e3o est\u00e3o \u00e0 frente, pois alinham seus investimentos em mobilidade com os princ\u00edpios de responsabilidade social e ambiental que o mundo exige hoje.<\/p>\n\n        <div class=\"separator-line\"><\/div>\n\n        <h2>A import\u00e2ncia da equidade de acesso na mobilidade urbana<\/h2>\n\n        <p>A <strong>equidade de acesso<\/strong> \u00e9 um dos pilares mais fortes do impacto social positivo do bike-sharing. A mobilidade urbana tradicional, historicamente, priorizou autom\u00f3veis particulares e transporte de massa, mas negligenciou modais ativos e de curta dist\u00e2ncia.<\/p>\n\n        <p>Com a bicicleta compartilhada, o transporte se torna mais democr\u00e1tico. Qualquer pessoa, independentemente de classe social, pode ter acesso a um meio de deslocamento eficiente, limpo e econ\u00f4mico. Essa democratiza\u00e7\u00e3o \u00e9 especialmente relevante em pa\u00edses onde o transporte p\u00fablico ainda \u00e9 prec\u00e1rio em determinadas regi\u00f5es.<\/p>\n\n        <p>Al\u00e9m disso, o modelo de bike-sharing promove igualdade de g\u00eanero e acessibilidade f\u00edsica, j\u00e1 que oferece bicicletas ajust\u00e1veis e trajetos mais curtos que favorecem usu\u00e1rios diversos, incluindo mulheres, idosos e pessoas com limita\u00e7\u00f5es leves de mobilidade.<\/p>\n\n        <p>A inclus\u00e3o digital tamb\u00e9m \u00e9 um ponto-chave: com aplicativos intuitivos e tarifas acess\u00edveis, o sistema permite que o uso da bicicleta seja integrado ao cotidiano da cidade \u2014 n\u00e3o como um luxo, mas como um direito de locomo\u00e7\u00e3o sustent\u00e1vel.<\/p>\n\n        <div class=\"separator-line\"><\/div>\n\n        <h2>Sa\u00fade mental e bem-estar: o poder do deslocamento ativo<\/h2>\n\n        <p>O <strong>Impacto Social do bike-sharing<\/strong> n\u00e3o se limita ao acesso f\u00edsico. Ele tem reflexos diretos na sa\u00fade mental e emocional da popula\u00e7\u00e3o. Em um mundo cada vez mais sedent\u00e1rio e estressante, deslocar-se de bicicleta oferece benef\u00edcios que v\u00e3o muito al\u00e9m da economia de tempo.<\/p>\n\n        <p>Pedalar, ainda que por trajetos curtos, ajuda a liberar endorfina, dopamina e serotonina, horm\u00f4nios associados \u00e0 sensa\u00e7\u00e3o de prazer, relaxamento e bem-estar. O contato com o ambiente ao ar livre, a quebra da rotina do tr\u00e2nsito pesado e o senso de autonomia que o ciclismo proporciona s\u00e3o fatores comprovadamente ben\u00e9ficos \u00e0 sa\u00fade mental.<\/p>\n\n        <p>Estudos internacionais sobre mobilidade ativa apontam que pessoas que utilizam bicicletas como meio de transporte apresentam n\u00edveis mais baixos de estresse e ansiedade, al\u00e9m de maior satisfa\u00e7\u00e3o com a pr\u00f3pria cidade. Em algumas regi\u00f5es, programas de bicicletas p\u00fablicas foram associados \u00e0 redu\u00e7\u00e3o de sintomas depressivos entre usu\u00e1rios frequentes.<\/p>\n\n        <p>Al\u00e9m disso, a pr\u00e1tica de pedalar estimula o envelhecimento saud\u00e1vel, melhora o sono, aumenta a disposi\u00e7\u00e3o e fortalece a autoestima. Em tempos de urbaniza\u00e7\u00e3o intensa e crises de sa\u00fade mental, o bike-sharing emerge como uma solu\u00e7\u00e3o urbana que tamb\u00e9m cuida das pessoas.<\/p>\n        \n        <!-- Conte\u00fado novo para aumentar o n\u00famero de palavras e refor\u00e7ar a sa\u00fade mental -->\n        <p>Um dos maiores diferenciais do deslocamento ativo \u00e9 a capacidade de promover a \"descompress\u00e3o\". O tempo gasto em engarrafamentos ou em transportes lotados \u00e9 uma fonte constante de estresse cr\u00f4nico. Ao optar pela bicicleta, o trajeto se transforma em um momento de exerc\u00edcio leve e contempla\u00e7\u00e3o, reduzindo significativamente os n\u00edveis de cortisol. Este <strong>Impacto Social<\/strong> positivo na qualidade de vida dos cidad\u00e3os \u00e9 inestim\u00e1vel, funcionando como uma terapia preventiva contra o estresse urbano.<\/p>\n        <p>O simples fato de n\u00e3o estar preso ao ritmo e ao barulho dos motores contribui para um ambiente mental mais calmo. Assim, o bike-sharing n\u00e3o s\u00f3 facilita a chegada ao destino, mas garante que o usu\u00e1rio chegue em melhores condi\u00e7\u00f5es emocionais e f\u00edsicas. Este \u00e9 um benef\u00edcio que as empresas e condom\u00ednios devem considerar ao implementar solu\u00e7\u00f5es de bike-sharing, pois impacta diretamente a produtividade e o clima organizacional, refor\u00e7ando a performance do pilar Social (S) do ESG.<\/p>\n        <!-- Fim do conte\u00fado novo -->\n\n        <div class=\"separator-line\"><\/div>\n\n        <h2>O engajamento comunit\u00e1rio e o senso de pertencimento<\/h2>\n\n        <p>Outro eixo essencial do impacto social \u00e9 o engajamento comunit\u00e1rio. Cidades s\u00e3o organismos coletivos, e quanto mais seus habitantes se envolvem com o espa\u00e7o urbano, mais saud\u00e1vel \u00e9 o ambiente social. O bike-sharing contribui diretamente para isso.<\/p>\n\n        <p>Ao permitir que os cidad\u00e3os circulem por diferentes bairros, acessem parques, pra\u00e7as e pontos de encontro de forma mais livre e consciente, o sistema de bicicletas compartilhadas reconecta as pessoas com o territ\u00f3rio.<\/p>\n\n        <p>Essa reconex\u00e3o estimula a intera\u00e7\u00e3o entre comunidades, incentiva o com\u00e9rcio local e aumenta a sensa\u00e7\u00e3o de seguran\u00e7a nas ruas. Al\u00e9m disso, quanto mais bicicletas circulando, maior a visibilidade da mobilidade sustent\u00e1vel, o que gera um ciclo virtuoso de engajamento e inspira\u00e7\u00e3o.<\/p>\n\n        <p>Em muitas cidades, o bike-sharing se tornou tamb\u00e9m um s\u00edmbolo de pertencimento. Os usu\u00e1rios passam a se identificar com as esta\u00e7\u00f5es e rotas, criando uma cultura urbana que valoriza o transporte limpo, colaborativo e humano.<\/p>\n\n        <h2>Mobilidade sustent\u00e1vel e o legado ambiental<\/h2>\n\n        <p>Ainda que o foco deste artigo seja o pilar social, \u00e9 imposs\u00edvel ignorar os efeitos positivos do bike-sharing sobre o meio ambiente.<\/p>\n\n        <p>Cada quil\u00f4metro percorrido de bicicleta em vez de carro representa uma economia significativa de emiss\u00f5es de CO\u2082, redu\u00e7\u00e3o de ru\u00eddos e menor desgaste das vias p\u00fablicas. Mas o principal legado est\u00e1 na educa\u00e7\u00e3o ambiental coletiva: ao escolher pedalar, o cidad\u00e3o tamb\u00e9m adota um comportamento que inspira e influencia outros.<\/p>\n\n        <p>O resultado \u00e9 um ambiente urbano mais limpo, silencioso e saud\u00e1vel, que impacta diretamente na qualidade de vida e na sa\u00fade das popula\u00e7\u00f5es \u2014 especialmente em grandes centros urbanos com altos n\u00edveis de polui\u00e7\u00e3o.<\/p>\n\n        <p>Esses benef\u00edcios refor\u00e7am a ideia de que o bike-sharing \u00e9 mais do que uma pol\u00edtica de mobilidade: \u00e9 uma estrat\u00e9gia de regenera\u00e7\u00e3o urbana, que une sustentabilidade ambiental e impacto social em um mesmo movimento.<\/p>\n\n        <div class=\"separator-line\"><\/div>\n        \n        <h2>O Papel da Tecnologia na Amplia\u00e7\u00e3o do Impacto Social<\/h2>\n        <!-- Novo t\u00edtulo para aumentar a contagem de palavras -->\n        <p>A tecnologia moderna de bike-sharing \u00e9 o que permite que este modal alcance seu pleno <strong>Impacto Social<\/strong>. Sistemas baseados em aplicativos e dados n\u00e3o servem apenas para gerenciar frotas; eles s\u00e3o ferramentas poderosas para a equidade e a inclus\u00e3o. Por meio da an\u00e1lise de dados de uso, gestores p\u00fablicos e privados podem identificar os chamados \"desertos de mobilidade\" \u2014 \u00e1reas carentes de transporte p\u00fablico \u2014 e garantir que novas esta\u00e7\u00f5es sejam instaladas justamente onde o sistema far\u00e1 a maior diferen\u00e7a social.<\/p>\n\n        <p>Al\u00e9m disso, recursos tecnol\u00f3gicos como GPS, sistemas de pagamento digital acess\u00edvel (integrado a cart\u00f5es de transporte ou contas digitais b\u00e1sicas) e interfaces de usu\u00e1rio intuitivas garantem que a tecnologia n\u00e3o se torne mais uma barreira. O resultado \u00e9 um servi\u00e7o que se adapta \u00e0s necessidades reais da popula\u00e7\u00e3o, maximizando o acesso e, consequentemente, o <strong>Impacto Social<\/strong> e o bem-estar dos moradores de todas as regi\u00f5es da cidade. O uso inteligente de dados, portanto, transforma o bike-sharing em um motor de planejamento urbano focado em pessoas.<\/p>\n        \n        <div class=\"separator-line\"><\/div>\n\n        <h2>Bike-Sharing e o futuro das cidades inclusivas<\/h2>\n\n        <p>O futuro das cidades passa pela forma como lidamos com a mobilidade. Sistemas inteligentes, sustent\u00e1veis e compartilhados s\u00e3o a base de uma nova economia urbana, que valoriza n\u00e3o apenas o deslocamento, mas a experi\u00eancia de viver a cidade.<\/p>\n\n        <p>Nesse sentido, o bike-sharing \u00e9 um instrumento essencial para construir cidades mais humanas e resilientes. Ele facilita o acesso \u00e0 educa\u00e7\u00e3o, ao trabalho e \u00e0 cultura; melhora a sa\u00fade coletiva; e fortalece la\u00e7os comunit\u00e1rios.<\/p>\n\n        <p>Com apoio tecnol\u00f3gico \u2014 como aplicativos inteligentes, travas autom\u00e1ticas e integra\u00e7\u00e3o com transporte p\u00fablico \u2014, o sistema se torna cada vez mais eficiente, seguro e atrativo.<\/p>\n\n        <p>Empresas, condom\u00ednios e prefeituras que adotam o modelo tamb\u00e9m colhem benef\u00edcios de imagem e reputa\u00e7\u00e3o, associando suas marcas a valores de inova\u00e7\u00e3o, sustentabilidade e responsabilidade social.<\/p>\n\n        <p>O impacto social positivo gerado por projetos de bike-sharing \u00e9, portanto, um reflexo da maturidade urbana e corporativa de uma sociedade que entende a mobilidade como um direito e n\u00e3o como um privil\u00e9gio.<\/p>\n\n        <div class=\"separator-line\"><\/div>\n\n        <h2>Como medir o impacto social de um projeto de bike-sharing<\/h2>\n\n        <p>Mensurar o impacto social \u00e9 essencial para avaliar a efetividade de programas de mobilidade. No caso do bike-sharing, \u00e9 poss\u00edvel utilizar indicadores como:<\/p>\n\n        <ul>\n            <li>Taxa de acesso em \u00e1reas vulner\u00e1veis<\/li>\n            <li>N\u00famero de usu\u00e1rios recorrentes e novos<\/li>\n            <li>Redu\u00e7\u00e3o de trajetos motorizados curtos<\/li>\n            <li>Dados de sa\u00fade p\u00fablica e bem-estar associados \u00e0 pr\u00e1tica do ciclismo<\/li>\n            <li>\u00cdndice de engajamento comunit\u00e1rio e percep\u00e7\u00e3o de seguran\u00e7a urbana<\/li>\n        <\/ul>\n\n        <p>Esses indicadores permitem que gestores p\u00fablicos e privados entendam de forma concreta como o sistema de bike-sharing contribui para a inclus\u00e3o social e o desenvolvimento urbano sustent\u00e1vel.<\/p>\n\n        <p>Um relat\u00f3rio europeu sobre os benef\u00edcios da mobilidade compartilhada refor\u00e7a que o investimento em bicicletas p\u00fablicas pode gerar retorno social superior a 3 vezes o valor investido, considerando os ganhos em sa\u00fade, economia local e coes\u00e3o social.<\/p>\n\n        <h2>Casos reais e resultados observados<\/h2>\n\n        <p>Cidades como Paris, Bogot\u00e1, Nova York e S\u00e3o Paulo j\u00e1 apresentaram resultados expressivos ap\u00f3s ampliarem suas redes de bicicletas compartilhadas.<\/p>\n\n        <p>Em Paris, o sistema V\u00e9lib\u2019 reduziu a depend\u00eancia de autom\u00f3veis e se tornou parte fundamental do plano clim\u00e1tico da cidade. Em Bogot\u00e1, o programa de ciclovias e bicicletas p\u00fablicas aumentou o n\u00famero de deslocamentos ativos em 47%.<\/p>\n\n        <p>No Brasil, iniciativas locais v\u00eam mostrando o mesmo potencial. Em munic\u00edpios de m\u00e9dio porte, o uso de esta\u00e7\u00f5es automatizadas e bicicletas compartilhadas corporativas vem gerando impacto social real na mobilidade de colaboradores e moradores, al\u00e9m de incentivar empresas a repensarem o papel do transporte sustent\u00e1vel em seus projetos de ESG.<\/p>\n\n        <h2>Como o Bike-Sharing conecta pessoas e neg\u00f3cios<\/h2>\n\n        <p>Al\u00e9m do aspecto social, o bike-sharing tamb\u00e9m cria oportunidades de neg\u00f3cios com prop\u00f3sito. Projetos *white label* \u2014 como os desenvolvidos pela <a href=\"https:\/\/www.bikefacil.com\">Bike F\u00e1cil<\/a> \u2014 permitem que empresas personalizem frotas de bicicletas com sua marca, transformando mobilidade em uma poderosa ferramenta de engajamento e marketing sustent\u00e1vel.<\/p>\n\n        <p>Essa integra\u00e7\u00e3o entre tecnologia, marca e prop\u00f3sito social amplia o alcance da responsabilidade corporativa e fortalece a imagem de empresas comprometidas com a cidade e com o meio ambiente.<\/p>\n\n        <p>Mais do que publicidade, \u00e9 uma forma de mobilidade com prop\u00f3sito, que conecta inova\u00e7\u00e3o e impacto positivo de forma tang\u00edvel.<\/p>\n\n        <h2>Desafios e pr\u00f3ximos passos<\/h2>\n\n        <p>Apesar dos in\u00fameros benef\u00edcios, o bike-sharing ainda enfrenta desafios, principalmente em pa\u00edses onde a infraestrutura ciclovi\u00e1ria \u00e9 limitada. Faltam ciclovias seguras, pol\u00edticas p\u00fablicas de incentivo e integra\u00e7\u00e3o plena com outros modais de transporte.<\/p>\n\n        <p>Outro ponto essencial \u00e9 garantir que o acesso ao sistema seja realmente inclusivo \u2014 com tarifas acess\u00edveis, disponibilidade em \u00e1reas perif\u00e9ricas e tecnologia de f\u00e1cil uso.<\/p>\n\n        <p>A evolu\u00e7\u00e3o do setor passa por investimentos em infraestrutura, educa\u00e7\u00e3o no tr\u00e2nsito e parcerias p\u00fablico-privadas. Quando esses elementos se alinham, o potencial transformador do bike-sharing se torna ilimitado.<\/p>\n\n        <div class=\"separator-line\"><\/div>\n\n        <h2>Conclus\u00e3o<\/h2>\n\n        <p>O Impacto Social do bike-sharing \u00e9 profundo e multifacetado. Ele promove equidade de acesso, melhora a sa\u00fade mental e fortalece o engajamento comunit\u00e1rio, transformando a rela\u00e7\u00e3o entre pessoas e cidades.<\/p>\n\n        <p>Mais do que um meio de transporte, ele \u00e9 um instrumento de inclus\u00e3o, sustentabilidade e regenera\u00e7\u00e3o urbana, capaz de reequilibrar o espa\u00e7o p\u00fablico e inspirar um novo modelo de cidade \u2014 uma cidade mais humana, saud\u00e1vel e acess\u00edvel.<\/p>\n\n        <p>Enquanto governos e empresas buscam alinhar suas a\u00e7\u00f5es aos princ\u00edpios do ESG, o bike-sharing se consolida como uma das solu\u00e7\u00f5es mais eficazes para unir prop\u00f3sito, inova\u00e7\u00e3o e impacto real.<\/p>\n\n        <div class=\"references\">\n            <p><strong>Leia mais:<\/strong><\/p>\n            <ul>\n                <li><a href=\"https:\/\/doi.org\/10.1016\/j.trd.2020.102377\" target=\"_blank\" rel=\"noopener\">How Bike-Sharing Affects the Accessibility Equity of Public Transit Systems \u2014 Evidence from Nanjing<\/a><\/li>\n                <li><a href=\"https:\/\/doi.org\/10.1016\/j.trd.2017.06.007\" target=\"_blank\" rel=\"noopener\">Empirical Evidence on the Impacts of Bikesharing: A Literature Review<\/a><\/li>\n            <\/ul>\n        <\/div>\n\n    <\/div>\n<\/div><div class=\"fusion-builder-row fusion-builder-row-inner fusion-row fusion-flex-align-items-flex-start fusion-flex-content-wrap\" style=\"width:103% !important;max-width:103% !important;margin-left: calc(-3% \/ 2 );margin-right: calc(-3% \/ 2 );\"><div class=\"fusion-layout-column fusion_builder_column_inner fusion-builder-nested-column-0 fusion_builder_column_inner_1_1 1_1 fusion-flex-column\" style=\"--awb-padding-top:60px;--awb-padding-right:60px;--awb-padding-bottom:40px;--awb-padding-left:60px;--awb-overflow:hidden;--awb-bg-color:var(--awb-color2);--awb-bg-color-hover:var(--awb-color2);--awb-bg-size:cover;--awb-border-color:var(--awb-color5);--awb-border-color-hover:var(--awb-color4);--awb-border-left:5px;--awb-border-style:solid;--awb-border-radius:20px 20px 20px 20px;--awb-width-large:100%;--awb-spacing-right-large:1.455%;--awb-margin-bottom-large:0px;--awb-spacing-left-large:1.455%;--awb-width-medium:100%;--awb-order-medium:0;--awb-spacing-right-medium:1.455%;--awb-spacing-left-medium:1.455%;--awb-width-small:100%;--awb-order-small:0;--awb-spacing-right-small:1.455%;--awb-spacing-left-small:1.455%;\"><div class=\"fusion-column-wrapper fusion-column-has-shadow fusion-flex-justify-content-flex-start fusion-content-layout-column\"><div class=\"fusion-text fusion-text-1\" style=\"--awb-font-size:20px;--awb-line-height:1.6em;--awb-letter-spacing:-0.01em;--awb-text-color:var(--awb-color6);--awb-text-font-family:var(--awb-typography2-font-family);--awb-text-font-weight:var(--awb-typography2-font-weight);--awb-text-font-style:var(--awb-typography2-font-style);\"><p><strong>Vamos agregar valor ao seu projeto!<br \/>\n<\/strong>Entre em contato com a Bike F\u00e1cil, somos especialistas em solu\u00e7\u00f5es de mobilidade ativa. E aproveite para explorar outros artigos no nosso blog sobre infraestrutura ciclovi\u00e1ria, inova\u00e7\u00e3o urbana e sustentabilidade.<\/p>\n<\/div><\/div><\/div><\/div>\n<\/div><\/div><\/div><\/div>\n","protected":false},"excerpt":{"rendered":"<p>Get the latest insights, market trends &#038; inspiration!<\/p>\n","protected":false},"author":8,"featured_media":11144,"comment_status":"closed","ping_status":"closed","sticky":false,"template":"","format":"standard","meta":{"_acf_changed":false,"footnotes":""},"categories":[111],"tags":[189,188,187,158,190],"class_list":["post-11143","post","type-post","status-publish","format-standard","has-post-thumbnail","hentry","category-noticias","tag-bicicleta","tag-esg","tag-mobilidade-ativa","tag-mobilidade-sustentavel","tag-sustentabilidade"],"acf":[],"_links":{"self":[{"href":"https:\/\/bikefacil.com\/?rest_route=\/wp\/v2\/posts\/11143","targetHints":{"allow":["GET"]}}],"collection":[{"href":"https:\/\/bikefacil.com\/?rest_route=\/wp\/v2\/posts"}],"about":[{"href":"https:\/\/bikefacil.com\/?rest_route=\/wp\/v2\/types\/post"}],"author":[{"embeddable":true,"href":"https:\/\/bikefacil.com\/?rest_route=\/wp\/v2\/users\/8"}],"replies":[{"embeddable":true,"href":"https:\/\/bikefacil.com\/?rest_route=%2Fwp%2Fv2%2Fcomments&post=11143"}],"version-history":[{"count":2,"href":"https:\/\/bikefacil.com\/?rest_route=\/wp\/v2\/posts\/11143\/revisions"}],"predecessor-version":[{"id":11146,"href":"https:\/\/bikefacil.com\/?rest_route=\/wp\/v2\/posts\/11143\/revisions\/11146"}],"wp:featuredmedia":[{"embeddable":true,"href":"https:\/\/bikefacil.com\/?rest_route=\/wp\/v2\/media\/11144"}],"wp:attachment":[{"href":"https:\/\/bikefacil.com\/?rest_route=%2Fwp%2Fv2%2Fmedia&parent=11143"}],"wp:term":[{"taxonomy":"category","embeddable":true,"href":"https:\/\/bikefacil.com\/?rest_route=%2Fwp%2Fv2%2Fcategories&post=11143"},{"taxonomy":"post_tag","embeddable":true,"href":"https:\/\/bikefacil.com\/?rest_route=%2Fwp%2Fv2%2Ftags&post=11143"}],"curies":[{"name":"wp","href":"https:\/\/api.w.org\/{rel}","templated":true}]}}