{"id":11148,"date":"2025-11-28T16:03:41","date_gmt":"2025-11-28T19:03:41","guid":{"rendered":"https:\/\/bikefacil.com\/?p=11148"},"modified":"2025-12-01T13:35:21","modified_gmt":"2025-12-01T16:35:21","slug":"ciclovia-design-urbanismo","status":"publish","type":"post","link":"https:\/\/bikefacil.com\/noticias\/ciclovia-design-urbanismo\/","title":{"rendered":"Ciclovia 4.0: Como o Design Urbano Muda a Vida nas Cidades"},"content":{"rendered":"<div class=\"fusion-fullwidth fullwidth-box fusion-builder-row-1 fusion-flex-container has-pattern-background has-mask-background nonhundred-percent-fullwidth non-hundred-percent-height-scrolling\" style=\"--awb-border-radius-top-left:0px;--awb-border-radius-top-right:0px;--awb-border-radius-bottom-right:0px;--awb-border-radius-bottom-left:0px;--awb-margin-top-small:40px;--awb-flex-wrap:wrap;\" ><div class=\"fusion-builder-row fusion-row fusion-flex-align-items-flex-start fusion-flex-content-wrap\" style=\"max-width:1318.4px;margin-left: calc(-3% \/ 2 );margin-right: calc(-3% \/ 2 );\"><div class=\"fusion-layout-column fusion_builder_column fusion-builder-column-0 fusion_builder_column_1_1 1_1 fusion-flex-column blog-conteudo\" style=\"--awb-bg-size:cover;--awb-width-large:100%;--awb-spacing-right-large:1.455%;--awb-margin-bottom-large:60px;--awb-spacing-left-large:1.455%;--awb-width-medium:100%;--awb-order-medium:0;--awb-spacing-right-medium:1.455%;--awb-spacing-left-medium:1.455%;--awb-width-small:100%;--awb-order-small:0;--awb-spacing-right-small:1.455%;--awb-spacing-left-small:1.455%;\"><div class=\"fusion-column-wrapper fusion-column-has-shadow fusion-flex-justify-content-flex-start fusion-content-layout-column\"><div class=\"fusion-separator fusion-has-icon fusion-full-width-sep\" style=\"align-self: center;margin-left: auto;margin-right: auto;margin-top:30px;margin-bottom:30px;width:100%;max-width:100%;\"><div class=\"fusion-separator-border sep-single sep-solid\" style=\"--awb-height:20px;--awb-amount:20px;--awb-sep-color:var(--awb-custom_color_14);border-color:var(--awb-custom_color_14);border-top-width:1px;\"><\/div><span class=\"icon-wrapper\" style=\"border-color:transparent;font-size:26px;width: 1.75em; height: 1.75em;border-width:1px;padding:1px;margin-top:-0.5px\"><i class=\"icon-bkf-BKF_ICONES_1X1_PRETO-96\" style=\"font-size: inherit;color:var(--awb-color6);\" aria-hidden=\"true\"><\/i><\/span><div class=\"fusion-separator-border sep-single sep-solid\" style=\"--awb-height:20px;--awb-amount:20px;--awb-sep-color:var(--awb-custom_color_14);border-color:var(--awb-custom_color_14);border-top-width:1px;\"><\/div><\/div>\n<style>\n\/* Estilos Padr\u00e3o Blog B2B Bike F\u00e1cil *\/\n.body-like-container {\n    background-color: #ffffff;\n    padding: 20px 0;\n    min-height: 100vh;\n    font-family: 'Inter', sans-serif; \n    width: 100%; \n    box-sizing: border-box;\n}\n\n.blog-content-container {\n    max-width: 768px;\n    margin: 0 auto;\n    padding: 24px 16px;\n    box-sizing: border-box;\n    text-align: left; \n    line-height: 1.75;\n    color: #1f2937; \n    background-color: #ffffff;\n    border-radius: 0; \n    box-shadow: none;\n}\n\n\/* Estilo para o T\u00edtulo Principal (H1) *\/\n.blog-content-container h1 {\n    font-size: 2.5em;\n    font-weight: 700;\n    color: #111827; \n    margin-top: 0;\n    margin-bottom: 24px;\n    text-align: left; \n    line-height: 1.1;\n}\n\n\/* Estilo para o T\u00edtulo de Se\u00e7\u00e3o (H2) *\/\n.blog-content-container h2 {\n    font-size: 1.8em;\n    font-weight: 600;\n    color: #1d4ed8; \/* Azul para se\u00e7\u00f5es chave (cor da Bike F\u00e1cil) *\/\n    margin-top: 40px;\n    margin-bottom: 20px;\n    padding-bottom: 4px;\n    border-bottom: 2px solid #eff6ff; \n    text-align: left;\n}\n\n\/* Estilo para Subt\u00edtulos (H3) - N\u00e3o usado neste artigo, mas mantido para padr\u00e3o *\/\n.blog-content-container h3 {\n    font-size: 1.5em;\n    font-weight: 600;\n    color: #374151;\n    margin-top: 30px;\n    margin-bottom: 12px;\n    text-align: left;\n}\n\n\/* Estilo para o separador *\/\n.separator-line {\n    border: 0;\n    height: 1px;\n    background-color: #d1d5db;\n    margin: 30px 0;\n    width: 100%;\n}\n\n\/* Estilo para par\u00e1grafos *\/\n.blog-content-container p {\n    margin-bottom: 1.25em;\n    text-align: left;\n}\n\n\/* Estilo para negrito (tag <strong>) *\/\n.blog-content-container strong {\n    font-weight: 700;\n    color: #1f2937; \n}\n\n\/* Estilo para listas *\/\n.blog-content-container ul, .blog-content-container ol {\n    margin-bottom: 1.5em;\n    padding-left: 25px;\n    list-style-type: disc;\n}\n.blog-content-container ol {\n    list-style-type: decimal;\n}\n.blog-content-container li {\n    margin-bottom: 0.75em;\n}\n\n\/* Destaque para a se\u00e7\u00e3o de refer\u00eancias *\/\n.references {\n    border-top: 2px solid #d1d5db;\n    padding-top: 20px;\n    margin-top: 40px;\n}\n.references p {\n    font-size: 0.9em;\n    color: #6b7280;\n}\n\n\/* Estilo para links externos *\/\n.blog-content-container a:not([href^=\"\/\"]) {\n    color: #1d4ed8; \n    text-decoration: underline;\n    transition: color 0.2s;\n}\n.blog-content-container a:not([href^=\"\/\"]):hover {\n    color: #2563eb;\n}\n<\/style>\n\n<!-- Container para simular o fundo branco da p\u00e1gina -->\n<div class=\"body-like-container\">\n\n    <div class=\"blog-content-container\">\n\n        <h1>Ciclovia 4.0: Como o Design Urbano Muda a Vida nas Cidades<\/h1>\n\n        <div class=\"separator-line\"><\/div>\n        \n        <p>A ciclovia \u00e9 muito mais do que uma faixa pintada no asfalto. Ela \u00e9 um instrumento de transforma\u00e7\u00e3o urbana, social e comportamental. Ao criar espa\u00e7os seguros e atraentes para o uso da bicicleta, as cidades n\u00e3o apenas reduzem o tr\u00e2nsito e a polui\u00e7\u00e3o, mas tamb\u00e9m transformam a maneira como as pessoas se relacionam com o espa\u00e7o p\u00fablico.<\/p>\n\n        <p>O impacto psicol\u00f3gico das ciclovias vai muito al\u00e9m da mobilidade. Elas influenciam percep\u00e7\u00f5es de seguran\u00e7a, pertencimento, sa\u00fade mental e engajamento social. O design urbano ativo, quando bem planejado, atua diretamente na psicologia do cidad\u00e3o, estimulando comportamentos positivos e sustent\u00e1veis.<\/p>\n\n        <p>Este artigo apresenta uma an\u00e1lise aprofundada sobre como o design de uma ciclovia bem estruturada pode transformar o comportamento coletivo, aumentar a sensa\u00e7\u00e3o de seguran\u00e7a e impulsionar o uso da bicicleta. Tamb\u00e9m exploraremos exemplos reais, dados cient\u00edficos e boas pr\u00e1ticas para criar cidades mais humanas e conectadas.<\/p>\n\n        <div class=\"separator-line\"><\/div>\n\n        <h2>1. O que \u00e9 uma ciclovia sob a \u00f3tica psicol\u00f3gica<\/h2>\n        \n        <p>A faixa dedicada \u00e9 muito mais do que uma infraestrutura f\u00edsica. \u00c9 uma ferramenta de est\u00edmulo comportamental. Quando uma cidade investe em ciclovias bem desenhadas, sinalizadas e integradas, ela envia uma mensagem clara aos cidad\u00e3os: <strong>\u201candar de bicicleta \u00e9 seguro, saud\u00e1vel e valorizado.\u201d<\/strong><\/p>\n\n        <p>Segundo estudos da American Psychological Association (APA), a percep\u00e7\u00e3o de seguran\u00e7a e conforto \u00e9 um dos principais fatores que determinam o comportamento de deslocamento. Cidades que oferecem a infraestrutura adequada registram crescimento exponencial no uso da bicicleta, independentemente do clima ou da cultura local.<\/p>\n\n        <p>O ambiente urbano tem papel determinante na decis\u00e3o das pessoas de adotar h\u00e1bitos sustent\u00e1veis. Elementos como largura da via, ilumina\u00e7\u00e3o, separa\u00e7\u00e3o f\u00edsica de autom\u00f3veis e est\u00e9tica visual influenciam diretamente o comportamento e a sensa\u00e7\u00e3o de pertencimento do ciclista.<\/p>\n\n        <p>Uma via dedicada bem projetada \u00e9, portanto, um espa\u00e7o de confian\u00e7a e inclus\u00e3o. Ela comunica que o ciclista tem seu lugar no tr\u00e2nsito e no tecido urbano \u2014 um fator essencial para o aumento do uso di\u00e1rio da bicicleta. <\/p>\n\n        <div class=\"separator-line\"><\/div>\n\n        <h2>2. A psicologia da seguran\u00e7a percebida<\/h2>\n\n        <p>A sensa\u00e7\u00e3o de seguran\u00e7a \u00e9 um dos pilares fundamentais do comportamento humano em espa\u00e7os p\u00fablicos. E no contexto da mobilidade, essa percep\u00e7\u00e3o \u00e9 decisiva.<\/p>\n\n        <p>Pesquisas da Universidade de Cambridge apontam que as pessoas n\u00e3o decidem usar a bicicleta apenas com base na seguran\u00e7a real, mas principalmente na <strong>seguran\u00e7a percebida<\/strong> \u2014 ou seja, na confian\u00e7a que sentem ao pedalar por um determinado trajeto.<\/p>\n\n        <p>A infraestrutura segregada pode reduzir acidentes em at\u00e9 50%, mas o impacto psicol\u00f3gico \u00e9 ainda maior: ela reduz o medo, aumenta o sentimento de autonomia e encoraja novos ciclistas a experimentarem o modal.<\/p>\n\n        <p>Os principais elementos de design que influenciam a seguran\u00e7a percebida s\u00e3o:<\/p>\n\n        <ul>\n            <li>Separa\u00e7\u00e3o f\u00edsica clara entre ciclistas e autom\u00f3veis;<\/li>\n            <li>Boa ilumina\u00e7\u00e3o p\u00fablica, especialmente em \u00e1reas noturnas;<\/li>\n            <li>Sinaliza\u00e7\u00e3o horizontal e vertical vis\u00edvel;<\/li>\n            <li>Interse\u00e7\u00f5es seguras e bem desenhadas;<\/li>\n            <li>Presen\u00e7a de vegeta\u00e7\u00e3o e mobili\u00e1rio urbano, que humanizam o espa\u00e7o.<\/li>\n        <\/ul>\n\n        <p>Cidades que investem nesses fatores t\u00eam maior ades\u00e3o ao ciclismo e menores \u00edndices de acidentes.<\/p>\n\n        <div class=\"separator-line\"><\/div>\n\n        <h2>3. A influ\u00eancia do design urbano ativo no comportamento<\/h2>\n\n        <p>O <strong>design urbano ativo<\/strong> \u00e9 um conceito que combina arquitetura, psicologia e planejamento urbano para estimular movimentos e intera\u00e7\u00f5es positivas no espa\u00e7o p\u00fablico.<\/p>\n\n        <p>Quando aplicado \u00e0 mobilidade ativa, ele cria ambientes que convidam as pessoas a se deslocarem de maneira natural, confort\u00e1vel e segura. O design ativo transforma o simples ato de pedalar em uma experi\u00eancia prazerosa.<\/p>\n\n        <p>Segundo a National Association of City Transportation Officials (NACTO), elementos como curvas suaves, cores vibrantes, vegeta\u00e7\u00e3o lateral e integra\u00e7\u00e3o visual com o entorno aumentam a atratividade das ciclovias. Isso gera um efeito psicol\u00f3gico conhecido como <strong>\u201cefeito de convite\u201d<\/strong> \u2014 quanto mais agrad\u00e1vel e seguro o ambiente, mais as pessoas sentem vontade de utiliz\u00e1-lo.<\/p>\n\n        <p>O design ativo tamb\u00e9m influencia o comportamento dos motoristas, que tendem a reduzir a velocidade e respeitar mais os ciclistas quando o ambiente \u00e9 claramente desenhado para coexist\u00eancia harm\u00f4nica entre modais.<\/p>\n\n        <div class=\"separator-line\"><\/div>\n\n        <h2>4. O impacto social e emocional das ciclovias<\/h2>\n\n        <p>As vias para bicicletas n\u00e3o transformam apenas o tr\u00e2nsito \u2014 elas transformam a vida social. Ao oferecer espa\u00e7os acess\u00edveis e democr\u00e1ticos, elas incentivam o encontro entre pessoas, a conviv\u00eancia entre diferentes grupos e a sensa\u00e7\u00e3o de pertencimento urbano.<\/p>\n\n        <p>De acordo com a European Cyclists\u2019 Federation, cidades com infraestrutura ciclovi\u00e1ria robusta t\u00eam maiores \u00edndices de felicidade urbana. O motivo \u00e9 simples: pedalar melhora o humor, reduz o estresse e fortalece os la\u00e7os sociais.<\/p>\n\n        <p>Estudos realizados em Amsterd\u00e3 e Copenhague mostram que ciclistas tendem a ser mais engajados politicamente e mais satisfeitos com suas comunidades. Isso acontece porque o ato de pedalar cria uma conex\u00e3o direta com a cidade e com as pessoas que a compartilham.<\/p>\n\n        <p>Al\u00e9m disso, o uso da bicicleta reduz o isolamento urbano. Em uma ciclovia, as pessoas se veem, se cumprimentam e reconhecem umas \u00e0s outras. Essa intera\u00e7\u00e3o cotidiana fortalece o senso de comunidade e seguran\u00e7a coletiva.<\/p>\n\n        <div class=\"separator-line\"><\/div>\n\n        <h2>5. Como o design urbano pode mudar h\u00e1bitos<\/h2>\n\n        <p>O comportamento humano \u00e9 moldado pelo ambiente. Quando o espa\u00e7o p\u00fablico oferece condi\u00e7\u00f5es seguras, confort\u00e1veis e esteticamente agrad\u00e1veis, as pessoas mudam seus h\u00e1bitos quase naturalmente.<\/p>\n\n        <p>Esse princ\u00edpio \u00e9 a base da psicologia ambiental, que estuda como os espa\u00e7os influenciam atitudes e decis\u00f5es. No caso da ciclovia, o design inteligente e o planejamento urbano bem executado s\u00e3o gatilhos poderosos de transforma\u00e7\u00e3o cultural.<\/p>\n\n        <p>Um estudo da Universidade de British Columbia revelou que bairros que recebem novas ciclovias registram aumento m\u00e9dio de 25% no uso da bicicleta nos primeiros seis meses. O mais interessante \u00e9 que esse crescimento \u00e9 acompanhado de uma redu\u00e7\u00e3o de 20% no uso de autom\u00f3veis particulares para trajetos curtos.<\/p>\n\n        <p>Isso significa que a infraestrutura n\u00e3o apenas cria condi\u00e7\u00f5es, mas muda comportamentos. Quando o ambiente facilita a escolha sustent\u00e1vel, ela se torna a escolha natural. <\/p>\n\n        <div class=\"separator-line\"><\/div>\n\n        <h2>6. O papel das cores e da est\u00e9tica na psicologia da ciclovia<\/h2>\n\n        <p>As cores, a textura e o design visual dessas vias influenciam diretamente a forma como as pessoas percebem o ambiente.<\/p>\n\n        <p>Cores vibrantes, como vermelho ou verde, s\u00e3o amplamente utilizadas para delimitar espa\u00e7os cicl\u00e1veis, pois aumentam a visibilidade e a sensa\u00e7\u00e3o de seguran\u00e7a. Al\u00e9m disso, cores e padr\u00f5es criam uma identidade visual que comunica prop\u00f3sito e orienta\u00e7\u00e3o, reduzindo o medo do desconhecido.<\/p>\n\n        <p>A Organiza\u00e7\u00e3o Mundial da Sa\u00fade (OMS) recomenda o uso de cores contrastantes e sinaliza\u00e7\u00e3o visual clara para aumentar a seguran\u00e7a em \u00e1reas de tr\u00e1fego misto. Isso ajuda a reduzir colis\u00f5es e melhora a intera\u00e7\u00e3o entre motoristas e ciclistas.<\/p>\n\n        <p>A est\u00e9tica tamb\u00e9m tem um papel motivacional. Vias Arborizadas, com bancos, pain\u00e9is informativos e boa ilumina\u00e7\u00e3o, s\u00e3o percebidas como extens\u00f5es do espa\u00e7o p\u00fablico \u2014 e n\u00e3o como faixas de passagem. Essa humaniza\u00e7\u00e3o do design incentiva o uso recreativo e cotidiano da bicicleta.<\/p>\n\n        <div class=\"separator-line\"><\/div>\n\n        <h2>7. A ciclovia e a sa\u00fade mental<\/h2>\n\n        <p>Pedalar n\u00e3o \u00e9 apenas exerc\u00edcio f\u00edsico, \u00e9 tamb\u00e9m uma terapia urbana. A sensa\u00e7\u00e3o de liberdade, o contato com o ambiente e o ritmo natural do deslocamento proporcionam benef\u00edcios psicol\u00f3gicos comprovados.<\/p>\n\n        <p>Estudos da Harvard T.H. Chan School of Public Health mostram que pessoas que pedalam regularmente t\u00eam redu\u00e7\u00e3o de at\u00e9 30% nos n\u00edveis de estresse e melhor qualidade do sono. O espa\u00e7o de pedal, portanto, funciona como um espa\u00e7o terap\u00eautico coletivo \u2014 uma pausa ativa no ritmo acelerado das cidades.<\/p>\n\n        <p>Al\u00e9m disso, o ato de pedalar melhora a autoestima e a sensa\u00e7\u00e3o de autonomia. Quando o cidad\u00e3o percebe que pode chegar ao trabalho ou \u00e0 escola com seguran\u00e7a e efici\u00eancia usando a bicicleta, ele passa a ter uma rela\u00e7\u00e3o mais positiva com a cidade e consigo mesmo.<\/p>\n\n        <p>A infraestrutura ciclovi\u00e1ria de qualidade \u00e9, portanto, uma pol\u00edtica de sa\u00fade mental p\u00fablica.<\/p>\n\n        <div class=\"separator-line\"><\/div>\n\n        <h2>8. Como a infraestrutura ciclovi\u00e1ria impulsiona a economia local<\/h2>\n\n        <p>O impacto econ\u00f4mico da infraestrutura ciclovi\u00e1ria \u00e9 muitas vezes subestimado. Pesquisas do Urban Land Institute apontam que com\u00e9rcios pr\u00f3ximos a essas vias registram aumento m\u00e9dio de 30% nas vendas, devido ao maior fluxo de pessoas e \u00e0 vitalidade urbana que elas geram.<\/p>\n\n        <p>Ciclistas gastam mais localmente, pois fazem paradas mais frequentes. Al\u00e9m disso, a valoriza\u00e7\u00e3o imobili\u00e1ria ao redor de ciclovias bem planejadas pode chegar a 15%, segundo estudos da European Investment Bank.<\/p>\n\n        <p>Isso acontece porque a ciclovia cria ruas mais seguras, limpas e atrativas. Espa\u00e7os com tr\u00e1fego reduzido e mais pedestres tendem a se tornar polos de conviv\u00eancia, cultura e consumo sustent\u00e1vel.<\/p>\n\n        <div class=\"separator-line\"><\/div>\n\n        <h2>9. O papel da tecnologia na expans\u00e3o das ciclovias<\/h2>\n\n        <p>O futuro das ciclovias est\u00e1 cada vez mais conectado \u00e0 tecnologia. Sensores de tr\u00e1fego, ilumina\u00e7\u00e3o inteligente e sistemas de compartilhamento com rastreamento digital permitem otimizar o uso das vias e aumentar a seguran\u00e7a.<\/p>\n\n        <p>Empresas como a <a href=\"https:\/\/www.bikefacil.com\">Bike F\u00e1cil<\/a> desenvolvem solu\u00e7\u00f5es tecnol\u00f3gicas que integram infraestrutura ciclovi\u00e1ria, bike-sharing e gest\u00e3o de dados. Isso ajuda cidades e empresas a monitorar o uso das bicicletas e planejar expans\u00f5es com base em evid\u00eancias.<\/p>\n\n        <p>O uso de Big Data e Internet das Coisas (IoT) permite identificar padr\u00f5es de fluxo, hor\u00e1rios de pico e \u00e1reas com maior risco de acidentes, ajudando no planejamento urbano e na prioriza\u00e7\u00e3o de investimentos.<\/p>\n\n        <p>Essas ferramentas fortalecem a governan\u00e7a e a efici\u00eancia das cidades inteligentes. <\/p>\n\n        <div class=\"separator-line\"><\/div>\n\n        <h2>10. O Papel da Governan\u00e7a e da Colabora\u00e7\u00e3o P\u00fablico-Privada (PPP) na Sustenta\u00e7\u00e3o das Ciclovias<\/h2>\n\n        <p>A longevidade e a efic\u00e1cia de qualquer infraestrutura urbana n\u00e3o dependem apenas do seu design inicial, mas fundamentalmente do modelo de governan\u00e7a e sustentabilidade que a suporta. No caso das ciclovias, que visam a transforma\u00e7\u00e3o de longo prazo dos h\u00e1bitos de mobilidade, a colabora\u00e7\u00e3o p\u00fablico-privada (PPP) emerge como um fator decisivo.<\/p>\n\n        <p>A implementa\u00e7\u00e3o de uma rede ciclovi\u00e1ria abrangente e conectada exige um planejamento que transcende mandatos pol\u00edticos. \u00c9 preciso estabelecer um marco regulat\u00f3rio que assegure a manuten\u00e7\u00e3o, a seguran\u00e7a e a expans\u00e3o cont\u00ednua. Governos municipais, por exemplo, podem criar fundos dedicados, alimentados por taxas de estacionamento de ve\u00edculos motorizados, para garantir a sa\u00fade financeira do sistema ciclovi\u00e1rio.<\/p>\n\n        <p>A parceria com o setor privado, especialmente com empresas de tecnologia de mobilidade, \u00e9 crucial. Companhias como a Bike F\u00e1cil, que fornecem solu\u00e7\u00f5es de bike-sharing e gest\u00e3o de frota, podem oferecer dados valiosos (Big Data) sobre o uso das vias. Esses dados, que detalham fluxos, hor\u00e1rios de pico e \u00e1reas de maior demanda, s\u00e3o essenciais para otimizar o design existente e planejar futuras expans\u00f5es, garantindo que o investimento seja direcionado para onde o impacto social e a seguran\u00e7a s\u00e3o mais necess\u00e1rios.<\/p>\n\n        <p>Al\u00e9m do financiamento e da gest\u00e3o de dados, as PPPs podem inovar na manuten\u00e7\u00e3o. Em vez de depender apenas de equipes municipais, empresas privadas podem ser respons\u00e1veis pela vigil\u00e2ncia, limpeza e pequenos reparos emergenciais das vias, garantindo que a qualidade da infraestrutura se mantenha alta, refor\u00e7ando a seguran\u00e7a percebida (o foco do artigo).<\/p>\n\n        <p>A transpar\u00eancia na governan\u00e7a \u00e9 outro pilar. O p\u00fablico precisa entender como as decis\u00f5es sobre o design e a localiza\u00e7\u00e3o das ciclovias s\u00e3o tomadas e como os recursos s\u00e3o aplicados. Audi\u00eancias p\u00fablicas e plataformas digitais de feedback s\u00e3o ferramentas importantes para envolver a comunidade e garantir que a infraestrutura ciclovi\u00e1ria reflita as necessidades reais dos usu\u00e1rios. Uma governan\u00e7a forte e transparente \u00e9, portanto, a garantia de que o 'Ciclovia 360' n\u00e3o \u00e9 apenas um projeto, mas um legado de mobilidade sustent\u00e1vel e design humano para as futuras gera\u00e7\u00f5es.<\/p>\n\n        <div class=\"separator-line\"><\/div>\n\n        <h2>11. O caso das cidades-modelo<\/h2>\n\n        <p>Algumas cidades se tornaram refer\u00eancias mundiais em como o design ciclovi\u00e1rio pode transformar comportamentos e a qualidade de vida:<\/p>\n\n        <ul>\n            <li><strong>Copenhague (Dinamarca):<\/strong> Mais de 62% da popula\u00e7\u00e3o usa bicicleta como principal meio de transporte. A cidade projetou ciclovias largas, cont\u00ednuas e integradas, priorizando a experi\u00eancia do ciclista.<\/li>\n            <li><strong>Amsterd\u00e3 (Holanda):<\/strong> Investe em infraestrutura ciclovi\u00e1ria desde a d\u00e9cada de 1970. Hoje, s\u00e3o mais de 500 km de ciclovias, e a bicicleta \u00e9 s\u00edmbolo da cultura local.<\/li>\n            <li><strong>Bogot\u00e1 (Col\u00f4mbia):<\/strong> Criou o programa Ciclov\u00eda, que fecha ruas aos domingos para carros, abrindo-as para bicicletas e lazer. Isso reduziu o sedentarismo e fortaleceu a comunidade.<\/li>\n            <li><strong>Paris (Fran\u00e7a):<\/strong> Transformou avenidas em ciclovias e investiu em bike-sharing e restri\u00e7\u00f5es ao tr\u00e1fego de carros, reduzindo as emiss\u00f5es e aumentando a mobilidade ativa.<\/li>\n        <\/ul>\n\n        <p>Essas experi\u00eancias provam que investir em ciclovias \u00e9 investir no futuro urbano.<\/p>\n\n        <div class=\"separator-line\"><\/div>\n\n        <h2>12. A ciclovia como s\u00edmbolo de transforma\u00e7\u00e3o urbana<\/h2>\n\n        <p>Mais do que uma via para bicicletas, essa infraestrutura representa uma mudan\u00e7a de paradigma. Ela redefine prioridades, devolve o espa\u00e7o \u00e0s pessoas e simboliza o compromisso de uma cidade com a sustentabilidade e o bem-estar coletivo.<\/p>\n\n        <p>O impacto psicol\u00f3gico da ciclovia vai al\u00e9m da infraestrutura: ela reconecta o cidad\u00e3o \u00e0 cidade. Cada pedalada \u00e9 uma forma de resist\u00eancia \u00e0 aliena\u00e7\u00e3o urbana e uma afirma\u00e7\u00e3o de pertencimento.<\/p>\n\n        <p>Uma ciclovia bem planejada \u00e9, em ess\u00eancia, um convite para repensar o modo como vivemos, nos deslocamos e interagimos com o espa\u00e7o p\u00fablico.<\/p>\n\n        <div class=\"separator-line\"><\/div>\n\n        <h2>Conclus\u00e3o<\/h2>\n\n        <p>A ciclovia \u00e9 uma das express\u00f5es mais poderosas do design urbano contempor\u00e2neo. Ela combina engenharia, psicologia, sustentabilidade e cultura em um \u00fanico elemento capaz de transformar cidades e cidad\u00e3os.<\/p>\n\n        <p>Ao aumentar a seguran\u00e7a percebida, promover sa\u00fade mental e estimular comportamentos sustent\u00e1veis, as ciclovias s\u00e3o muito mais do que infraestrutura: s\u00e3o pontes entre o indiv\u00edduo e o coletivo, entre o meio ambiente e o futuro urbano.<\/p>\n\n        <p>O design ativo e inteligente \u00e9 o caminho para uma mobilidade que valoriza pessoas e n\u00e3o apenas ve\u00edculos. Construir mais ciclovias \u00e9 investir em cidades mais saud\u00e1veis, conectadas e humanas.<\/p>\n\n        <div class=\"references\">\n            <p><strong>Leia mais em:<\/strong><\/p>\n            <ul>\n                <li><a href=\"https:\/\/ecf.com\/\" target=\"_blank\" rel=\"noopener\">European Cyclists\u2019 Federation \u2013 Cycling for Smart Cities<\/a><\/li>\n                <li><a href=\"https:\/\/www.wri.org\/\" target=\"_blank\" rel=\"noopener\">World Resources Institute (WRI) \u2013 Urban Mobility Solutions<\/a><\/li>\n            <\/ul>\n        <\/div>\n\n    <\/div>\n<\/div><div class=\"fusion-builder-row fusion-builder-row-inner fusion-row fusion-flex-align-items-flex-start fusion-flex-content-wrap\" style=\"width:103% !important;max-width:103% !important;margin-left: calc(-3% \/ 2 );margin-right: calc(-3% \/ 2 );\"><div class=\"fusion-layout-column fusion_builder_column_inner fusion-builder-nested-column-0 fusion_builder_column_inner_1_1 1_1 fusion-flex-column\" style=\"--awb-padding-top:60px;--awb-padding-right:60px;--awb-padding-bottom:40px;--awb-padding-left:60px;--awb-overflow:hidden;--awb-bg-color:var(--awb-color2);--awb-bg-color-hover:var(--awb-color2);--awb-bg-size:cover;--awb-border-color:var(--awb-color5);--awb-border-color-hover:var(--awb-color4);--awb-border-left:5px;--awb-border-style:solid;--awb-border-radius:20px 20px 20px 20px;--awb-width-large:100%;--awb-spacing-right-large:1.455%;--awb-margin-bottom-large:0px;--awb-spacing-left-large:1.455%;--awb-width-medium:100%;--awb-order-medium:0;--awb-spacing-right-medium:1.455%;--awb-spacing-left-medium:1.455%;--awb-width-small:100%;--awb-order-small:0;--awb-spacing-right-small:1.455%;--awb-spacing-left-small:1.455%;\"><div class=\"fusion-column-wrapper fusion-column-has-shadow fusion-flex-justify-content-flex-start fusion-content-layout-column\"><div class=\"fusion-text fusion-text-1\" style=\"--awb-font-size:20px;--awb-line-height:1.6em;--awb-letter-spacing:-0.01em;--awb-text-color:var(--awb-color6);--awb-text-font-family:var(--awb-typography2-font-family);--awb-text-font-weight:var(--awb-typography2-font-weight);--awb-text-font-style:var(--awb-typography2-font-style);\"><p><strong>Vamos agregar valor ao seu projeto!<br \/>\n<\/strong>Entre em contato com a Bike F\u00e1cil, somos especialistas em solu\u00e7\u00f5es de mobilidade ativa. E aproveite para explorar outros artigos no nosso blog sobre infraestrutura ciclovi\u00e1ria, inova\u00e7\u00e3o urbana e sustentabilidade.<\/p>\n<\/div><\/div><\/div><\/div>\n<\/div><\/div><\/div><\/div>\n","protected":false},"excerpt":{"rendered":"<p>Get the latest insights, market trends &#038; inspiration!<\/p>\n","protected":false},"author":8,"featured_media":11149,"comment_status":"closed","ping_status":"closed","sticky":false,"template":"","format":"standard","meta":{"_acf_changed":false,"footnotes":""},"categories":[111],"tags":[189,236,187,158,204,190],"class_list":["post-11148","post","type-post","status-publish","format-standard","has-post-thumbnail","hentry","category-noticias","tag-bicicleta","tag-ciclovia","tag-mobilidade-ativa","tag-mobilidade-sustentavel","tag-mobilidade-urbana","tag-sustentabilidade"],"acf":[],"_links":{"self":[{"href":"https:\/\/bikefacil.com\/?rest_route=\/wp\/v2\/posts\/11148","targetHints":{"allow":["GET"]}}],"collection":[{"href":"https:\/\/bikefacil.com\/?rest_route=\/wp\/v2\/posts"}],"about":[{"href":"https:\/\/bikefacil.com\/?rest_route=\/wp\/v2\/types\/post"}],"author":[{"embeddable":true,"href":"https:\/\/bikefacil.com\/?rest_route=\/wp\/v2\/users\/8"}],"replies":[{"embeddable":true,"href":"https:\/\/bikefacil.com\/?rest_route=%2Fwp%2Fv2%2Fcomments&post=11148"}],"version-history":[{"count":2,"href":"https:\/\/bikefacil.com\/?rest_route=\/wp\/v2\/posts\/11148\/revisions"}],"predecessor-version":[{"id":11151,"href":"https:\/\/bikefacil.com\/?rest_route=\/wp\/v2\/posts\/11148\/revisions\/11151"}],"wp:featuredmedia":[{"embeddable":true,"href":"https:\/\/bikefacil.com\/?rest_route=\/wp\/v2\/media\/11149"}],"wp:attachment":[{"href":"https:\/\/bikefacil.com\/?rest_route=%2Fwp%2Fv2%2Fmedia&parent=11148"}],"wp:term":[{"taxonomy":"category","embeddable":true,"href":"https:\/\/bikefacil.com\/?rest_route=%2Fwp%2Fv2%2Fcategories&post=11148"},{"taxonomy":"post_tag","embeddable":true,"href":"https:\/\/bikefacil.com\/?rest_route=%2Fwp%2Fv2%2Ftags&post=11148"}],"curies":[{"name":"wp","href":"https:\/\/api.w.org\/{rel}","templated":true}]}}