{"id":11388,"date":"2026-01-26T11:22:04","date_gmt":"2026-01-26T14:22:04","guid":{"rendered":"https:\/\/bikefacil.com\/?p=11388"},"modified":"2026-01-26T11:22:04","modified_gmt":"2026-01-26T14:22:04","slug":"estacao-de-aluguel-de-bicicletas-10-motivos","status":"publish","type":"post","link":"https:\/\/bikefacil.com\/noticias\/estacao-de-aluguel-de-bicicletas-10-motivos\/","title":{"rendered":"Esta\u00e7\u00e3o de aluguel de bicicletas: 10 motivos para o seu sucesso em 2026"},"content":{"rendered":"<div class=\"fusion-fullwidth fullwidth-box fusion-builder-row-1 fusion-flex-container has-pattern-background has-mask-background nonhundred-percent-fullwidth non-hundred-percent-height-scrolling\" style=\"--awb-border-radius-top-left:0px;--awb-border-radius-top-right:0px;--awb-border-radius-bottom-right:0px;--awb-border-radius-bottom-left:0px;--awb-margin-top-small:40px;--awb-flex-wrap:wrap;\" ><div class=\"fusion-builder-row fusion-row fusion-flex-align-items-flex-start fusion-flex-content-wrap\" style=\"max-width:1318.4px;margin-left: calc(-3% \/ 2 );margin-right: calc(-3% \/ 2 );\"><div class=\"fusion-layout-column fusion_builder_column fusion-builder-column-0 fusion_builder_column_1_1 1_1 fusion-flex-column blog-conteudo\" style=\"--awb-bg-size:cover;--awb-width-large:100%;--awb-spacing-right-large:1.455%;--awb-margin-bottom-large:60px;--awb-spacing-left-large:1.455%;--awb-width-medium:100%;--awb-order-medium:0;--awb-spacing-right-medium:1.455%;--awb-spacing-left-medium:1.455%;--awb-width-small:100%;--awb-order-small:0;--awb-spacing-right-small:1.455%;--awb-spacing-left-small:1.455%;\"><div class=\"fusion-column-wrapper fusion-column-has-shadow fusion-flex-justify-content-flex-start fusion-content-layout-column\"><div class=\"fusion-separator fusion-has-icon fusion-full-width-sep\" style=\"align-self: center;margin-left: auto;margin-right: auto;margin-top:30px;margin-bottom:30px;width:100%;max-width:100%;\"><div class=\"fusion-separator-border sep-single sep-solid\" style=\"--awb-height:20px;--awb-amount:20px;--awb-sep-color:var(--awb-custom_color_14);border-color:var(--awb-custom_color_14);border-top-width:1px;\"><\/div><span class=\"icon-wrapper\" style=\"border-color:transparent;font-size:26px;width: 1.75em; height: 1.75em;border-width:1px;padding:1px;margin-top:-0.5px\"><i class=\"icon-bkf-BKF_ICONES_1X1_PRETO-96\" style=\"font-size: inherit;color:var(--awb-color6);\" aria-hidden=\"true\"><\/i><\/span><div class=\"fusion-separator-border sep-single sep-solid\" style=\"--awb-height:20px;--awb-amount:20px;--awb-sep-color:var(--awb-custom_color_14);border-color:var(--awb-custom_color_14);border-top-width:1px;\"><\/div><\/div>\n<script src=\"https:\/\/cdn.tailwindcss.com\"><\/script>\n<style>\n\/* Estilos Padr\u00e3o Blog B2B Bike F\u00e1cil *\/\n@import url('https:\/\/fonts.googleapis.com\/css2?family=Inter:wght@400;600;700;800&display=swap');\n\n.body-like-container {\n    background-color: #fcfcf7;\n    padding: 20px 0;\n    min-height: 100vh;\n    font-family: 'Inter', sans-serif; \n    width: 100%; \n    box-sizing: border-box;\n}\n\n.blog-content-container {\n    max-width: 768px;\n    margin: 0 auto;\n    padding: 24px 16px;\n    box-sizing: border-box;\n    text-align: left; \n    line-height: 1.75;\n    color: #1f2937; \n    background-color: #fcfcf7;\n    border-radius: 0; \n    box-shadow: none;\n}\n\n.blog-content-container h1 {\n    font-size: 2.5em;\n    font-weight: 800;\n    color: #111827; \n    margin-top: 0;\n    margin-bottom: 24px;\n    text-align: left; \n    line-height: 1.1;\n}\n\n.blog-content-container h2 {\n    font-size: 1.8em;\n    font-weight: 700;\n    color: #1d4ed8; \n    margin-top: 40px;\n    margin-bottom: 20px;\n    padding-bottom: 4px;\n    border-bottom: 2px solid #eff6ff; \n    text-align: left;\n}\n\n.separator-line {\n    border: 0;\n    height: 1px;\n    background-color: #d1d5db;\n    margin: 30px 0;\n    width: 100%;\n}\n\n.blog-content-container p {\n    margin-bottom: 1.25em;\n    text-align: left;\n}\n\n.blog-content-container strong {\n    font-weight: 700;\n    color: #1f2937; \n}\n\n.blog-content-container ul, .blog-content-container ol {\n    margin-bottom: 1.5em;\n    padding-left: 25px;\n    list-style-type: disc;\n}\n\n.blog-content-container li {\n    margin-bottom: 0.75em;\n    text-align: left;\n}\n\n.references {\n    border-top: 2px solid #d1d5db;\n    padding-top: 20px;\n    margin-top: 40px;\n}\n\n.blog-content-container a {\n    color: #1d4ed8; \n    text-decoration: underline;\n    transition: color 0.2s;\n}\n.blog-content-container a:hover {\n    color: #2563eb;\n}\n<\/style>\n\n<div class=\"body-like-container\">\n    <div class=\"blog-content-container\">\n\n        <h1>Esta\u00e7\u00e3o de aluguel de bicicletas: 10 motivos para o seu sucesso!<\/h1>\n\n        <div class=\"separator-line\"><\/div>\n        \n        <p>A mobilidade urbana passou por transforma\u00e7\u00f5es dr\u00e1sticas na \u00faltima d\u00e9cada, e o cora\u00e7\u00e3o dessa mudan\u00e7a reside na presen\u00e7a onipresente da esta\u00e7\u00e3o de aluguel de bicicletas nas grandes metr\u00f3poles brasileiras. O que antes era visto como uma alternativa de lazer de fim de semana, hoje consolidou-se como o pilar central do transporte intermodal, permitindo que milh\u00f5es de cidad\u00e3os completem seus trajetos di\u00e1rios com efici\u00eancia, economia e, acima de tudo, sustentabilidade. Em 2026, a tecnologia que envolve uma esta\u00e7\u00e3o de aluguel de bicicletas evoluiu de simples pontos de travamento para hubs inteligentes de conectividade, capazes de integrar dados de tr\u00e1fego, carregar baterias de e-bikes via indu\u00e7\u00e3o e oferecer uma experi\u00eancia de usu\u00e1rio totalmente digital e fluida atrav\u00e9s de interfaces simplificadas e seguras.<\/p>\n\n        <p>Neste guia completo e exaustivo, vamos mergulhar nos aspectos t\u00e9cnicos, sociais e econ\u00f4micos que fazem da esta\u00e7\u00e3o de aluguel de bicicletas o investimento mais inteligente para as cidades do futuro. Vamos analisar como a intelig\u00eancia artificial ajuda no reequil\u00edbrio das frotas, o impacto direto na sa\u00fade p\u00fablica e por que a proximidade com uma esta\u00e7\u00e3o de aluguel de bicicletas tornou-se um dos principais fatores de valoriza\u00e7\u00e3o imobili\u00e1ria nos centros urbanos. Se voc\u00ea deseja entender como a revolu\u00e7\u00e3o das duas rodas est\u00e1 moldando o nosso cotidiano, este artigo \u00e9 o recurso definitivo para explorar todas as facetas desse ecossistema tecnol\u00f3gico.<\/p>\n\n        <h2>1. A Evolu\u00e7\u00e3o Tecnol\u00f3gica da Esta\u00e7\u00e3o de Aluguel de Bicicletas<\/h2>\n        <p>Quando olhamos para as primeiras iniciativas de compartilhamento, as esta\u00e7\u00f5es eram mec\u00e2nicas e sujeitas a falhas constantes que frustravam o usu\u00e1rio final. Hoje, em 2026, uma esta\u00e7\u00e3o de aluguel de bicicletas moderna \u00e9 uma pe\u00e7a de engenharia eletr\u00f4nica sofisticada, integrada \u00e0 infraestrutura de cidades inteligentes (Smart Cities). Elas s\u00e3o equipadas com pain\u00e9is solares de alta efici\u00eancia que garantem autonomia energ\u00e9tica total para os sistemas de travamento e comunica\u00e7\u00e3o, mesmo em per\u00edodos de baixa luminosidade. Al\u00e9m disso, a integra\u00e7\u00e3o com redes 5G e 6G permite que a comunica\u00e7\u00e3o entre a bicicleta e a central de controle seja instant\u00e2nea, garantindo que o usu\u00e1rio consiga liberar o ve\u00edculo em menos de dois segundos atrav\u00e9s de biometria facial ou aproxima\u00e7\u00e3o do smartphone.<\/p>\n        \n        <p>A robustez mec\u00e2nica tamb\u00e9m foi aprimorada para suportar as intemp\u00e9ries e o uso intenso de forma ininterrupta. Os materiais utilizados na constru\u00e7\u00e3o de uma esta\u00e7\u00e3o de aluguel de bicicletas hoje incluem ligas de a\u00e7o galvanizado com pintura eletrost\u00e1tica e pol\u00edmeros reciclados de alta resist\u00eancia, o que reduz drasticamente o custo de manuten\u00e7\u00e3o para as operadoras e prefeituras. O design modular permite que a esta\u00e7\u00e3o seja expandida ou reduzida conforme a demanda hist\u00f3rica daquela regi\u00e3o espec\u00edfica, garantindo que o espa\u00e7o p\u00fablico seja utilizado de forma racional e otimizada. Para aqueles que preferem a liberdade de ter seu pr\u00f3prio equipamento em vez de depender exclusivamente do aluguel, a <a href=\"https:\/\/www.bikefacil.com\" target=\"_blank\">Bike F\u00e1cil<\/a> oferece suportes e acess\u00f3rios que trazem a mesma praticidade e seguran\u00e7a das esta\u00e7\u00f5es profissionais para dentro da sua casa ou garagem.<\/p>\n\n        <h2>2. O Impacto na Mobilidade da \"\u00daltima Milha\" e a Efici\u00eancia Urbana<\/h2>\n        <p>O conceito de \"\u00faltima milha\" refere-se ao trecho final da jornada de um passageiro \u2014 do terminal de \u00f4nibus ou esta\u00e7\u00e3o de metr\u00f4 at\u00e9 o destino final, seja o trabalho ou a resid\u00eancia. \u00c9 exatamente aqui que a esta\u00e7\u00e3o de aluguel de bicicletas brilha com maior intensidade, funcionando como o tecido conjuntivo que une os grandes sistemas de transporte. Em cidades como S\u00e3o Paulo e Curitiba, a instala\u00e7\u00e3o estrat\u00e9gica de uma esta\u00e7\u00e3o de aluguel de bicicletas a cada 300 metros nas zonas centrais eliminou a necessidade de caminhadas longas sob sol ou chuva, ou a depend\u00eancia de aplicativos de transporte de carro que congestionam ainda mais as vias.<\/p>\n        \n        <p>A efici\u00eancia desse sistema depende diretamente da densidade e da conectividade da malha. Quanto maior o n\u00famero de unidades de esta\u00e7\u00e3o de aluguel de bicicletas espalhadas pela cidade, maior \u00e9 a confian\u00e7a do usu\u00e1rio no sistema, criando um efeito de rede positivo. Em 2026, os algoritmos de planejamento urbano utilizam mapas de calor gerados por Big Data para identificar pontos cegos na rede de transporte, garantindo que nenhum cidad\u00e3o esteja a mais de cinco minutos de caminhada de uma esta\u00e7\u00e3o de aluguel de bicicletas. Essa capilaridade transforma a bicicleta na extens\u00e3o natural do transporte de massa, criando um sistema de transporte verdadeiramente org\u00e2nico e resiliente a paralisa\u00e7\u00f5es ou grandes congestionamentos.<\/p>\n\n        <h2>3. Sustentabilidade, Descarboniza\u00e7\u00e3o e Economia Circular<\/h2>\n        <p>A urg\u00eancia clim\u00e1tica de 2026 imp\u00f4s metas rigorosas para a redu\u00e7\u00e3o de emiss\u00f5es de gases de efeito estufa em todo o territ\u00f3rio nacional. A esta\u00e7\u00e3o de aluguel de bicicletas atua como uma ferramenta direta de descarboniza\u00e7\u00e3o em tempo real. Cada quil\u00f4metro percorrido em uma bike alugada em vez de um carro movido a combust\u00edvel f\u00f3ssil representa uma economia direta de CO2 na atmosfera. Al\u00e9m disso, as bicicletas compartilhadas em 2026 s\u00e3o projetadas sob os princ\u00edpios estritos da economia circular: desde os pneus de pol\u00edmero que dispensam o uso de ar at\u00e9 os quadros totalmente recicl\u00e1veis, todo o ecossistema da esta\u00e7\u00e3o de aluguel de bicicletas \u00e9 pensado para minimizar o impacto ambiental desde a fabrica\u00e7\u00e3o at\u00e9 o descarte final.<\/p>\n        \n        <p>Al\u00e9m das emiss\u00f5es gasosas, h\u00e1 a quest\u00e3o fundamental da polui\u00e7\u00e3o sonora, um dos grandes males das metr\u00f3poles modernas. Cidades que substitu\u00edram grandes volumes de ve\u00edculos motorizados por fluxos constantes originados de uma esta\u00e7\u00e3o de aluguel de bicicletas tornaram-se visivelmente mais silenciosas, o que impacta positivamente o com\u00e9rcio e o conv\u00edvio social. O asfalto tamb\u00e9m apresenta uma durabilidade maior, pois o peso de uma bicicleta \u00e9 \u00ednfimo comparado ao de um autom\u00f3vel, reduzindo os gastos municipais com recapeamento e obras de infraestrutura. Assim, investir em uma esta\u00e7\u00e3o de aluguel de bicicletas \u00e9 investir em uma cidade que respira melhor, soa melhor e gasta menos recursos p\u00fablicos com reparos pesados.<\/p>\n\n        <h2>4. Integra\u00e7\u00e3o com Bicicletas El\u00e9tricas e Carregamento Inteligente<\/h2>\n        <p>O grande divisor de \u00e1guas na popularidade da esta\u00e7\u00e3o de aluguel de bicicletas nesta d\u00e9cada foi, sem d\u00favida, a integra\u00e7\u00e3o das e-bikes (bicicletas el\u00e9tricas). Antigamente, o esfor\u00e7o f\u00edsico necess\u00e1rio para vencer ladeiras e o suor excessivo eram barreiras intranspon\u00edveis para quem desejava usar a bike para trabalhar com roupas sociais. Hoje, a esta\u00e7\u00e3o de aluguel de bicicletas conta com sistemas de carregamento por indu\u00e7\u00e3o nos pr\u00f3prios docks de travamento. O usu\u00e1rio simplesmente encaixa a bicicleta e a recarga come\u00e7a automaticamente, sem necessidade de cabos.<\/p>\n        \n        <p>A intelig\u00eancia da esta\u00e7\u00e3o de aluguel de bicicletas permite monitorar o n\u00edvel de carga de cada unidade atrav\u00e9s de uma central de comando. Se uma bicicleta est\u00e1 com pouca bateria, o sistema a bloqueia automaticamente para novas loca\u00e7\u00f5es, priorizando o seu carregamento r\u00e1pido, ou sinaliza para a equipe de log\u00edstica a necessidade de substitui\u00e7\u00e3o de componentes. Essa log\u00edstica automatizada garante que o usu\u00e1rio sempre encontre uma bicicleta el\u00e9trica pronta para o uso, com carga suficiente para seu trajeto. A e-bike transformou a esta\u00e7\u00e3o de aluguel de bicicletas em um competidor direto e vantajoso dos \u00f4nibus em trajetos de at\u00e9 10 quil\u00f4metros, oferecendo autonomia, rapidez e pontualidade ao cidad\u00e3o.<\/p>\n\n        <h2>5. Sa\u00fade P\u00fablica, Medicina Preventiva e Bem-Estar Mental<\/h2>\n        <p>O sedentarismo \u00e9 considerado uma das maiores crises de sa\u00fade p\u00fablica do s\u00e9culo XXI, e a facilidade de encontrar uma esta\u00e7\u00e3o de aluguel de bicicletas no caminho do trabalho tem sido o melhor e mais econ\u00f4mico rem\u00e9dio preventivo dispon\u00edvel. Estudos de 2026 mostram que usu\u00e1rios regulares de sistemas de compartilhamento apresentam \u00edndices significativamente menores de doen\u00e7as cardiovasculares, diabetes e obesidade. O exerc\u00edcio incidental \u2014 aquele realizado para o deslocamento di\u00e1rio \u2014 \u00e9 extremamente eficaz por ser constante. Quando o poder p\u00fablico instala uma esta\u00e7\u00e3o de aluguel de bicicletas, ele est\u00e1, na pr\u00e1tica, investindo em medicina preventiva e desafogando as filas do sistema \u00fanico de sa\u00fade.<\/p>\n        \n        <p>Al\u00e9m da sa\u00fade f\u00edsica, o impacto na sa\u00fade mental \u00e9 revolucion\u00e1rio. Pedalar em vez de ficar preso em engarrafamentos estressantes reduz os n\u00edveis de cortisol no organismo e aumenta a libera\u00e7\u00e3o de serotonina e endorfinas. A experi\u00eancia de cruzar a cidade ao ar livre, utilizando a infraestrutura de uma esta\u00e7\u00e3o de aluguel de bicicletas bem localizada em meio a \u00e1reas verdes, proporciona uma sensa\u00e7\u00e3o de liberdade e conex\u00e3o com o ambiente urbano que o habit\u00e1culo fechado de um carro isola. A cidade torna-se mais humana, menos agressiva e o cidad\u00e3o mais satisfeito, provando que a esta\u00e7\u00e3o de aluguel de bicicletas \u00e9 um componente essencial da felicidade urbana e da produtividade no trabalho.<\/p>\n\n        <h2>6. A Economia Compartilhada e o Al\u00edvio Financeiro das Fam\u00edlias<\/h2>\n        <p>Manter um carro particular em 2026 \u00e9 um luxo que envolve custos proibitivos de combust\u00edvel, seguros elevados, impostos e a deprecia\u00e7\u00e3o acelerada. Em contrapartida, o uso de uma esta\u00e7\u00e3o de aluguel de bicicletas \u00e9 extremamente democr\u00e1tico e acess\u00edvel. Por meio de planos de assinatura mensal que custam menos do que uma \u00fanica ida ao posto de combust\u00edvel, o usu\u00e1rio tem acesso ilimitado a uma frota de alto valor agregado sem se preocupar com furtos, custos de manuten\u00e7\u00e3o ou necessidade de limpeza. A economia compartilhada democratizou a tecnologia de transporte, permitindo que todas as classes sociais utilizem o que h\u00e1 de melhor atrav\u00e9s da esta\u00e7\u00e3o de aluguel de bicicletas.<\/p>\n        \n        <p>Para as empresas modernas, oferecer conv\u00eanios corporativos com redes de esta\u00e7\u00e3o de aluguel de bicicletas tornou-se o novo benef\u00edcio padr\u00e3o, muitas vezes substituindo o antigo aux\u00edlio-estacionamento. Isso reduz a demanda por vagas de garagem em pr\u00e9dios comerciais caros, permitindo que as construtoras liberem espa\u00e7o para \u00e1reas de lazer, jardins verticais ou novos escrit\u00f3rios produtivos. A economia gerada pela esta\u00e7\u00e3o de aluguel de bicicletas reverbera em toda a cadeia produtiva, tornando as cidades mais competitivas e os trabalhadores com maior poder de compra para outros setores da economia local.<\/p>\n\n        <h2>7. Seguran\u00e7a Digital e a Gest\u00e3o de Dados por Intelig\u00eancia Artificial<\/h2>\n        <p>Um dos maiores receios hist\u00f3ricos dos usu\u00e1rios de bikes compartilhadas era o vandalismo e o furto, mas a esta\u00e7\u00e3o de aluguel de bicicletas de nova gera\u00e7\u00e3o resolveu esses problemas com camadas redundantes de seguran\u00e7a inteligente. C\u00e2meras com reconhecimento de padr\u00f5es de comportamento e alarmes sonoros integrados protegem cada dock individualmente. Al\u00e9m disso, cada bicicleta conectada a uma esta\u00e7\u00e3o de aluguel de bicicletas possui rastreamento por sat\u00e9lite redundante e sensores de impacto. Caso uma bicicleta sofra um dano ou seja levada para fora do per\u00edmetro de geofencing permitido, o sistema trava as rodas instantaneamente e emite um alerta para a central.<\/p>\n        \n        <p>Os dados coletados em cada esta\u00e7\u00e3o de aluguel de bicicletas s\u00e3o an\u00f4nimos, mas fundamentais para o planejamento de tr\u00e1fego. As prefeituras agora possuem acesso a dados em tempo real que mostram exatamente por onde as pessoas pedalam, quais cruzamentos apresentam maior risco e onde o asfalto precisa de reparos urgentes. Essa \"tecnologia de feedback cont\u00ednuo\" transforma cada esta\u00e7\u00e3o de aluguel de bicicletas em um sensor urbano estrat\u00e9gico, permitindo que as cidades evoluam de forma emp\u00edrica, baseada em dados reais de uso, e n\u00e3o apenas em proje\u00e7\u00f5es te\u00f3ricas.<\/p>\n\n        <h2>8. Log\u00edstica Preditiva e o Reequil\u00edbrio Inteligente de Frotas<\/h2>\n        <p>O maior desafio operacional de qualquer sistema de compartilhamento era chegar a uma esta\u00e7\u00e3o de aluguel de bicicletas e encontr\u00e1-la vazia no momento da partida, ou totalmente cheia sem vagas para a devolu\u00e7\u00e3o no destino. Em 2026, a intelig\u00eancia artificial preditiva baseada em redes neurais resolveu esse impasse log\u00edstico. Atrav\u00e9s do cruzamento de dados hist\u00f3ricos, previs\u00e3o meteorol\u00f3gica e eventos urbanos em tempo real, o sistema antecipa quando uma esta\u00e7\u00e3o de aluguel de bicicletas ficar\u00e1 congestionada ou desabastecida.<\/p>\n        \n        <p>A solu\u00e7\u00e3o moderna envolve gamifica\u00e7\u00e3o: o aplicativo envia incentivos para os usu\u00e1rios, como cr\u00e9ditos em passagens ou minutos gr\u00e1tis, para que eles retirem bicicletas de esta\u00e7\u00f5es cheias ou as devolvam em esta\u00e7\u00f5es que est\u00e3o com baixa oferta. Esse reequil\u00edbrio org\u00e2nico, somado a frotas de vans el\u00e9tricas de redistribui\u00e7\u00e3o, garante que a esta\u00e7\u00e3o de aluguel de bicicletas seja sempre confi\u00e1vel. A confian\u00e7a do usu\u00e1rio no sistema \u00e9 o que sustenta sua popularidade; saber que o servi\u00e7o estar\u00e1 dispon\u00edvel \u00e9 o que faz o cidad\u00e3o deixar a chave do carro em casa e optar pelo modal ativo.<\/p>\n\n        <h2>9. O Papel das Esta\u00e7\u00f5es na Revitaliza\u00e7\u00e3o do Com\u00e9rcio Local<\/h2>\n        <p>A presen\u00e7a de uma esta\u00e7\u00e3o de aluguel de bicicletas em uma cal\u00e7ada tem um efeito catalisador no com\u00e9rcio de bairro. Diferente do motorista, que passa r\u00e1pido e foca apenas em grandes centros de compras com estacionamento, o ciclista urbano est\u00e1 mais conectado \u00e0 escala da rua. Ao estacionar ou retirar uma bike em uma esta\u00e7\u00e3o de aluguel de bicicletas, o cidad\u00e3o interage com padarias, caf\u00e9s, farm\u00e1cias e livrarias locais que seriam ignorados em um deslocamento motorizado.<\/p>\n        \n        <p>Estudos de urbanismo comercial em 2026 comprovam que ruas que receberam uma esta\u00e7\u00e3o de aluguel de bicicletas e infraestrutura ciclovi\u00e1ria viram um aumento de at\u00e9 25% no faturamento das lojas de rua. Isso ocorre porque a bicicleta facilita a parada impulsiva e o consumo em pequenos estabelecimentos. A esta\u00e7\u00e3o de aluguel de bicicletas n\u00e3o \u00e9 apenas um ponto de transporte; ela \u00e9 um gerador de fluxo de pedestres qualificado, ajudando a manter a economia local viva e os centros das cidades vibrantes e seguros.<\/p>\n\n        <h2>10. O Futuro Pr\u00f3ximo: Esta\u00e7\u00f5es Aut\u00f4nomas e Conectividade V2I<\/h2>\n        <p>Estamos nos aproximando rapidamente de um futuro onde a esta\u00e7\u00e3o de aluguel de bicicletas interagir\u00e1 de forma direta com ve\u00edculos aut\u00f4nomos e infraestruturas de tr\u00e2nsito. Atrav\u00e9s de protocolos de comunica\u00e7\u00e3o V2I (Vehicle-to-Infrastructure), a pr\u00f3pria esta\u00e7\u00e3o poder\u00e1 sinalizar para carros sem motorista a presen\u00e7a iminente de ciclistas em um cruzamento cego, aumentando exponencialmente a seguran\u00e7a. Al\u00e9m disso, prot\u00f3tipos de bicicletas com equil\u00edbrio autom\u00e1tico j\u00e1 est\u00e3o em teste: ap\u00f3s o uso, a bicicleta pode sair da esta\u00e7\u00e3o de aluguel de bicicletas e \"navegar\" sozinha para um ponto de recarga ou manuten\u00e7\u00e3o.<\/p>\n        \n        <p>Essa vis\u00e3o futurista demonstra que a esta\u00e7\u00e3o de aluguel de bicicletas \u00e9 a base fundamental para a Internet das Coisas (IoT) aplicada ao urbanismo. No futuro, sua bike alugada poder\u00e1 atuar como um guia tur\u00edstico inteligente, sugerindo pontos de interesse baseados no seu perfil e monitorando a qualidade do ar que voc\u00ea respira em tempo real. A esta\u00e7\u00e3o de aluguel de bicicletas \u00e9, portanto, a porta de entrada para uma vida urbana tecnologicamente integrada, saud\u00e1vel e focada na experi\u00eancia humana.<\/p>\n\n        <h2>11. Adapta\u00e7\u00e3o Residencial: Levando a Tecnologia para Casa<\/h2>\n        <p>Embora a rede p\u00fablica de esta\u00e7\u00e3o de aluguel de bicicletas seja excelente para deslocamentos urbanos, muitos ciclistas optam por ter sua pr\u00f3pria bicicleta el\u00e9trica ou de performance para longas dist\u00e2ncias ou treinos espec\u00edficos. Nestes casos, surge o desafio de replicar a organiza\u00e7\u00e3o e a seguran\u00e7a das esta\u00e7\u00f5es profissionais dentro de casa. \u00c9 fundamental ter um local dedicado que proteja o equipamento e mantenha a organiza\u00e7\u00e3o do lar, evitando que a bicicleta se torne um estorvo no corredor ou na sala.<\/p>\n        \n        <p>Para resolver essa demanda, a Bike F\u00e1cil desenvolveu solu\u00e7\u00f5es de suportes residenciais que mimetizam a praticidade de uma esta\u00e7\u00e3o de aluguel de bicicletas profissional. Com ganchos emborrachados, sistemas de eleva\u00e7\u00e3o e designs que otimizam o espa\u00e7o vertical, voc\u00ea pode ter o seu pr\u00f3prio \"hub\" de mobilidade particular. Ter uma estrutura adequada para guardar sua bike n\u00e3o \u00e9 apenas uma quest\u00e3o de est\u00e9tica, mas de manuten\u00e7\u00e3o preventiva, garantindo que o seu investimento esteja sempre seguro e pronto para a pr\u00f3xima aventura.<\/p>\n\n        <h2>12. Conclus\u00e3o: Por que a Esta\u00e7\u00e3o de Aluguel de Bicicletas \u00e9 o Futuro Hoje?<\/h2>\n        <p>Conclu\u00edmos que a esta\u00e7\u00e3o de aluguel de bicicletas \u00e9 muito mais do que um local para retirar um ve\u00edculo de transporte; \u00e9 o s\u00edmbolo m\u00e1ximo de uma nova era de respeito ao espa\u00e7o p\u00fablico, \u00e0 sa\u00fade individual e \u00e0 efici\u00eancia coletiva. Ela resolve problemas complexos de tr\u00e2nsito saturado e polui\u00e7\u00e3o atmosf\u00e9rica com uma simplicidade t\u00e9cnica elegante. Ao facilitar o acesso universal \u00e0 mobilidade ativa, a esta\u00e7\u00e3o de aluguel de bicicletas empodera o cidad\u00e3o comum, dando-lhe a liberdade de escolher rotas mais bonitas, r\u00e1pidas e significativamente mais baratas.<\/p>\n        \n        <p>Se voc\u00ea mora em uma regi\u00e3o que j\u00e1 conta com o investimento em uma esta\u00e7\u00e3o de aluguel de bicicletas, aproveite essa infraestrutura inteligente para transformar sua rotina. Se voc\u00ea busca levar essa mesma facilidade de organiza\u00e7\u00e3o e cuidado com o equipamento para sua resid\u00eancia, n\u00e3o deixe de conferir o cat\u00e1logo da <strong>Bike F\u00e1cil<\/strong>, especialistas em suportes que trazem a efici\u00eancia das ruas para dentro do seu lar. O futuro das cidades de 2026 \u00e9 silencioso, conectado e est\u00e1 definitivamente sobre duas rodas.<\/p>\n\n        <div class=\"references\">\n            <p>Gostou? Leia mais em:<\/p>\n            <ul>\n                <li><a href=\"https:\/\/itdpbrasil.org\/\" target=\"_blank\" rel=\"noopener\">O impacto econ\u00f4mico das ciclovias no com\u00e9rcio de rua - ITDP Brasil<\/a><\/li>\n                <li><a href=\"https:\/\/www.wri.org\/\" target=\"_blank\" rel=\"noopener\">Tend\u00eancias globais para a mobilidade compartilhada em 2026 - World Resources Institute<\/a><\/li>\n            <\/ul>\n        <\/div>\n\n    <\/div>\n<\/div><div class=\"fusion-builder-row fusion-builder-row-inner fusion-row fusion-flex-align-items-flex-start fusion-flex-content-wrap\" style=\"width:103% !important;max-width:103% !important;margin-left: calc(-3% \/ 2 );margin-right: calc(-3% \/ 2 );\"><div class=\"fusion-layout-column fusion_builder_column_inner fusion-builder-nested-column-0 fusion_builder_column_inner_1_1 1_1 fusion-flex-column\" style=\"--awb-padding-top:60px;--awb-padding-right:60px;--awb-padding-bottom:40px;--awb-padding-left:60px;--awb-overflow:hidden;--awb-bg-color:var(--awb-color2);--awb-bg-color-hover:var(--awb-color2);--awb-bg-size:cover;--awb-border-color:var(--awb-color5);--awb-border-color-hover:var(--awb-color4);--awb-border-left:5px;--awb-border-style:solid;--awb-border-radius:20px 20px 20px 20px;--awb-width-large:100%;--awb-spacing-right-large:1.455%;--awb-margin-bottom-large:0px;--awb-spacing-left-large:1.455%;--awb-width-medium:100%;--awb-order-medium:0;--awb-spacing-right-medium:1.455%;--awb-spacing-left-medium:1.455%;--awb-width-small:100%;--awb-order-small:0;--awb-spacing-right-small:1.455%;--awb-spacing-left-small:1.455%;\"><div class=\"fusion-column-wrapper fusion-column-has-shadow fusion-flex-justify-content-flex-start fusion-content-layout-column\"><div class=\"fusion-text fusion-text-1\" style=\"--awb-font-size:20px;--awb-line-height:1.6em;--awb-letter-spacing:-0.01em;--awb-text-color:var(--awb-color6);--awb-text-font-family:var(--awb-typography2-font-family);--awb-text-font-weight:var(--awb-typography2-font-weight);--awb-text-font-style:var(--awb-typography2-font-style);\"><p><strong>Vamos agregar valor ao seu projeto!<br \/>\n<\/strong>Entre em contato com a Bike F\u00e1cil, somos especialistas em solu\u00e7\u00f5es de mobilidade ativa. E aproveite para explorar outros artigos no nosso blog sobre infraestrutura ciclovi\u00e1ria, inova\u00e7\u00e3o urbana e sustentabilidade.<\/p>\n<\/div><\/div><\/div><\/div>\n<\/div><\/div><\/div><\/div>\n","protected":false},"excerpt":{"rendered":"<p>Get the latest insights, market trends &#038; inspiration!<\/p>\n","protected":false},"author":8,"featured_media":11389,"comment_status":"closed","ping_status":"closed","sticky":false,"template":"","format":"standard","meta":{"_acf_changed":false,"footnotes":""},"categories":[111],"tags":[252,189,253,188,187,158,194,250,208,251,249,248,190],"class_list":["post-11388","post","type-post","status-publish","format-standard","has-post-thumbnail","hentry","category-noticias","tag-acessorios-para-ciclismo","tag-bicicleta","tag-bike-facil-suportes","tag-esg","tag-mobilidade-ativa","tag-mobilidade-sustentavel","tag-mobilidade-urbana-sustentavel","tag-organizacao-de-bicicletas","tag-planejamento-urbano","tag-suporte-de-chao-para-bicicleta","tag-suporte-de-parede-para-bike","tag-suporte-para-bicicletas","tag-sustentabilidade"],"acf":[],"_links":{"self":[{"href":"https:\/\/bikefacil.com\/?rest_route=\/wp\/v2\/posts\/11388","targetHints":{"allow":["GET"]}}],"collection":[{"href":"https:\/\/bikefacil.com\/?rest_route=\/wp\/v2\/posts"}],"about":[{"href":"https:\/\/bikefacil.com\/?rest_route=\/wp\/v2\/types\/post"}],"author":[{"embeddable":true,"href":"https:\/\/bikefacil.com\/?rest_route=\/wp\/v2\/users\/8"}],"replies":[{"embeddable":true,"href":"https:\/\/bikefacil.com\/?rest_route=%2Fwp%2Fv2%2Fcomments&post=11388"}],"version-history":[{"count":3,"href":"https:\/\/bikefacil.com\/?rest_route=\/wp\/v2\/posts\/11388\/revisions"}],"predecessor-version":[{"id":11392,"href":"https:\/\/bikefacil.com\/?rest_route=\/wp\/v2\/posts\/11388\/revisions\/11392"}],"wp:featuredmedia":[{"embeddable":true,"href":"https:\/\/bikefacil.com\/?rest_route=\/wp\/v2\/media\/11389"}],"wp:attachment":[{"href":"https:\/\/bikefacil.com\/?rest_route=%2Fwp%2Fv2%2Fmedia&parent=11388"}],"wp:term":[{"taxonomy":"category","embeddable":true,"href":"https:\/\/bikefacil.com\/?rest_route=%2Fwp%2Fv2%2Fcategories&post=11388"},{"taxonomy":"post_tag","embeddable":true,"href":"https:\/\/bikefacil.com\/?rest_route=%2Fwp%2Fv2%2Ftags&post=11388"}],"curies":[{"name":"wp","href":"https:\/\/api.w.org\/{rel}","templated":true}]}}