{"id":11393,"date":"2026-01-28T12:09:29","date_gmt":"2026-01-28T15:09:29","guid":{"rendered":"https:\/\/bikefacil.com\/?p=11393"},"modified":"2026-01-28T12:09:29","modified_gmt":"2026-01-28T15:09:29","slug":"mobilidade-urbana-compartilhada-tendencias","status":"publish","type":"post","link":"https:\/\/bikefacil.com\/noticias\/mobilidade-urbana-compartilhada-tendencias\/","title":{"rendered":"Mobilidade urbana compartilhada e as tend\u00eancias que dominam 2026"},"content":{"rendered":"<div class=\"fusion-fullwidth fullwidth-box fusion-builder-row-1 fusion-flex-container has-pattern-background has-mask-background nonhundred-percent-fullwidth non-hundred-percent-height-scrolling\" style=\"--awb-border-radius-top-left:0px;--awb-border-radius-top-right:0px;--awb-border-radius-bottom-right:0px;--awb-border-radius-bottom-left:0px;--awb-margin-top-small:40px;--awb-flex-wrap:wrap;\" ><div class=\"fusion-builder-row fusion-row fusion-flex-align-items-flex-start fusion-flex-content-wrap\" style=\"max-width:1318.4px;margin-left: calc(-3% \/ 2 );margin-right: calc(-3% \/ 2 );\"><div class=\"fusion-layout-column fusion_builder_column fusion-builder-column-0 fusion_builder_column_1_1 1_1 fusion-flex-column blog-conteudo\" style=\"--awb-bg-size:cover;--awb-width-large:100%;--awb-spacing-right-large:1.455%;--awb-margin-bottom-large:60px;--awb-spacing-left-large:1.455%;--awb-width-medium:100%;--awb-order-medium:0;--awb-spacing-right-medium:1.455%;--awb-spacing-left-medium:1.455%;--awb-width-small:100%;--awb-order-small:0;--awb-spacing-right-small:1.455%;--awb-spacing-left-small:1.455%;\"><div class=\"fusion-column-wrapper fusion-column-has-shadow fusion-flex-justify-content-flex-start fusion-content-layout-column\"><div class=\"fusion-separator fusion-has-icon fusion-full-width-sep\" style=\"align-self: center;margin-left: auto;margin-right: auto;margin-top:30px;margin-bottom:30px;width:100%;max-width:100%;\"><div class=\"fusion-separator-border sep-single sep-solid\" style=\"--awb-height:20px;--awb-amount:20px;--awb-sep-color:var(--awb-custom_color_14);border-color:var(--awb-custom_color_14);border-top-width:1px;\"><\/div><span class=\"icon-wrapper\" style=\"border-color:transparent;font-size:26px;width: 1.75em; height: 1.75em;border-width:1px;padding:1px;margin-top:-0.5px\"><i class=\"icon-bkf-BKF_ICONES_1X1_PRETO-96\" style=\"font-size: inherit;color:var(--awb-color6);\" aria-hidden=\"true\"><\/i><\/span><div class=\"fusion-separator-border sep-single sep-solid\" style=\"--awb-height:20px;--awb-amount:20px;--awb-sep-color:var(--awb-custom_color_14);border-color:var(--awb-custom_color_14);border-top-width:1px;\"><\/div><\/div>\n<script src=\"https:\/\/cdn.tailwindcss.com\"><\/script>\n<style>\n\/* Estilos Padr\u00e3o Blog B2B Bike F\u00e1cil *\/\n@import url('https:\/\/fonts.googleapis.com\/css2?family=Inter:wght@400;600;700;800&display=swap');\n\n.body-like-container {\n    background-color: #fcfcf7;\n    padding: 20px 0;\n    min-height: 100vh;\n    font-family: 'Inter', sans-serif; \n    width: 100%; \n    box-sizing: border-box;\n}\n\n.blog-content-container {\n    max-width: 768px;\n    margin: 0 auto;\n    padding: 24px 16px;\n    box-sizing: border-box;\n    text-align: left; \n    line-height: 1.75;\n    color: #1f2937; \n    background-color: #fcfcf7;\n    border-radius: 0; \n    box-shadow: none;\n}\n\n.blog-content-container h1 {\n    font-size: 2.5em;\n    font-weight: 800;\n    color: #111827; \n    margin-top: 0;\n    margin-bottom: 24px;\n    text-align: left; \n    line-height: 1.1;\n}\n\n.blog-content-container h2 {\n    font-size: 1.8em;\n    font-weight: 700;\n    color: #1d4ed8; \n    margin-top: 40px;\n    margin-bottom: 20px;\n    padding-bottom: 4px;\n    border-bottom: 2px solid #eff6ff; \n    text-align: left;\n}\n\n.separator-line {\n    border: 0;\n    height: 1px;\n    background-color: #d1d5db;\n    margin: 30px 0;\n    width: 100%;\n}\n\n.blog-content-container p {\n    margin-bottom: 1.25em;\n    text-align: left;\n}\n\n.blog-content-container strong {\n    font-weight: 700;\n    color: #1f2937; \n}\n\n.blog-content-container ul, .blog-content-container ol {\n    margin-bottom: 1.5em;\n    padding-left: 25px;\n    list-style-type: disc;\n}\n\n.blog-content-container li {\n    margin-bottom: 0.75em;\n    text-align: left;\n}\n\n.references {\n    border-top: 2px solid #d1d5db;\n    padding-top: 20px;\n    margin-top: 40px;\n}\n\n.blog-content-container a {\n    color: #1d4ed8; \n    text-decoration: underline;\n    transition: color 0.2s;\n}\n.blog-content-container a:hover {\n    color: #2563eb;\n}\n<\/style>\n\n<div class=\"body-like-container\">\n    <div class=\"blog-content-container\">\n\n        <h1>Mobilidade urbana compartilhada e as tend\u00eancias que dominam 2026<\/h1>\n\n        <div class=\"separator-line\"><\/div>\n        \n        <p>O conceito de deslocamento nas grandes metr\u00f3poles sofreu uma muta\u00e7\u00e3o profunda nesta d\u00e9cada, e a mobilidade urbana compartilhada consolidou-se como a espinha dorsal dessa transforma\u00e7\u00e3o. O que antes era visto como uma alternativa experimental hoje \u00e9 o pilar de sustenta\u00e7\u00e3o para cidades que buscam efici\u00eancia, redu\u00e7\u00e3o de emiss\u00f5es e qualidade de vida. Em 2026, a mobilidade urbana compartilhada n\u00e3o se resume apenas a alugar uma bicicleta ou um patinete; ela representa um ecossistema integrado onde dados, infraestrutura e ve\u00edculos trabalham em simbiose para garantir que o cidad\u00e3o chegue ao seu destino da maneira mais r\u00e1pida e barata poss\u00edvel.<\/p>\n\n        <p>Neste guia exaustivo, vamos explorar as engrenagens que movem a mobilidade urbana compartilhada hoje. Analisaremos desde o impacto da intelig\u00eancia artificial na gest\u00e3o de frotas at\u00e9 a integra\u00e7\u00e3o de ve\u00edculos el\u00e9tricos e a requalifica\u00e7\u00e3o do espa\u00e7o p\u00fablico. Se voc\u00ea deseja entender como a mobilidade urbana compartilhada est\u00e1 redesenhando o mapa das cidades e influenciando o comportamento das novas gera\u00e7\u00f5es, este artigo \u00e9 o recurso definitivo para aprofundar seus conhecimentos t\u00e9cnicos e sociais sobre o tema.<\/p>\n\n        <h2>1. A Ascens\u00e3o da Mobilidade Urbana Compartilhada no Planejamento das Cidades<\/h2>\n        <p>Historicamente, o planejamento das cidades foi focado no ve\u00edculo individual, resultando em tr\u00e2nsito ca\u00f3tico e polui\u00e7\u00e3o. Contudo, em 2026, a mobilidade urbana compartilhada inverteu essa l\u00f3gica. As prefeituras agora utilizam o compartilhamento como a ferramenta principal para resolver o problema da \"\u00faltima milha\". Isso significa que a mobilidade urbana compartilhada serve como o conector vital entre as grandes esta\u00e7\u00f5es de transporte de massa, como metr\u00f4s e trens, e o destino final do passageiro.<\/p>\n        \n        <p>A infraestrutura das cidades inteligentes foi adaptada para priorizar a mobilidade compartilhada. Ciclovias largas, pontos de recarga por indu\u00e7\u00e3o e hubs multimodais s\u00e3o agora componentes padr\u00e3o em bairros planejados. Quando uma cidade investe em mobilidade urbana compartilhada, ela est\u00e1 reduzindo a necessidade de grandes estacionamentos e liberando espa\u00e7o para parques e \u00e1reas de conv\u00edvio social. Essa mudan\u00e7a de paradigma prova que o espa\u00e7o urbano \u00e9 valioso demais para ser ocupado por carros parados 90% do tempo.<\/p>\n\n        <p>Para aqueles que buscam integrar o uso de equipamentos pr\u00f3prios com as facilidades da cidade, a <strong>Bike F\u00e1cil<\/strong> <a href=\"https:\/\/www.bikefacil.com\" target=\"_blank\">Bike F\u00e1cil<\/a> oferece suportes e acess\u00f3rios que permitem organizar sua bike pessoal com a mesma efici\u00eancia e praticidade vistas nos grandes hubs de mobilidade urbana compartilhada.<\/p>\n\n        <h2>2. Tecnologia IoT e 5G: O C\u00e9rebro do Compartilhamento<\/h2>\n        <p>A efici\u00eancia da mobilidade urbana em 2026 depende quase inteiramente da conectividade. Gra\u00e7as \u00e0s redes 5G e 6G, cada ve\u00edculo inserido no sistema de mobilidade urbana compartilhada funciona como um n\u00f3 de dados em tempo real. Sensores de telemetria monitoram a localiza\u00e7\u00e3o, o estado da bateria, a press\u00e3o dos pneus e at\u00e9 a qualidade do ar nas vias por onde o ve\u00edculo transita. Isso permite que as operadoras de mobilidade urbana compartilhada realizem manuten\u00e7\u00f5es preventivas antes mesmo que um problema ocorra.<\/p>\n        \n        <p>Al\u00e9m disso, a conectividade permite que o usu\u00e1rio tenha uma experi\u00eancia fluida. Atrav\u00e9s de um \u00fanico aplicativo, \u00e9 poss\u00edvel desbloquear uma bicicleta, reservar um carro el\u00e9trico compartilhado ou pagar a tarifa do metr\u00f4. A mobilidade urbana compartilhada tornou-se um servi\u00e7o invis\u00edvel e onipresente, onde a tecnologia remove as barreiras de uso, tornando o ato de compartilhar muito mais atraente do que o ato de possuir e manter um ve\u00edculo privado.<\/p>\n\n        <h2>3. O Impacto Econ\u00f4mico da Mobilidade Urbana  para o Cidad\u00e3o<\/h2>\n        <p>Manter um carro em 2026 envolve custos de seguro, IPVA, combust\u00edveis caros e deprecia\u00e7\u00e3o acelerada. A mobilidade compartilhada oferece um al\u00edvio financeiro direto para as fam\u00edlias. Ao utilizar a mobilidade urbana compartilhada, o cidad\u00e3o paga apenas pelo tempo de uso, eliminando os custos fixos que corroem o or\u00e7amento mensal. Estudos indicam que a transi\u00e7\u00e3o total para a mobilidade urbana compartilhada pode economizar at\u00e9 40% da renda m\u00e9dia dedicada ao transporte.<\/p>\n        \n        <p>Esse fen\u00f4meno tamb\u00e9m gera novas oportunidades econ\u00f4micas. O setor de manuten\u00e7\u00e3o, log\u00edstica e desenvolvimento de software focado em mobilidade urbana compartilhada \u00e9 um dos que mais cresce no Brasil. Al\u00e9m disso, o com\u00e9rcio local se beneficia, pois usu\u00e1rios de bicicletas e ve\u00edculos leves compartilhados interagem mais com as lojas de rua do que motoristas fechados em seus carros buscando estacionamentos em shoppings. Assim, a mobilidade urbana compartilhada irriga a economia de bairro.<\/p>\n\n        <h2>4. Sustentabilidade e Descarboniza\u00e7\u00e3o em Tempo Real<\/h2>\n        <p>A meta de emiss\u00e3o zero de carbono em 2026 n\u00e3o seria poss\u00edvel sem a mobilidade urbana. A eletrifica\u00e7\u00e3o das frotas de compartilhamento garante que o deslocamento urbano seja limpo. Cada quil\u00f4metro percorrido em um modal de mobilidade urbana compartilhada el\u00e9trica retira do ar gramas valiosas de CO2. Al\u00e9m disso, as empresas do setor adotaram modelos de economia circular, onde os ve\u00edculos s\u00e3o projetados para serem totalmente reciclados ao fim de sua vida \u00fatil.<\/p>\n        \n        <p>A mobilidade urbana compartilhada tamb\u00e9m combate a polui\u00e7\u00e3o sonora. Cidades que incentivam o uso de frotas compartilhadas el\u00e9tricas s\u00e3o visivelmente mais silenciosas, o que melhora a sa\u00fade mental dos habitantes. O asfalto dura mais, o ar fica mais puro e a cidade respira. Investir em mobilidade urbana compartilhada \u00e9, fundamentalmente, um compromisso com as futuras gera\u00e7\u00f5es e com a viabilidade clim\u00e1tica do planeta.<\/p>\n\n        <h2>5. Micro-mobilidade: O Cora\u00e7\u00e3o da Mobilidade Urbana Compartilhada<\/h2>\n        <p>Dentro do espectro da mobilidade urbana compartilhada, a micro-mobilidade (bicicletas e patinetes) \u00e9 a que apresenta maior crescimento. Em 2026, as e-bikes compartilhadas dominam as ruas. Com assist\u00eancia el\u00e9trica, elas permitem que qualquer pessoa ven\u00e7a ladeiras sem esfor\u00e7o, tornando a mobilidade urbana compartilhada acess\u00edvel para idosos e pessoas com diferentes n\u00edveis de condicionamento f\u00edsico.<\/p>\n        \n        <p>As esta\u00e7\u00f5es de micro-mobilidade agora contam com carregamento solar e sistemas de travamento inteligentes. A integra\u00e7\u00e3o dessas frotas ao ecossistema de mobilidade urbana compartilhada permitiu que trajetos de at\u00e9 8 km sejam feitos de forma mais r\u00e1pida do que de carro, j\u00e1 que as bicicletas evitam congestionamentos e utilizam vias exclusivas.<\/p>\n\n        <h2>6. Intelig\u00eancia Artificial e Log\u00edstica de Frotas<\/h2>\n        <p>Um dos maiores desafios da mobilidade urbana  sempre foi o reequil\u00edbrio: como garantir que existam ve\u00edculos onde as pessoas precisam? Em 2026, a IA resolveu esse problema. Algoritmos preditivos analisam eventos clim\u00e1ticos, feriados e hor\u00e1rios de pico para mover as frotas de mobilidade urbana compartilhada preventivamente.<\/p>\n        \n        <p>Se um show vai acontecer em um est\u00e1dio, o sistema de mobilidade  compartilhada j\u00e1 aloca centenas de unidades na regi\u00e3o horas antes do t\u00e9rmino do evento. Al\u00e9m disso, a gamifica\u00e7\u00e3o incentiva os pr\u00f3prios usu\u00e1rios a levarem ve\u00edculos de \u00e1reas saturadas para \u00e1reas com baixa oferta em troca de cr\u00e9ditos. Essa log\u00edstica invis\u00edvel mant\u00e9m o sistema de mobilidade urbana compartilhada funcional 24 horas por dia.<\/p>\n\n        <h2>7. A Requalifica\u00e7\u00e3o do Espa\u00e7o P\u00fablico nas Cidades Amig\u00e1veis<\/h2>\n        <p>Uma cidade que abra\u00e7a a mobilidade urbana compartilhada muda sua cara. Vagas de estacionamento na guia, que antes ocupavam 30% da largura das ruas, s\u00e3o transformadas em \"pocket parks\" ou hubs de mobilidade urbana compartilhada. Isso aumenta a \u00e1rea de lazer e a seguran\u00e7a dos pedestres. A redu\u00e7\u00e3o do volume de carros particulares permitiu que as prefeituras criassem \"superquadras\", onde apenas ve\u00edculos de mobilidade urbana compartilhada e pedestres circulam.<\/p>\n        \n        <p>Essa transforma\u00e7\u00e3o valoriza os im\u00f3veis e melhora a qualidade de vida. O conceito de \"Cidade de 15 Minutos\" depende inteiramente de uma rede s\u00f3lida de mobilidade urbana compartilhada. Quando o servi\u00e7o \u00e9 eficiente, a necessidade de ter dois ou tr\u00eas carros na garagem desaparece, permitindo que condom\u00ednios usem o espa\u00e7o de estacionamento para academias, hortas comunit\u00e1rias ou coworking.<\/p>\n\n        <h2>8. Seguran\u00e7a e Gest\u00e3o de Riscos Digitais<\/h2>\n        <p>Com milhares de ve\u00edculos conectados, a seguran\u00e7a cibern\u00e9tica tornou-se vital para a mobilidade compartilhada. Em 2026, os protocolos de seguran\u00e7a protegem os dados dos usu\u00e1rios e impedem o sequestro digital de frotas. Al\u00e9m disso, a seguran\u00e7a f\u00edsica foi aprimorada com o uso de c\u00e2meras com IA nas esta\u00e7\u00f5es de mobilidade urbana compartilhada, que detectam vandalismo e acionam as autoridades instantaneamente.<\/p>\n        \n        <p>Para o usu\u00e1rio, a mobilidade urbana compartilhada oferece seguros embutidos na tarifa. Sensores de queda e bot\u00f5es de p\u00e2nico nos aplicativos garantem que o ciclista ou motorista do ve\u00edculo compartilhado seja socorrido em tempo recorde caso ocorra um incidente. A confian\u00e7a no sistema de mobilidade urbana compartilhada \u00e9 o alicerce dessa rede.<\/p>\n\n        <h2>9. Inclus\u00e3o e Acessibilidade no Sistema de Compartilhamento<\/h2>\n        <p>A mobilidade urbana compartilhada em 2026 \u00e9 para todos. Programas de subs\u00eddio garantem que popula\u00e7\u00f5es de baixa renda tenham acesso gratuito ou com desconto ao sistema. Al\u00e9m disso, novos ve\u00edculos adaptados para pessoas com defici\u00eancia f\u00edsica foram integrados \u00e0s frotas de mobilidade urbana compartilhada, garantindo que o direito \u00e0 cidade seja exercido de forma equ\u00e2nime.<\/p>\n        \n        <p>A interface dos aplicativos tamb\u00e9m evoluiu, oferecendo suporte para idosos e pessoas com defici\u00eancia visual. A mobilidade compartilhada deixou de ser um servi\u00e7o para \"tecn\u00f3filos\" e passou a ser uma utilidade p\u00fablica essencial. Quanto mais inclusiva \u00e9 a mobilidade urbana compartilhada, mais resiliente e eficiente se torna a cidade.<\/p>\n\n        <h2>10. O Futuro da Mobilidade Urbana Compartilhada: Ve\u00edculos Aut\u00f4nomos<\/h2>\n        <p>Estamos no limiar de uma nova era: a mobilidade urbana compartilhada com ve\u00edculos aut\u00f4nomos. Em 2026, testes em \u00e1reas controladas j\u00e1 utilizam shuttles (mini\u00f4nibus) sem motorista que operam dentro do sistema de compartilhamento. Isso reduzir\u00e1 ainda mais os custos, pois a opera\u00e7\u00e3o poder\u00e1 ser feita 24h sem interrup\u00e7\u00e3o humana. A bicicleta continuar\u00e1 sendo o modal de prefer\u00eancia para dist\u00e2ncias curtas, mas a integra\u00e7\u00e3o com rob\u00f4s de transporte ser\u00e1 a fase final da mobilidade urbana compartilhada.<\/p>\n        \n        <p>Essa vis\u00e3o futurista mostra que a mobilidade compartilhada \u00e9 um campo em constante evolu\u00e7\u00e3o. O que n\u00e3o muda \u00e9 o objetivo: mover pessoas, n\u00e3o m\u00e1quinas. A jornada da posse para o acesso \u00e9 irrevers\u00edvel, e a mobilidade urbana compartilhada \u00e9 o ve\u00edculo que nos levar\u00e1 para um futuro urbano mais sustent\u00e1vel e justo.<\/p>\n\n        <h2>11. Organiza\u00e7\u00e3o e Suporte: O Papel dos Equipamentos de Qualidade<\/h2>\n        <p>Apesar do crescimento da mobilidade compartilhada, muitos usu\u00e1rios preferem ter sua pr\u00f3pria bicicleta el\u00e9trica ou de performance para longos trajetos ou lazer. No entanto, a mentalidade de efici\u00eancia do compartilhamento deve ser aplicada em casa. Ter um local adequado para guardar sua bike, inspirado nos hubs de mobilidade urbana compartilhada, \u00e9 essencial para manter a durabilidade do equipamento.<\/p>\n        \n        <p>Nesse contexto, a <strong>Bike F\u00e1cil<\/strong> desempenha um papel fundamental, oferecendo suportes que trazem a organiza\u00e7\u00e3o das ruas para dentro do seu lar. Utilizar suportes de alta qualidade evita danos ao quadro e aos pneus, garantindo que sua bike particular esteja sempre em condi\u00e7\u00f5es de uso, integrando-se perfeitamente ao seu estilo de vida focado em mobilidade ativa e inteligente.<\/p>\n\n        <h2>12. Conclus\u00e3o: Por que abra\u00e7ar a Mobilidade Compartilhada hoje?<\/h2>\n        <p>A mobilidade urbana compartilhada n\u00e3o \u00e9 apenas uma conveni\u00eancia; \u00e9 a \u00fanica sa\u00edda vi\u00e1vel para a crise de transporte das metr\u00f3poles modernas. Ela une o que h\u00e1 de melhor na tecnologia com a necessidade humana de conex\u00e3o e liberdade. Ao escolher o compartilhamento, voc\u00ea contribui para uma cidade menos polu\u00edda, economiza recursos preciosos e redescobre o prazer de transitar sem o estresse do tr\u00e2nsito individual.<\/p>\n        \n        <p>O futuro das cidades de 2026 \u00e9 definido pela colabora\u00e7\u00e3o. A mobilidade compartilhada \u00e9 a prova viva de que, quando compartilhamos recursos, todos ganham. Seja atrav\u00e9s de uma e-bike, um carro el\u00e9trico ou um shuttle aut\u00f4nomo, o importante \u00e9 manter o movimento de forma inteligente. Explore sua cidade, utilize os sistemas dispon\u00edveis e veja como a sua vida pode mudar para melhor.<\/p>\n\n        <div class=\"references\">\n            <p>Gostou? Leia mais em:<\/p>\n            <ul>\n                <li><a href=\"https:\/\/itdpbrasil.org\/\" target=\"_blank\" rel=\"noopener\">Pol\u00edticas P\u00fablicas para Mobilidade Compartilhada - ITDP Brasil<\/a><\/li>\n                <li><a href=\"https:\/\/www.wri.org\/\" target=\"_blank\" rel=\"noopener\">Tend\u00eancias de Transporte Sustent\u00e1vel para 2026 - WRI<\/a><\/li>\n            <\/ul>\n        <\/div>\n\n    <\/div>\n<\/div><div class=\"fusion-builder-row fusion-builder-row-inner fusion-row fusion-flex-align-items-flex-start fusion-flex-content-wrap\" style=\"width:103% !important;max-width:103% !important;margin-left: calc(-3% \/ 2 );margin-right: calc(-3% \/ 2 );\"><div class=\"fusion-layout-column fusion_builder_column_inner fusion-builder-nested-column-0 fusion_builder_column_inner_1_1 1_1 fusion-flex-column\" style=\"--awb-padding-top:60px;--awb-padding-right:60px;--awb-padding-bottom:40px;--awb-padding-left:60px;--awb-overflow:hidden;--awb-bg-color:var(--awb-color2);--awb-bg-color-hover:var(--awb-color2);--awb-bg-size:cover;--awb-border-color:var(--awb-color5);--awb-border-color-hover:var(--awb-color4);--awb-border-left:5px;--awb-border-style:solid;--awb-border-radius:20px 20px 20px 20px;--awb-width-large:100%;--awb-spacing-right-large:1.455%;--awb-margin-bottom-large:0px;--awb-spacing-left-large:1.455%;--awb-width-medium:100%;--awb-order-medium:0;--awb-spacing-right-medium:1.455%;--awb-spacing-left-medium:1.455%;--awb-width-small:100%;--awb-order-small:0;--awb-spacing-right-small:1.455%;--awb-spacing-left-small:1.455%;\"><div class=\"fusion-column-wrapper fusion-column-has-shadow fusion-flex-justify-content-flex-start fusion-content-layout-column\"><div class=\"fusion-text fusion-text-1\" style=\"--awb-font-size:20px;--awb-line-height:1.6em;--awb-letter-spacing:-0.01em;--awb-text-color:var(--awb-color6);--awb-text-font-family:var(--awb-typography2-font-family);--awb-text-font-weight:var(--awb-typography2-font-weight);--awb-text-font-style:var(--awb-typography2-font-style);\"><p><strong>Vamos agregar valor ao seu projeto!<br \/>\n<\/strong>Entre em contato com a Bike F\u00e1cil, somos especialistas em solu\u00e7\u00f5es de mobilidade ativa. E aproveite para explorar outros artigos no nosso blog sobre infraestrutura ciclovi\u00e1ria, inova\u00e7\u00e3o urbana e sustentabilidade.<\/p>\n<\/div><\/div><\/div><\/div>\n<\/div><\/div><\/div><\/div>\n","protected":false},"excerpt":{"rendered":"<p>Get the latest insights, market trends &#038; inspiration!<\/p>\n","protected":false},"author":8,"featured_media":11394,"comment_status":"closed","ping_status":"closed","sticky":false,"template":"","format":"standard","meta":{"_acf_changed":false,"footnotes":""},"categories":[111],"tags":[189,215,259,254,257,256,188,258,187,158,255,194,190],"class_list":["post-11393","post","type-post","status-publish","format-standard","has-post-thumbnail","hentry","category-noticias","tag-bicicleta","tag-bicicletas-compartilhadas","tag-bike-facil","tag-cidades-inteligentes-2026","tag-descarbonizacao-urbana","tag-economia-compartilhada","tag-esg","tag-maas-mobility-as-a-service","tag-mobilidade-ativa","tag-mobilidade-sustentavel","tag-mobilidade-urbana-compartilhada","tag-mobilidade-urbana-sustentavel","tag-sustentabilidade"],"acf":[],"_links":{"self":[{"href":"https:\/\/bikefacil.com\/?rest_route=\/wp\/v2\/posts\/11393","targetHints":{"allow":["GET"]}}],"collection":[{"href":"https:\/\/bikefacil.com\/?rest_route=\/wp\/v2\/posts"}],"about":[{"href":"https:\/\/bikefacil.com\/?rest_route=\/wp\/v2\/types\/post"}],"author":[{"embeddable":true,"href":"https:\/\/bikefacil.com\/?rest_route=\/wp\/v2\/users\/8"}],"replies":[{"embeddable":true,"href":"https:\/\/bikefacil.com\/?rest_route=%2Fwp%2Fv2%2Fcomments&post=11393"}],"version-history":[{"count":2,"href":"https:\/\/bikefacil.com\/?rest_route=\/wp\/v2\/posts\/11393\/revisions"}],"predecessor-version":[{"id":11396,"href":"https:\/\/bikefacil.com\/?rest_route=\/wp\/v2\/posts\/11393\/revisions\/11396"}],"wp:featuredmedia":[{"embeddable":true,"href":"https:\/\/bikefacil.com\/?rest_route=\/wp\/v2\/media\/11394"}],"wp:attachment":[{"href":"https:\/\/bikefacil.com\/?rest_route=%2Fwp%2Fv2%2Fmedia&parent=11393"}],"wp:term":[{"taxonomy":"category","embeddable":true,"href":"https:\/\/bikefacil.com\/?rest_route=%2Fwp%2Fv2%2Fcategories&post=11393"},{"taxonomy":"post_tag","embeddable":true,"href":"https:\/\/bikefacil.com\/?rest_route=%2Fwp%2Fv2%2Ftags&post=11393"}],"curies":[{"name":"wp","href":"https:\/\/api.w.org\/{rel}","templated":true}]}}