{"id":11456,"date":"2026-03-11T12:36:59","date_gmt":"2026-03-11T15:36:59","guid":{"rendered":"https:\/\/bikefacil.com\/?p=11456"},"modified":"2026-03-13T08:49:59","modified_gmt":"2026-03-13T11:49:59","slug":"turismo-e-lazer-mobilidade-ativa","status":"publish","type":"post","link":"https:\/\/bikefacil.com\/noticias\/turismo-e-lazer-mobilidade-ativa\/","title":{"rendered":"Turismo e Lazer"},"content":{"rendered":"<div class=\"fusion-fullwidth fullwidth-box fusion-builder-row-1 fusion-flex-container has-pattern-background has-mask-background nonhundred-percent-fullwidth non-hundred-percent-height-scrolling\" style=\"--awb-border-radius-top-left:0px;--awb-border-radius-top-right:0px;--awb-border-radius-bottom-right:0px;--awb-border-radius-bottom-left:0px;--awb-margin-top-small:40px;--awb-flex-wrap:wrap;\" ><div class=\"fusion-builder-row fusion-row fusion-flex-align-items-flex-start fusion-flex-content-wrap\" style=\"max-width:1318.4px;margin-left: calc(-3% \/ 2 );margin-right: calc(-3% \/ 2 );\"><div class=\"fusion-layout-column fusion_builder_column fusion-builder-column-0 fusion_builder_column_1_1 1_1 fusion-flex-column blog-conteudo\" style=\"--awb-bg-size:cover;--awb-width-large:100%;--awb-spacing-right-large:1.455%;--awb-margin-bottom-large:60px;--awb-spacing-left-large:1.455%;--awb-width-medium:100%;--awb-order-medium:0;--awb-spacing-right-medium:1.455%;--awb-spacing-left-medium:1.455%;--awb-width-small:100%;--awb-order-small:0;--awb-spacing-right-small:1.455%;--awb-spacing-left-small:1.455%;\"><div class=\"fusion-column-wrapper fusion-column-has-shadow fusion-flex-justify-content-flex-start fusion-content-layout-column\"><div class=\"fusion-separator fusion-has-icon fusion-full-width-sep\" style=\"align-self: center;margin-left: auto;margin-right: auto;margin-top:30px;margin-bottom:30px;width:100%;max-width:100%;\"><div class=\"fusion-separator-border sep-single sep-solid\" style=\"--awb-height:20px;--awb-amount:20px;--awb-sep-color:var(--awb-custom_color_14);border-color:var(--awb-custom_color_14);border-top-width:1px;\"><\/div><span class=\"icon-wrapper\" style=\"border-color:transparent;font-size:26px;width: 1.75em; height: 1.75em;border-width:1px;padding:1px;margin-top:-0.5px\"><i class=\"icon-bkf-BKF_ICONES_1X1_PRETO-96\" style=\"font-size: inherit;color:var(--awb-color6);\" aria-hidden=\"true\"><\/i><\/span><div class=\"fusion-separator-border sep-single sep-solid\" style=\"--awb-height:20px;--awb-amount:20px;--awb-sep-color:var(--awb-custom_color_14);border-color:var(--awb-custom_color_14);border-top-width:1px;\"><\/div><\/div>\n<script src=\"https:\/\/cdn.tailwindcss.com\"><\/script>\n<style>\n\/* Estilos Padr\u00e3o Blog B2B Bike F\u00e1cil *\/\n@import url('https:\/\/fonts.googleapis.com\/css2?family=Inter:wght@400;600;700;800&display=swap');\n\n.body-like-container {\n    background-color: #fcfcf7;\n    padding: 20px 0;\n    min-height: 100vh;\n    font-family: 'Inter', sans-serif; \n    width: 100%; \n    box-sizing: border-box;\n}\n\n.blog-content-container {\n    max-width: 768px;\n    margin: 0 auto;\n    padding: 24px 16px;\n    box-sizing: border-box;\n    text-align: left; \n    line-height: 1.75;\n    color: #1f2937; \n    background-color: #fcfcf7;\n}\n\n.blog-content-container h1 {\n    font-size: 2.5em;\n    font-weight: 800;\n    color: #111827; \n    margin-top: 0;\n    margin-bottom: 24px;\n    text-align: left; \n    line-height: 1.1;\n}\n\n.blog-content-container h2 {\n    font-size: 1.8em;\n    font-weight: 700;\n    color: #1d4ed8; \n    margin-top: 40px;\n    margin-bottom: 20px;\n    padding-bottom: 4px;\n    border-bottom: 2px solid #eff6ff; \n    text-align: left;\n}\n\n.separator-line {\n    border: 0;\n    height: 1px;\n    background-color: #d1d5db;\n    margin: 30px 0;\n    width: 100%;\n}\n\n.blog-content-container p {\n    margin-bottom: 1.25em;\n    text-align: left;\n}\n\n.blog-content-container strong {\n    font-weight: 700;\n    color: #1f2937; \n}\n\n.blog-content-container ul {\n    margin-bottom: 1.5em;\n    padding-left: 25px;\n    list-style-type: disc;\n}\n\n.blog-content-container li {\n    margin-bottom: 0.75em;\n    text-align: left;\n}\n\n.highlight-box {\n    background-color: #f3f4f6;\n    border-left: 4px solid #1d4ed8;\n    padding: 24px;\n    margin: 32px 0;\n    border-radius: 0 8px 8px 0;\n}\n\n.blog-content-container a {\n    color: #1d4ed8; \n    text-decoration: underline;\n    transition: color 0.2s;\n}\n.blog-content-container a:hover {\n    color: #2563eb;\n}\n\n.references {\n    border-top: 2px solid #d1d5db;\n    padding-top: 20px;\n    margin-top: 40px;\n}\n<\/style>\n\n<div class=\"body-like-container\">\n    <div class=\"blog-content-container\">\n\n        <h1>Turismo e Lazer: Como Transformar Destinos com Tecnologia e Sustentabilidade<\/h1>\n\n        <div class=\"separator-line\"><\/div>\n\n        <div class=\"highlight-box\">\n            <p><strong>Como atuamos no setor de Turismo e Lazer?<\/strong><\/p>\n            <p>Nossa atua\u00e7\u00e3o no segmento de Turismo e Lazer foca em transformar a experi\u00eancia do visitante atrav\u00e9s de solu\u00e7\u00f5es de micromobilidade que unem conveni\u00eancia, tecnologia e contempla\u00e7\u00e3o. A <a href=\"https:\/\/www.bikefacil.com\">Bike F\u00e1cil<\/a> desenvolve infraestruturas pensadas para hot\u00e9is, resorts, parques e orlas, oferecendo desde frotas de e-bikes compartilhadas at\u00e9 biciclet\u00e1rios de design premium que se integram \u00e0 est\u00e9tica do destino. O grande diferencial dos nossos produtos para o setor de Turismo e Lazer \u00e9 a facilidade de acesso via IoT: o turista pode liberar uma bicicleta instantaneamente por aplicativo ou biometria, explorando pontos tur\u00edsticos sem as barreiras do tr\u00e2nsito ou da falta de estacionamento. Para os gestores desse setor, o benef\u00edcio \u00e9 a cria\u00e7\u00e3o de um novo fluxo de receita, a valoriza\u00e7\u00e3o do empreendimento e a oferta de uma experi\u00eancia de lazer ativa e memor\u00e1vel, alinhada \u00e0s expectativas do viajante moderno por pr\u00e1ticas sustent\u00e1veis.<\/p>\n        <\/div>\n\n        <h2> A Era da Mobilidade Ativa <h2>\n        <p>O panorama global do entretenimento e das viagens passou por uma mudan\u00e7a profunda. Hoje, o sucesso de um destino n\u00e3o depende apenas da beleza natural ou da infraestrutura hoteleira, mas sim da facilidade de deslocamento e da qualidade das experi\u00eancias oferecidas ao visitante. Nesse contexto, a micromobilidade surge como o elo perdido entre o turista e o territ\u00f3rio, permitindo uma descoberta mais org\u00e2nica, lenta e imersiva do ambiente.<\/p>\n\n        <p>Para gestores de hot\u00e9is, parques tem\u00e1ticos e prefeituras focadas em Turismo e Lazer, investir em sistemas de bicicletas compartilhadas e infraestrutura de apoio ao ciclista \u00e9 uma estrat\u00e9gia de diferencia\u00e7\u00e3o de mercado. A bicicleta deixou de ser apenas um item de recrea\u00e7\u00e3o infantil para se tornar um ve\u00edculo de explora\u00e7\u00e3o tur\u00edstica de alta efici\u00eancia, capaz de conectar pontos de interesse de forma fluida e sustent\u00e1vel.<\/p>\n\n        <h2>A Import\u00e2ncia do Incentivo \u00e0 Mobilidade no Turismo e Lazer<\/h2>\n        <p>Quando pensamos em Turismo e Lazer, o tempo \u00e9 o recurso mais valioso do cliente. Gastar horas em congestionamentos para acessar uma praia famosa ou um parque hist\u00f3rico gera frustra\u00e7\u00e3o e avalia\u00e7\u00f5es negativas em plataformas digitais. O incentivo \u00e0 mobilidade ativa resolve esse gargalo log\u00edstico ao oferecer uma alternativa \u00e1gil que, por si s\u00f3, j\u00e1 \u00e9 uma atividade prazerosa.<\/p>\n\n        <p>Destinos que priorizam a bicicleta conseguem diluir a concentra\u00e7\u00e3o de pessoas nas vias principais, incentivando o turista a explorar ruas secund\u00e1rias e com\u00e9rcios locais que n\u00e3o seriam acessados de carro. Para o setor de Turismo e Lazer, isso significa uma distribui\u00e7\u00e3o mais equilibrada da receita tur\u00edstica e uma redu\u00e7\u00e3o do impacto ambiental negativo causado pelo excesso de ve\u00edculos motorizados em \u00e1reas de preserva\u00e7\u00e3o ou orlas urbanas.<\/p>\n\n        <h2>Infraestrutura de Apoio como Ativo de Hospitalidade<\/h2>\n        <p>No segmento de Turismo e Lazer, a infraestrutura n\u00e3o deve ser apenas funcional; ela deve ser impec\u00e1vel. Um biciclet\u00e1rio em um resort de luxo ou em um parque de alto padr\u00e3o precisa refletir o cuidado da marca com o cliente. A Bike F\u00e1cil entrega hardware robusto com design assinado, transformando o simples ato de estacionar uma bicicleta em uma extens\u00e3o da experi\u00eancia de hospitalidade.<\/p>\n\n        <p>Espa\u00e7os de apoio bem planejados, com paraciclos ergon\u00f4micos e esta\u00e7\u00f5es de recarga para bicicletas el\u00e9tricas, s\u00e3o fundamentais para atrair o \"cicloturista\" \u2014 um perfil de viajante que possui ticket m\u00e9dio elevado e busca destinos preparados para a mobilidade ativa. Ao oferecer esse suporte, o empreendimento de Turismo e Lazer se posiciona como um hub de conveni\u00eancia, aumentando o tempo de perman\u00eancia do visitante no local.<\/p>\n\n        <h2>A Virada de Chave: Bicicletas Compartilhadas em Espa\u00e7os de Lazer<\/h2>\n        <p>A grande transforma\u00e7\u00e3o para o setor de Turismo e Lazer ocorre com a implementa\u00e7\u00e3o de sistemas de compartilhamento automatizados. Diferente do aluguel convencional de bicicletas, que exige balc\u00f5es de atendimento e burocracia, o bike sharing inteligente operado via IoT permite que o turista utilize o servi\u00e7o 24 horas por dia, com autonomia total.<\/p>\n\n        <p>Para o gestor de um destino de Turismo e Lazer, as bicicletas compartilhadas atuam como uma vitrine tecnol\u00f3gica. Atrav\u00e9s de um aplicativo customiz\u00e1vel, \u00e9 poss\u00edvel inserir rotas sugeridas, pontos de parada em parceiros comerciais e informa\u00e7\u00f5es hist\u00f3ricas sobre o trajeto. Isso transforma a bicicleta em uma plataforma de marketing interativa, onde o lazer se funde com a informa\u00e7\u00e3o e a conveni\u00eancia.<\/p>\n\n        <h2>Tecnologia IoT e a Seguran\u00e7a dos Ativos no Turismo<\/h2>\n        <p>Um dos maiores desafios em \u00e1reas de Turismo e Lazer \u00e9 o controle de ativos. Com a tecnologia da Bike F\u00e1cil, cada bicicleta \u00e9 monitorada em tempo real. Geofencing (cercas virtuais) podem ser estabelecidas para garantir que as bikes n\u00e3o saiam do per\u00edmetro do resort ou do parque, e sistemas de travamento inteligente garantem que o usu\u00e1rio seja respons\u00e1vel pelo equipamento durante todo o per\u00edodo de uso.<\/p>\n\n        <p>Essa camada de intelig\u00eancia digital remove o risco operacional para o empres\u00e1rio do setor de Turismo e Lazer. O sistema \u00e9 autogerenci\u00e1vel, permitindo que a equipe de manuten\u00e7\u00e3o atue apenas quando houver necessidade t\u00e9cnica detectada pelos sensores, otimizando custos e garantindo que a frota esteja sempre dispon\u00edvel para o pr\u00f3ximo turista.<\/p>\n\n        <h2>Benef\u00edcios para o Setor P\u00fablico em Destinos Tur\u00edsticos<\/h2>\n        <p>Quando o setor p\u00fablico investe em mobilidade para o Turismo e Lazer, ele est\u00e1 investindo na imagem da cidade. Cidades tur\u00edsticas inteligentes s\u00e3o aquelas que oferecem uma jornada de baixo esfor\u00e7o para o visitante. Biciclet\u00e1rios instalados em pontos estrat\u00e9gicos, como museus, pra\u00e7as e acessos a trilhas, s\u00e3o convites para que o turista deixe o carro no hotel.<\/p>\n\n        <p>Al\u00e9m disso, a integra\u00e7\u00e3o de frotas de bicicletas p\u00fablicas com o sistema de lazer municipal gera dados valiosos para a secretaria de turismo. \u00c9 poss\u00edvel saber quais s\u00e3o os hor\u00e1rios de maior pico, as rotas preferidas pelos visitantes e como melhorar a sinaliza\u00e7\u00e3o tur\u00edstica com base no comportamento real das pessoas. Para o Turismo e Lazer, esses dados valem ouro na hora de planejar novos investimentos em infraestrutura.<\/p>\n\n        <h2>Sustentabilidade e o Selo de Destino Verde<\/h2>\n        <p>O conceito de \"Green Travel\" \u00e9 uma das for\u00e7as motrizes do Turismo e Lazer atual. Turistas conscientes buscam destinos que possuam certifica\u00e7\u00f5es de sustentabilidade. Oferecer hubs de micromobilidade movidos a energias renov\u00e1veis, como o Hidrog\u00eanio Verde, coloca o destino brasileiro no mapa global da inova\u00e7\u00e3o sustent\u00e1vel.<\/p>\n\n        <p>Isso cria um ciclo virtuoso: o destino atrai turistas conscientes, que geram menos lixo e menos ru\u00eddo, preservando o pr\u00f3prio ativo natural que atrai as pessoas. Para as empresas de Turismo e Lazer, essa postura refor\u00e7a os pilares de ESG e facilita o acesso a financiamentos e parcerias com grandes operadoras internacionais de turismo.<\/p>\n\n        <h2>Como Implementar o Hub de Mobilidade em Resorts e Hot\u00e9is<\/h2>\n        <p>A implementa\u00e7\u00e3o de uma solu\u00e7\u00e3o Smart em empreendimentos de Turismo e Lazer deve ser encarada como uma melhoria de infraestrutura de alto retorno (ROI). Diferente de outras melhorias, o bike sharing pode ser monetizado diretamente ou oferecido como um benef\u00edcio premium para fideliza\u00e7\u00e3o.<\/p>\n\n        <p>O processo envolve o mapeamento das \u00e1reas de maior fluxo dentro da propriedade, a instala\u00e7\u00e3o de docks ou cadeados inteligentes e a disponibiliza\u00e7\u00e3o de bicicletas que suportem o uso intenso e as condi\u00e7\u00f5es clim\u00e1ticas locais (como maresia em destinos de praia). A Bike F\u00e1cil oferece o suporte t\u00e9cnico para que o hotel foque na sua atividade fim, enquanto a tecnologia cuida do movimento do h\u00f3be de h\u00f3spedes.<\/p>\n\n        <h2>Impacto Social e Integra\u00e7\u00e3o com a Comunidade Local<\/h2>\n        <p>Um projeto de mobilidade para o Turismo e Lazer tamb\u00e9m deve considerar a integra\u00e7\u00e3o com a comunidade. Bicicletas que conectam o hotel \u00e0 vila de pescadores ou ao centro comercial local beneficiam o pequeno empreendedor. O turista que pedala gasta mais no com\u00e9rcio local do que aquele que passa rapidamente de carro. Isso fortalece o ecossistema tur\u00edstico como um todo, criando um ambiente mais acolhedor e economicamente vibrante.<\/p>\n\n        <h2>Conclus\u00e3o: O Futuro do Lazer \u00e9 Ativo e Conectado<\/h2>\n        <p>O setor de Turismo e Lazer est\u00e1 em uma encruzilhada tecnol\u00f3gica. Aqueles que continuarem a oferecer o modelo tradicional de deslocamento ficar\u00e3o obsoletos diante de destinos que entregam liberdade, tecnologia e sa\u00fade. A mobilidade ativa n\u00e3o \u00e9 apenas um acess\u00f3rio, \u00e9 a nova linguagem da hospitalidade.<\/p>\n\n        <p>Com as solu\u00e7\u00f5es da Bike F\u00e1cil, gestores p\u00fablicos e privados do segmento de Turismo e Lazer t\u00eam as ferramentas necess\u00e1rias para transformar seus espa\u00e7os em refer\u00eancias de modernidade. Seja atrav\u00e9s de um biciclet\u00e1rio inteligente ou de uma frota de e-bikes conectadas, o objetivo \u00e9 um s\u00f3: garantir que o visitante aproveite cada segundo do seu tempo, da forma mais inteligente e sustent\u00e1vel poss\u00edvel.<\/p>\n\n        <div class=\"references\">\n            <p><strong>Gostou? Leia mais em:<\/strong><\/p>\n            <ul>\n                <li><a href=\"https:\/\/unhabitat.org\/brazil\" target=\"_blank\" rel=\"noopener\">ONU Habitat Brasil - Urbanismo e Lazer Sustent\u00e1vel<\/a><\/li>\n                <li><a href=\"https:\/\/wribrasil.org.br\/pt\/temas\/mobilidade-urbana\" target=\"_blank\" rel=\"noopener\">WRI Brasil - Mobilidade e Turismo: O Caminho para Cidades Verdes<\/a><\/li>\n            <\/ul>\n        <\/div>\n\n    <\/div>\n<\/div><div class=\"fusion-builder-row fusion-builder-row-inner fusion-row fusion-flex-align-items-flex-start fusion-flex-content-wrap\" style=\"width:103% !important;max-width:103% !important;margin-left: calc(-3% \/ 2 );margin-right: calc(-3% \/ 2 );\"><div class=\"fusion-layout-column fusion_builder_column_inner fusion-builder-nested-column-0 fusion_builder_column_inner_1_1 1_1 fusion-flex-column\" style=\"--awb-padding-top:60px;--awb-padding-right:60px;--awb-padding-bottom:40px;--awb-padding-left:60px;--awb-overflow:hidden;--awb-bg-color:var(--awb-color2);--awb-bg-color-hover:var(--awb-color2);--awb-bg-size:cover;--awb-border-color:var(--awb-color5);--awb-border-color-hover:var(--awb-color4);--awb-border-left:5px;--awb-border-style:solid;--awb-border-radius:20px 20px 20px 20px;--awb-width-large:100%;--awb-spacing-right-large:1.455%;--awb-margin-bottom-large:0px;--awb-spacing-left-large:1.455%;--awb-width-medium:100%;--awb-order-medium:0;--awb-spacing-right-medium:1.455%;--awb-spacing-left-medium:1.455%;--awb-width-small:100%;--awb-order-small:0;--awb-spacing-right-small:1.455%;--awb-spacing-left-small:1.455%;\"><div class=\"fusion-column-wrapper fusion-column-has-shadow fusion-flex-justify-content-flex-start fusion-content-layout-column\"><div class=\"fusion-text fusion-text-1\" style=\"--awb-font-size:20px;--awb-line-height:1.6em;--awb-letter-spacing:-0.01em;--awb-text-color:var(--awb-color6);--awb-text-font-family:var(--awb-typography2-font-family);--awb-text-font-weight:var(--awb-typography2-font-weight);--awb-text-font-style:var(--awb-typography2-font-style);\"><p><strong>Vamos agregar valor ao seu projeto!<br \/>\n<\/strong>Entre em contato com a Bike F\u00e1cil, somos especialistas em solu\u00e7\u00f5es de mobilidade ativa. E aproveite para explorar outros artigos no nosso blog sobre infraestrutura ciclovi\u00e1ria, inova\u00e7\u00e3o urbana e sustentabilidade.<\/p>\n<\/div><\/div><\/div><\/div>\n<\/div><\/div><\/div><\/div>\n","protected":false},"excerpt":{"rendered":"<p>Get the latest insights, market trends &#038; inspiration!<\/p>\n","protected":false},"author":8,"featured_media":11461,"comment_status":"closed","ping_status":"closed","sticky":false,"template":"","format":"standard","meta":{"_acf_changed":false,"footnotes":""},"categories":[111],"tags":[189,215,259,282,196,254,268,188,274,272,273,263,283,270,266,264,260,262,187,279,158,276,265,255,194,280,284,190,269,232,261,278,281],"class_list":["post-11456","post","type-post","status-publish","format-standard","has-post-thumbnail","hentry","category-noticias","tag-bicicleta","tag-bicicletas-compartilhadas","tag-bike-facil","tag-bike-sharing-em-condominios","tag-cidades-inteligentes","tag-cidades-inteligentes-2026","tag-edificacoes-saudaveis","tag-esg","tag-esg-nas-cidades","tag-estacao-de-bike-sharing","tag-gestao-publica-urbana","tag-hubs-de-mobilidade","tag-incorporadoras","tag-infraestrutura-cicloviaria-b2b","tag-infraestrutura-para-micro-mobilidade","tag-integracao-onibus-e-bike","tag-logistica-urbana","tag-micro-mobilidade-b2g","tag-mobilidade-ativa","tag-mobilidade-no-campus","tag-mobilidade-sustentavel","tag-mobilidade-turistica-sustentavel","tag-mobilidade-urbana-2026","tag-mobilidade-urbana-compartilhada","tag-mobilidade-urbana-sustentavel","tag-rede-de-bike-sharing","tag-setor-imobiliario","tag-sustentabilidade","tag-sustentabilidade-esg-imobiliario","tag-ultima-milha","tag-urbanismo-b2b","tag-urbanismo-turistico-b2g","tag-white-label-mobilidade"],"acf":[],"_links":{"self":[{"href":"https:\/\/bikefacil.com\/?rest_route=\/wp\/v2\/posts\/11456","targetHints":{"allow":["GET"]}}],"collection":[{"href":"https:\/\/bikefacil.com\/?rest_route=\/wp\/v2\/posts"}],"about":[{"href":"https:\/\/bikefacil.com\/?rest_route=\/wp\/v2\/types\/post"}],"author":[{"embeddable":true,"href":"https:\/\/bikefacil.com\/?rest_route=\/wp\/v2\/users\/8"}],"replies":[{"embeddable":true,"href":"https:\/\/bikefacil.com\/?rest_route=%2Fwp%2Fv2%2Fcomments&post=11456"}],"version-history":[{"count":5,"href":"https:\/\/bikefacil.com\/?rest_route=\/wp\/v2\/posts\/11456\/revisions"}],"predecessor-version":[{"id":11463,"href":"https:\/\/bikefacil.com\/?rest_route=\/wp\/v2\/posts\/11456\/revisions\/11463"}],"wp:featuredmedia":[{"embeddable":true,"href":"https:\/\/bikefacil.com\/?rest_route=\/wp\/v2\/media\/11461"}],"wp:attachment":[{"href":"https:\/\/bikefacil.com\/?rest_route=%2Fwp%2Fv2%2Fmedia&parent=11456"}],"wp:term":[{"taxonomy":"category","embeddable":true,"href":"https:\/\/bikefacil.com\/?rest_route=%2Fwp%2Fv2%2Fcategories&post=11456"},{"taxonomy":"post_tag","embeddable":true,"href":"https:\/\/bikefacil.com\/?rest_route=%2Fwp%2Fv2%2Ftags&post=11456"}],"curies":[{"name":"wp","href":"https:\/\/api.w.org\/{rel}","templated":true}]}}