{"id":11468,"date":"2026-03-18T11:16:30","date_gmt":"2026-03-18T14:16:30","guid":{"rendered":"https:\/\/bikefacil.com\/?p=11468"},"modified":"2026-03-18T11:16:30","modified_gmt":"2026-03-18T14:16:30","slug":"finep-bike-facil-investimento","status":"publish","type":"post","link":"https:\/\/bikefacil.com\/noticias\/finep-bike-facil-investimento\/","title":{"rendered":"Finep &#8211; Imprensa"},"content":{"rendered":"<div class=\"fusion-fullwidth fullwidth-box fusion-builder-row-1 fusion-flex-container has-pattern-background has-mask-background nonhundred-percent-fullwidth non-hundred-percent-height-scrolling\" style=\"--awb-border-radius-top-left:0px;--awb-border-radius-top-right:0px;--awb-border-radius-bottom-right:0px;--awb-border-radius-bottom-left:0px;--awb-margin-top-small:40px;--awb-flex-wrap:wrap;\" ><div class=\"fusion-builder-row fusion-row fusion-flex-align-items-flex-start fusion-flex-content-wrap\" style=\"max-width:1318.4px;margin-left: calc(-3% \/ 2 );margin-right: calc(-3% \/ 2 );\"><div class=\"fusion-layout-column fusion_builder_column fusion-builder-column-0 fusion_builder_column_1_1 1_1 fusion-flex-column blog-conteudo\" style=\"--awb-bg-size:cover;--awb-width-large:100%;--awb-spacing-right-large:1.455%;--awb-margin-bottom-large:60px;--awb-spacing-left-large:1.455%;--awb-width-medium:100%;--awb-order-medium:0;--awb-spacing-right-medium:1.455%;--awb-spacing-left-medium:1.455%;--awb-width-small:100%;--awb-order-small:0;--awb-spacing-right-small:1.455%;--awb-spacing-left-small:1.455%;\"><div class=\"fusion-column-wrapper fusion-column-has-shadow fusion-flex-justify-content-flex-start fusion-content-layout-column\"><div class=\"fusion-separator fusion-has-icon fusion-full-width-sep\" style=\"align-self: center;margin-left: auto;margin-right: auto;margin-top:30px;margin-bottom:30px;width:100%;max-width:100%;\"><div class=\"fusion-separator-border sep-single sep-solid\" style=\"--awb-height:20px;--awb-amount:20px;--awb-sep-color:var(--awb-custom_color_14);border-color:var(--awb-custom_color_14);border-top-width:1px;\"><\/div><span class=\"icon-wrapper\" style=\"border-color:transparent;font-size:26px;width: 1.75em; height: 1.75em;border-width:1px;padding:1px;margin-top:-0.5px\"><i class=\"icon-bkf-BKF_ICONES_1X1_PRETO-96\" style=\"font-size: inherit;color:var(--awb-color6);\" aria-hidden=\"true\"><\/i><\/span><div class=\"fusion-separator-border sep-single sep-solid\" style=\"--awb-height:20px;--awb-amount:20px;--awb-sep-color:var(--awb-custom_color_14);border-color:var(--awb-custom_color_14);border-top-width:1px;\"><\/div><\/div>\n<script src=\"https:\/\/cdn.tailwindcss.com\"><\/script>\n<style>\n\/* Estilos Padr\u00e3o Blog B2B Bike F\u00e1cil *\/\n@import url('https:\/\/fonts.googleapis.com\/css2?family=Inter:wght@400;600;700;800&display=swap');\n\n.body-like-container {\n    background-color: #fcfcf7;\n    padding: 20px 0;\n    min-height: 100vh;\n    font-family: 'Inter', sans-serif; \n    width: 100%; \n    box-sizing: border-box;\n}\n\n.blog-content-container {\n    max-width: 768px;\n    margin: 0 auto;\n    padding: 24px 16px;\n    box-sizing: border-box;\n    text-align: left; \n    line-height: 1.75;\n    color: #1f2937; \n    background-color: #fcfcf7;\n}\n\n.blog-content-container h1 {\n    font-size: 2.5em;\n    font-weight: 800;\n    color: #111827; \n    margin-top: 0;\n    margin-bottom: 24px;\n    text-align: left; \n    line-height: 1.1;\n}\n\n.blog-content-container h2 {\n    font-size: 1.8em;\n    font-weight: 700;\n    color: #1d4ed8; \n    margin-top: 40px;\n    margin-bottom: 20px;\n    padding-bottom: 4px;\n    border-bottom: 2px solid #eff6ff; \n    text-align: left;\n}\n\n.separator-line {\n    border: 0;\n    height: 1px;\n    background-color: #d1d5db;\n    margin: 30px 0;\n    width: 100%;\n}\n\n.blog-content-container p {\n    margin-bottom: 1.25em;\n    text-align: left;\n}\n\n.blog-content-container strong {\n    font-weight: 700;\n    color: #1f2937; \n}\n\n.highlight-box {\n    background-color: #f3f4f6;\n    border-left: 4px solid #1d4ed8;\n    padding: 24px;\n    margin: 32px 0;\n    border-radius: 0 8px 8px 0;\n}\n\n.blog-content-container a {\n    color: #1d4ed8; \n    text-decoration: underline;\n    transition: color 0.2s;\n}\n.blog-content-container a:hover {\n    color: #2563eb;\n}\n\n.references {\n    border-top: 2px solid #d1d5db;\n    padding-top: 20px;\n    margin-top: 40px;\n}\n\n.blog-content-container ul {\n    margin-bottom: 1.5em;\n    padding-left: 25px;\n    list-style-type: disc;\n}\n\n.blog-content-container li {\n    margin-bottom: 0.75em;\n    text-align: left;\n}\n<\/style>\n\n<div class=\"body-like-container\">\n    <div class=\"blog-content-container\">\n\n        <h1>FINEP: Bike F\u00e1cil conquista R$ 9,1 milh\u00f5es para transformar a micromobilidade urbana no Brasil<\/h1>\n\n        <div class=\"separator-line\"><\/div>\n\n        <div class=\"highlight-box\">\n            <p><strong>Como atuamos com o apoio da FINEP?<\/strong><\/p>\n            <p>Nossa atua\u00e7\u00e3o estrat\u00e9gica \u00e9 potencializada pelo fomento \u00e0 inova\u00e7\u00e3o tecnol\u00f3gica, consolidada atrav\u00e9s da parceria com a FINEP (Financiadora de Estudos e Projetos). A conquista do aporte de R$ 9,1 milh\u00f5es representa um marco para a <a href=\"https:\/\/www.bikefacil.com\">Bike F\u00e1cil<\/a>, permitindo a acelera\u00e7\u00e3o do desenvolvimento de hardware robusto e sistemas IoT de alta complexidade para o mercado brasileiro. No contexto da FINEP, atuamos na fronteira da tecnologia aplicada ao urbanismo, transformando biciclet\u00e1rios e frotas compartilhadas em ativos digitais inteligentes que respondem aos desafios de descarboniza\u00e7\u00e3o e mobilidade das grandes metr\u00f3poles. Este investimento n\u00e3o apenas valida nossa capacidade t\u00e9cnica, mas nos permite entregar para cidades, incorporadoras e empresas uma infraestrutura de mobilidade ativa com padr\u00e3o global, integrando intelig\u00eancia de dados \u00e0 resist\u00eancia f\u00edsica necess\u00e1ria para a opera\u00e7\u00e3o em larga escala.<\/p>\n        <\/div>\n          \n        <p><strong>O que faremos com esse investimento?<\/strong><\/p>\n            <p>Com o suporte financeiro da FINEP, a Bike F\u00e1cil dar\u00e1 um salto hist\u00f3rico ao construir o primeiro Hub de Micromobilidade movido a Hidrog\u00eanio Verde da Am\u00e9rica Latina. Este projeto n\u00e3o \u00e9 apenas uma esta\u00e7\u00e3o de parada, mas um ecossistema de compartilhamento autossuficiente e ultra-tecnol\u00f3gico, focado na descarboniza\u00e7\u00e3o total do transporte urbano. Toda a opera\u00e7\u00e3o ser\u00e1 integrada atrav\u00e9s do HubMob, nosso aplicativo MaaS (Mobility as a Service), que permitir\u00e1 ao usu\u00e1rio final e aos gestores p\u00fablicos um controle absoluto e fluido de diferentes modais em uma \u00fanica interface. O investimento ser\u00e1 direcionado para viabilizar uma frota multimodal e inteligente, composta por:<\/p>\n            <ul>\n                <li><strong>Bicicleta Urbana:<\/strong> Focada em agilidade e baixo custo operacional para trajetos curtos.<\/li>\n                <li><strong>Bicicleta El\u00e9trica:<\/strong> Assistida por motor para vencer relevos e proporcionar conforto em dist\u00e2ncias m\u00e9dias.<\/li>\n                <li><strong>Bicicleta movida a Hidrog\u00eanio Verde:<\/strong> Nossa maior inova\u00e7\u00e3o tecnol\u00f3gica, oferecendo autonomia estendida e recarga ultra-r\u00e1pida com emiss\u00e3o zero.<\/li>\n                <li><strong>Triciclo para Carga:<\/strong> Voltado para a log\u00edstica de \"\u00faltima milha\" (last mile), otimizando entregas em centros urbanos densos.<\/li>\n            <\/ul>\n\n        <p>O cen\u00e1rio da inova\u00e7\u00e3o no Brasil acaba de ganhar um novo cap\u00edtulo com o an\u00fancio do aporte de R$ 9,1 milh\u00f5es realizado pela FINEP para a Bike F\u00e1cil. Este investimento, focado no desenvolvimento de tecnologias disruptivas para a micromobilidade, coloca a startup em uma posi\u00e7\u00e3o de destaque no ecossistema de Smart Cities e mobilidade ativa. Para gestores p\u00fablicos, incorporadoras e grandes empresas, este movimento sinaliza que a infraestrutura ciclovi\u00e1ria de alta tecnologia n\u00e3o \u00e9 apenas uma tend\u00eancia, mas uma prioridade estrat\u00e9gica nacional apoiada pelo principal \u00f3rg\u00e3o de fomento \u00e0 ci\u00eancia e tecnologia do pa\u00eds.<\/p>\n\n        <p>A import\u00e2ncia da FINEP neste processo reside na sua rigorosa curadoria. Ser selecionado para um aporte desta magnitude exige a comprova\u00e7\u00e3o de viabilidade t\u00e9cnica, impacto social e alto potencial de escalabilidade. Para a Bike F\u00e1cil, estar sob o guarda-chuva de investimentos da FINEP significa ter os recursos necess\u00e1rios para levar a integra\u00e7\u00e3o entre hardware e Internet das Coisas (IoT) a um novo patamar, resolvendo gargalos estruturais das cidades brasileiras com intelig\u00eancia nacional e execu\u00e7\u00e3o de excel\u00eancia.<\/p>\n\n        <h2>O Papel da FINEP no Fortalecimento da Tecnologia Nacional<\/h2>\n        <p>A Financiadora de Estudos e Projetos (FINEP) desempenha um papel fundamental na soberania tecnol\u00f3gica do Brasil. Ao investir em empresas que desenvolvem solu\u00e7\u00f5es de mobilidade, a institui\u00e7\u00e3o fomenta a cria\u00e7\u00e3o de um mercado mais resiliente e menos dependente de tecnologias externas. O investimento na Bike F\u00e1cil \u00e9 um exemplo claro de como o setor p\u00fablico pode atuar como indutor de inova\u00e7\u00e3o no setor privado, especialmente em \u00e1reas cr\u00edticas como o transporte urbano e a sustentabilidade.<\/p>\n\n        <p>Para o mercado B2B e B2G, a chancela da FINEP traz uma camada adicional de seguran\u00e7a jur\u00eddica e operacional. Contratar uma empresa que possui o suporte de um \u00f3rg\u00e3o federal de fomento garante que a solu\u00e7\u00e3o contratada \u2014 seja um sistema de bike sharing corporativo ou um hub de micromobilidade municipal \u2014 passou por crit\u00e9rios t\u00e9cnicos de avalia\u00e7\u00e3o extremamente elevados. Este capital ser\u00e1 direcionado para a pesquisa e desenvolvimento (P&D) de novos materiais, sensores IoT mais precisos e plataformas de gest\u00e3o de dados que facilitem a tomada de decis\u00e3o de prefeitos e CEOs.<\/p>\n\n        <h2>Inova\u00e7\u00e3o em Hardware: O Desafio da Durabilidade Urbana<\/h2>\n        <p>Um dos focos principais do projeto aprovado pela FINEP \u00e9 a evolu\u00e7\u00e3o do hardware robusto. No Brasil, a infraestrutura urbana enfrenta desafios severos, desde varia\u00e7\u00f5es clim\u00e1ticas extremas at\u00e9 a necessidade de resist\u00eancia ao vandalismo e ao uso intensivo. A Bike F\u00e1cil utiliza esses recursos para aprimorar a engenharia de seus biciclet\u00e1rios e esta\u00e7\u00f5es de ancoragem, garantindo que o mobili\u00e1rio urbano n\u00e3o seja apenas funcional, mas duradouro.<\/p>\n\n        <p>A Bike F\u00e1cil acredita que a tecnologia s\u00f3 \u00e9 eficaz se estiver amparada por uma estrutura f\u00edsica impec\u00e1vel. Atrav\u00e9s do fomento da FINEP, estamos desenvolvendo novos processos de fabrica\u00e7\u00e3o que reduzem a pegada de carbono da produ\u00e7\u00e3o, ao mesmo tempo em que aumentam a longevidade dos equipamentos. Isso \u00e9 fundamental para incorporadoras que buscam produtos que valorizem o im\u00f3vel por d\u00e9cadas, e n\u00e3o apenas durante o per\u00edodo de lan\u00e7amento.<\/p>\n\n        <h2>Micromobilidade Inteligente: A Integra\u00e7\u00e3o do IoT e Big Data<\/h2>\n        <p>O aporte da FINEP permitir\u00e1 que a Bike F\u00e1cil avance significativamente na camada de software e intelig\u00eancia de dados. A micromobilidade moderna depende da capacidade de monitorar ativos em tempo real. Com os novos recursos, estamos expandindo nossa rede de sensores IoT (Internet das Coisas), permitindo que cada bicicleta e cada vaga de biciclet\u00e1rio funcione como um n\u00f3 de uma rede inteligente.<\/p>\n\n        <p>Para o setor p\u00fablico, essa gera\u00e7\u00e3o de dados \u00e9 transformadora. Atrav\u00e9s das plataformas desenvolvidas com o apoio da FINEP, gestores poder\u00e3o visualizar mapas de calor de deslocamento, identificar hor\u00e1rios de pico e otimizar a distribui\u00e7\u00e3o de frotas compartilhadas. O dado deixa de ser um subproduto e passa a ser o ativo principal da gest\u00e3o urbana, permitindo que a cidade \"aprenda\" com o fluxo de seus cidad\u00e3os e se adapte \u00e0s suas necessidades de forma din\u00e2mica.<\/p>\n\n        <h2>O Impacto do Investimento no VGV de Incorporadoras<\/h2>\n        <p>Para as incorporadoras, a not\u00edcia da capitaliza\u00e7\u00e3o via FINEP refor\u00e7a a tese de que investir em hubs de mobilidade dentro dos empreendimentos \u00e9 um movimento seguro e valorizado pelo mercado. Quando um projeto imobili\u00e1rio inclui uma esta\u00e7\u00e3o de bike sharing ou um biciclet\u00e1rio inteligente financiado por tecnologia de ponta, o Valor Geral de Vendas (VGV) tende a subir.<\/p>\n\n        <p>O comprador de alto padr\u00e3o busca inova\u00e7\u00e3o que funcione. Saber que a tecnologia de mobilidade do seu condom\u00ednio \u00e9 fruto de um projeto de R$ 9,1 milh\u00f5es apoiado pela FINEP gera um argumento de venda poderoso. \u00c9 a prova de que o edif\u00edcio est\u00e1 conectado ao futuro e oferece solu\u00e7\u00f5es de mobilidade que v\u00e3o muito al\u00e9m do convencional \"dep\u00f3sito de bikes\" que v\u00edamos no passado.<\/p>\n\n        <h2>Sustentabilidade e ESG: Metas Alcan\u00e7\u00e1veis com Apoio Tecnol\u00f3gico<\/h2>\n        <p>A agenda ESG (Environmental, Social, and Governance) exige a\u00e7\u00f5es concretas e mensur\u00e1veis. O investimento da FINEP na Bike F\u00e1cil est\u00e1 diretamente alinhado com o Objetivo de Desenvolvimento Sustent\u00e1vel (ODS) da ONU relacionado a cidades e comunidades sustent\u00e1veis. Ao facilitar o uso da bicicleta, as empresas e governos reduzem drasticamente as emiss\u00f5es de Escopo 3 e promovem a sa\u00fade dos usu\u00e1rios.<\/p>\n\n        <p>Com os recursos da FINEP, a Bike F\u00e1cil est\u00e1 aprimorando seu sistema de relat\u00f3rios de impacto ambiental. Agora, nossos clientes poder\u00e3o extrair dados precisos sobre a quantidade de CO2 evitada em cada trajeto realizado em nossas e-bikes. Essa transpar\u00eancia \u00e9 essencial para empresas que precisam prestar contas a acionistas e para governos que buscam financiamentos internacionais atrelados a metas clim\u00e1ticas.<\/p>\n\n        <h2>Inclus\u00e3o Social e Democratiza\u00e7\u00e3o do Espa\u00e7o Urbano<\/h2>\n        <p>A mobilidade ativa \u00e9, antes de tudo, uma ferramenta de inclus\u00e3o. O projeto apoiado pela FINEP contempla a cria\u00e7\u00e3o de solu\u00e7\u00f5es que tornam a bicicleta acess\u00edvel para diferentes perfis de usu\u00e1rios. Isso inclui desde o design universal de nossos mobili\u00e1rios at\u00e9 o desenvolvimento de sistemas de pagamento e acesso que n\u00e3o excluam pessoas com baixa inclus\u00e3o digital.<\/p>\n\n        <p>No setor p\u00fablico, a virada de chave acontece quando a bicicleta compartilhada se integra ao sistema de transporte coletivo. O investimento da FINEP permite que a Bike F\u00e1cil crie integra\u00e7\u00f5es nativas com cart\u00f5es de transporte municipal e sistemas de reconhecimento facial, garantindo que o \"\u00faltimo quil\u00f4metro\" da jornada do trabalhador seja feito de forma r\u00e1pida, segura e tecnol\u00f3gica.<\/p>\n\n        <h2>O Futuro da Micromobilidade com a Bike F\u00e1cil e FINEP<\/h2>\n        <p>O aporte de R$ 9,1 milh\u00f5es \u00e9 apenas o come\u00e7o de uma nova fase de expans\u00e3o. A Bike F\u00e1cil planeja utilizar essa valida\u00e7\u00e3o da FINEP para expandir sua atua\u00e7\u00e3o para outras regi\u00f5es do pa\u00eds e, futuramente, para o mercado internacional. A tecnologia desenvolvida aqui, focada na robustez e na intelig\u00eancia de dados, tem aplica\u00e7\u00e3o em qualquer grande metr\u00f3pole que enfrente problemas de tr\u00e1fego e polui\u00e7\u00e3o.<\/p>\n\n        <p>Estamos desenvolvendo, sob este programa de fomento, a pr\u00f3xima gera\u00e7\u00e3o de hubs de micromobilidade. Estes espa\u00e7os n\u00e3o ser\u00e3o apenas locais de estacionamento, mas pontos de conectividade, recarga de energia limpa e suporte ao ciclista. \u00c9 a vis\u00e3o de Smart City saindo do papel e tornando-se uma realidade tang\u00edvel para milh\u00f5es de brasileiros.<\/p>\n\n        <h2>A Import\u00e2ncia de Estar na Imprensa: Transpar\u00eancia e Credibilidade<\/h2>\n        <p>Este an\u00fancio na se\u00e7\u00e3o de imprensa da Bike F\u00e1cil serve como um compromisso p\u00fablico com a transpar\u00eancia. A conquista deste recurso junto \u00e0 FINEP \u00e9 o resultado de anos de pesquisa e de um foco implac\u00e1vel na qualidade. Para nossos parceiros e investidores, este post documenta a trajet\u00f3ria de uma startup que n\u00e3o apenas idealiza o futuro, mas que possui a solidez financeira e t\u00e9cnica para execut\u00e1-lo.<\/p>\n\n        <p>Continuaremos a reportar os avan\u00e7os tecnol\u00f3gicos permitidos por este aporte, mantendo nossa comunidade de s\u00edndicos, gestores e incorporadoras atualizada sobre como a inova\u00e7\u00e3o est\u00e1 sendo aplicada na pr\u00e1tica para transformar a vida nas cidades.<\/p>\n\n        <h2>Conclus\u00e3o: Um Salto Tecnol\u00f3gico para as Cidades Brasileiras<\/h2>\n        <p>A parceria entre a Bike F\u00e1cil e a FINEP \u00e9 a prova de que o Brasil tem compet\u00eancia para liderar a revolu\u00e7\u00e3o da micromobilidade. Os R$ 9,1 milh\u00f5es conquistados s\u00e3o um combust\u00edvel para a inova\u00e7\u00e3o, mas o verdadeiro valor est\u00e1 no impacto que essa tecnologia causar\u00e1 no dia a dia das pessoas. Menos carros nas ruas, menos polui\u00e7\u00e3o no ar e mais efici\u00eancia no deslocamento urbano.<\/p>\n\n        <p>Para as empresas que buscam se diferenciar e para o setor p\u00fablico que deseja modernizar sua gest\u00e3o, este \u00e9 o momento ideal para integrar as solu\u00e7\u00f5es da Bike F\u00e1cil. Com o respaldo da FINEP, estamos prontos para projetar e implementar sistemas de mobilidade que s\u00e3o orgulho nacional e refer\u00eancia global em efici\u00eancia e sustentabilidade.<\/p>\n\n        <div class=\"references\">\n            <p><strong>Gostou? Leia mais em:<\/strong><\/p>\n            <ul>\n                <li><a href=\"https:\/\/itdpbrasil.org\/\" target=\"_blank\" rel=\"noopener\">ITDP Brasil - O impacto do investimento p\u00fablico em mobilidade ativa<\/a><\/li>\n                <li><a href=\"https:\/\/wribrasil.org.br\/\" target=\"_blank\" rel=\"noopener\">WRI Brasil - Como o fomento \u00e0 tecnologia transforma o transporte urbano<\/a><\/li>\n            <\/ul>\n        <\/div>\n\n    <\/div>\n<\/div><div class=\"fusion-builder-row fusion-builder-row-inner fusion-row fusion-flex-align-items-flex-start fusion-flex-content-wrap\" style=\"width:103% !important;max-width:103% !important;margin-left: calc(-3% \/ 2 );margin-right: calc(-3% \/ 2 );\"><div class=\"fusion-layout-column fusion_builder_column_inner fusion-builder-nested-column-0 fusion_builder_column_inner_1_1 1_1 fusion-flex-column\" style=\"--awb-padding-top:60px;--awb-padding-right:60px;--awb-padding-bottom:40px;--awb-padding-left:60px;--awb-overflow:hidden;--awb-bg-color:var(--awb-color2);--awb-bg-color-hover:var(--awb-color2);--awb-bg-size:cover;--awb-border-color:var(--awb-color5);--awb-border-color-hover:var(--awb-color4);--awb-border-left:5px;--awb-border-style:solid;--awb-border-radius:20px 20px 20px 20px;--awb-width-large:100%;--awb-spacing-right-large:1.455%;--awb-margin-bottom-large:0px;--awb-spacing-left-large:1.455%;--awb-width-medium:100%;--awb-order-medium:0;--awb-spacing-right-medium:1.455%;--awb-spacing-left-medium:1.455%;--awb-width-small:100%;--awb-order-small:0;--awb-spacing-right-small:1.455%;--awb-spacing-left-small:1.455%;\"><div class=\"fusion-column-wrapper fusion-column-has-shadow fusion-flex-justify-content-flex-start fusion-content-layout-column\"><div class=\"fusion-text fusion-text-1\" style=\"--awb-font-size:20px;--awb-line-height:1.6em;--awb-letter-spacing:-0.01em;--awb-text-color:var(--awb-color6);--awb-text-font-family:var(--awb-typography2-font-family);--awb-text-font-weight:var(--awb-typography2-font-weight);--awb-text-font-style:var(--awb-typography2-font-style);\"><p><strong>Vamos agregar valor ao seu projeto!<br \/>\n<\/strong>Entre em contato com a Bike F\u00e1cil, somos especialistas em solu\u00e7\u00f5es de mobilidade ativa. E aproveite para explorar outros artigos no nosso blog sobre infraestrutura ciclovi\u00e1ria, inova\u00e7\u00e3o urbana e sustentabilidade.<\/p>\n<\/div><\/div><\/div><\/div>\n<\/div><\/div><\/div><\/div>\n","protected":false},"excerpt":{"rendered":"<p>Get the latest insights, market trends &#038; inspiration!<\/p>\n","protected":false},"author":8,"featured_media":11469,"comment_status":"closed","ping_status":"closed","sticky":false,"template":"","format":"standard","meta":{"_acf_changed":false,"footnotes":""},"categories":[111],"tags":[189,215,259,282,196,254,268,188,274,272,273,263,283,270,266,286,264,260,262,187,279,158,276,265,255,194,280,284,190,269,232,261,278,285,281],"class_list":["post-11468","post","type-post","status-publish","format-standard","has-post-thumbnail","hentry","category-noticias","tag-bicicleta","tag-bicicletas-compartilhadas","tag-bike-facil","tag-bike-sharing-em-condominios","tag-cidades-inteligentes","tag-cidades-inteligentes-2026","tag-edificacoes-saudaveis","tag-esg","tag-esg-nas-cidades","tag-estacao-de-bike-sharing","tag-gestao-publica-urbana","tag-hubs-de-mobilidade","tag-incorporadoras","tag-infraestrutura-cicloviaria-b2b","tag-infraestrutura-para-micro-mobilidade","tag-inovacao","tag-integracao-onibus-e-bike","tag-logistica-urbana","tag-micro-mobilidade-b2g","tag-mobilidade-ativa","tag-mobilidade-no-campus","tag-mobilidade-sustentavel","tag-mobilidade-turistica-sustentavel","tag-mobilidade-urbana-2026","tag-mobilidade-urbana-compartilhada","tag-mobilidade-urbana-sustentavel","tag-rede-de-bike-sharing","tag-setor-imobiliario","tag-sustentabilidade","tag-sustentabilidade-esg-imobiliario","tag-ultima-milha","tag-urbanismo-b2b","tag-urbanismo-turistico-b2g","tag-web-summit","tag-white-label-mobilidade"],"acf":[],"_links":{"self":[{"href":"https:\/\/bikefacil.com\/?rest_route=\/wp\/v2\/posts\/11468","targetHints":{"allow":["GET"]}}],"collection":[{"href":"https:\/\/bikefacil.com\/?rest_route=\/wp\/v2\/posts"}],"about":[{"href":"https:\/\/bikefacil.com\/?rest_route=\/wp\/v2\/types\/post"}],"author":[{"embeddable":true,"href":"https:\/\/bikefacil.com\/?rest_route=\/wp\/v2\/users\/8"}],"replies":[{"embeddable":true,"href":"https:\/\/bikefacil.com\/?rest_route=%2Fwp%2Fv2%2Fcomments&post=11468"}],"version-history":[{"count":9,"href":"https:\/\/bikefacil.com\/?rest_route=\/wp\/v2\/posts\/11468\/revisions"}],"predecessor-version":[{"id":11478,"href":"https:\/\/bikefacil.com\/?rest_route=\/wp\/v2\/posts\/11468\/revisions\/11478"}],"wp:featuredmedia":[{"embeddable":true,"href":"https:\/\/bikefacil.com\/?rest_route=\/wp\/v2\/media\/11469"}],"wp:attachment":[{"href":"https:\/\/bikefacil.com\/?rest_route=%2Fwp%2Fv2%2Fmedia&parent=11468"}],"wp:term":[{"taxonomy":"category","embeddable":true,"href":"https:\/\/bikefacil.com\/?rest_route=%2Fwp%2Fv2%2Fcategories&post=11468"},{"taxonomy":"post_tag","embeddable":true,"href":"https:\/\/bikefacil.com\/?rest_route=%2Fwp%2Fv2%2Ftags&post=11468"}],"curies":[{"name":"wp","href":"https:\/\/api.w.org\/{rel}","templated":true}]}}