{"id":9232,"date":"2025-08-12T10:10:18","date_gmt":"2025-08-12T13:10:18","guid":{"rendered":"https:\/\/bikefacil.com\/?p=9232"},"modified":"2025-08-22T15:19:57","modified_gmt":"2025-08-22T18:19:57","slug":"empresa-de-bicicletario-solucoes-seguras-e-inteligentes-para-bikes","status":"publish","type":"post","link":"https:\/\/bikefacil.com\/noticias\/empresa-de-bicicletario-solucoes-seguras-e-inteligentes-para-bikes\/","title":{"rendered":"Empresa de biciclet\u00e1rio: solu\u00e7\u00f5es seguras e inteligentes para bikes"},"content":{"rendered":"<div class=\"fusion-fullwidth fullwidth-box fusion-builder-row-1 fusion-flex-container has-pattern-background has-mask-background nonhundred-percent-fullwidth non-hundred-percent-height-scrolling\" style=\"--awb-border-radius-top-left:0px;--awb-border-radius-top-right:0px;--awb-border-radius-bottom-right:0px;--awb-border-radius-bottom-left:0px;--awb-margin-top-small:40px;--awb-flex-wrap:wrap;\" ><div class=\"fusion-builder-row fusion-row fusion-flex-align-items-flex-start fusion-flex-content-wrap\" style=\"max-width:1318.4px;margin-left: calc(-3% \/ 2 );margin-right: calc(-3% \/ 2 );\"><div class=\"fusion-layout-column fusion_builder_column fusion-builder-column-0 fusion_builder_column_1_1 1_1 fusion-flex-column blog-conteudo\" style=\"--awb-bg-size:cover;--awb-width-large:100%;--awb-spacing-right-large:1.455%;--awb-margin-bottom-large:60px;--awb-spacing-left-large:1.455%;--awb-width-medium:100%;--awb-order-medium:0;--awb-spacing-right-medium:1.455%;--awb-spacing-left-medium:1.455%;--awb-width-small:100%;--awb-order-small:0;--awb-spacing-right-small:1.455%;--awb-spacing-left-small:1.455%;\"><div class=\"fusion-column-wrapper fusion-column-has-shadow fusion-flex-justify-content-flex-start fusion-content-layout-column\"><div class=\"fusion-separator fusion-has-icon fusion-full-width-sep\" style=\"align-self: center;margin-left: auto;margin-right: auto;margin-top:30px;margin-bottom:30px;width:100%;max-width:100%;\"><div class=\"fusion-separator-border sep-single sep-solid\" style=\"--awb-height:20px;--awb-amount:20px;--awb-sep-color:var(--awb-custom_color_14);border-color:var(--awb-custom_color_14);border-top-width:1px;\"><\/div><span class=\"icon-wrapper\" style=\"border-color:transparent;font-size:26px;width: 1.75em; height: 1.75em;border-width:1px;padding:1px;margin-top:-0.5px\"><i class=\"icon-bkf-BKF_ICONES_1X1_PRETO-96\" style=\"font-size: inherit;color:var(--awb-color6);\" aria-hidden=\"true\"><\/i><\/span><div class=\"fusion-separator-border sep-single sep-solid\" style=\"--awb-height:20px;--awb-amount:20px;--awb-sep-color:var(--awb-custom_color_14);border-color:var(--awb-custom_color_14);border-top-width:1px;\"><\/div><\/div><div class=\"fusion-title title fusion-title-1 fusion-sep-none fusion-title-text fusion-title-size-five\" style=\"--awb-text-color:var(--awb-color4);--awb-margin-top:40px;\"><h5 class=\"fusion-title-heading title-heading-left fusion-responsive-typography-calculated\" style=\"margin:0;--fontSize:26;line-height:1.2;\"><strong>O que \u00e9 uma empresa biciclet\u00e1rio?<br \/>\n<\/strong><\/h5><\/div><div class=\"fusion-text fusion-text-1 fusion-text-no-margin\" style=\"--awb-line-height:1.8em;--awb-margin-bottom:0px;\"><span class=\"fusion-dropcap dropcap\" style=\"--awb-color:var(--awb-custom_color_1);\">A<\/span>\n<p>mobilidade urbana est\u00e1 mudando, e a bicicleta conquistou espa\u00e7o definitivo no dia a dia das cidades. Com isso, a procura por empresa biciclet\u00e1rio disparou, j\u00e1 que a necessidade de estacionar e proteger as bikes com seguran\u00e7a se tornou prioridade para condom\u00ednios, empresas e \u00f3rg\u00e3os p\u00fablicos.<\/p>\n<p>Uma empresa biciclet\u00e1rio \u00e9 respons\u00e1vel por projetar, fabricar e instalar estruturas seguras e eficientes para estacionamento de bicicletas. O objetivo vai al\u00e9m de apenas guardar a bike \u2014 trata-se de criar um espa\u00e7o que incentive o uso di\u00e1rio, evitando furtos, vandalismo e desgaste desnecess\u00e1rio do equipamento.<\/p>\n<\/div><div class=\"fusion-separator fusion-full-width-sep\" style=\"align-self: center;margin-left: auto;margin-right: auto;margin-top:40px;margin-bottom:10px;width:100%;\"><div class=\"fusion-separator-border sep-single\" style=\"--awb-height:20px;--awb-amount:20px;--awb-sep-color:var(--awb-custom_color_14);border-color:var(--awb-custom_color_14);border-top-width:1px;\"><\/div><\/div><div class=\"fusion-title title fusion-title-2 fusion-sep-none fusion-title-text fusion-title-size-five\" style=\"--awb-text-color:var(--awb-color4);--awb-margin-top:40px;\"><h5 class=\"fusion-title-heading title-heading-left fusion-responsive-typography-calculated\" style=\"margin:0;--fontSize:26;line-height:1.2;\"><strong>Por que contratar uma empresa biciclet\u00e1rio?<br \/>\n<\/strong><\/h5><\/div><div class=\"fusion-text fusion-text-2 fusion-text-no-margin\" style=\"--awb-line-height:1.8em;--awb-margin-bottom:0px;\"><p>Se voc\u00ea administra um condom\u00ednio ou empresa, sabe que oferecer um espa\u00e7o seguro para bicicletas \u00e9 mais do que um diferencial: \u00e9 uma exig\u00eancia cada vez mais presente em leis e regulamentos municipais.<\/p>\n<p>Ao contratar uma <b>empresa biciclet\u00e1rio<\/b>, voc\u00ea garante:<\/p>\n<ul>\n<li><b>Seguran\u00e7a refor\u00e7ada<\/b> com estruturas que dificultam furtos.<\/li>\n<li><b>Aproveitamento inteligente do espa\u00e7o<\/b> dispon\u00edvel.<\/li>\n<li><b>Durabilidade<\/b> com materiais resistentes \u00e0 chuva, sol e corros\u00e3o.<\/li>\n<li><b>Conformidade com normas<\/b> da ABNT.<\/li>\n<li><b>Valoriza\u00e7\u00e3o do im\u00f3vel<\/b> e incentivo \u00e0 mobilidade sustent\u00e1vel.<\/li>\n<\/ul>\n<\/div><div class=\"fusion-title title fusion-title-3 fusion-sep-none fusion-title-text fusion-title-size-five\" style=\"--awb-text-color:var(--awb-color4);--awb-margin-top:40px;\"><h5 class=\"fusion-title-heading title-heading-left fusion-responsive-typography-calculated\" style=\"margin:0;--fontSize:26;line-height:1.2;\"><strong>Tipos de biciclet\u00e1rios e suas aplica\u00e7\u00f5es<br \/>\n<\/strong><\/h5><\/div><div class=\"fusion-text fusion-text-3 fusion-text-no-margin\" style=\"--awb-line-height:1.8em;--awb-margin-bottom:30px;\"><p>As empresas de biciclet\u00e1rio oferecem diversos modelos para diferentes necessidades.<\/p>\n<\/div>\n<div class=\"table-1\">\n<table width=\"100%\">\n<thead>\n<tr>\n<th align=\"left\">Tipo de Biciclet\u00e1rio<\/th>\n<th align=\"left\">Vantagens<\/th>\n<th align=\"left\">Melhor Local de Instala\u00e7\u00e3o<\/th>\n<\/tr>\n<\/thead>\n<tbody>\n<tr>\n<td align=\"left\">Vertical<\/td>\n<td align=\"left\">Ocupa pouco espa\u00e7o, f\u00e1cil instala\u00e7\u00e3o<\/td>\n<td align=\"left\">Condom\u00ednios pequenos<\/td>\n<\/tr>\n<tr>\n<td align=\"left\">Horizontal<\/td>\n<td align=\"left\">Mais estabilidade e acessibilidade<\/td>\n<td align=\"left\">Empresas e shoppings<\/td>\n<\/tr>\n<tr>\n<td align=\"left\">U Invertido<\/td>\n<td align=\"left\">Seguran\u00e7a refor\u00e7ada e travamento total da bike<\/td>\n<td align=\"left\">Espa\u00e7os p\u00fablicos<\/td>\n<\/tr>\n<tr>\n<td align=\"left\">Suspenso<\/td>\n<td align=\"left\">Aproveitamento m\u00e1ximo das paredes<\/td>\n<td align=\"left\">Garagens cobertas<\/td>\n<\/tr>\n<\/tbody>\n<\/table>\n<\/div>\n<div class=\"fusion-title title fusion-title-4 fusion-sep-none fusion-title-text fusion-title-size-five\" style=\"--awb-text-color:var(--awb-color4);--awb-margin-top:40px;\"><h5 class=\"fusion-title-heading title-heading-left fusion-responsive-typography-calculated\" style=\"margin:0;--fontSize:26;line-height:1.2;\"><strong>Crit\u00e9rios para escolher a melhor empresa biciclet\u00e1rio<\/strong><\/h5><\/div><div class=\"fusion-text fusion-text-4 fusion-text-no-margin\" style=\"--awb-line-height:1.8em;--awb-margin-bottom:0px;\"><p>Antes de fechar contrato, verifique:<\/p>\n<ol>\n<li><b>Portf\u00f3lio e experi\u00eancia<\/b> no mercado.<\/li>\n<li><b>Qualidade dos materiais<\/b> utilizados.<\/li>\n<li><b>Garantia e assist\u00eancia t\u00e9cnica<\/b> p\u00f3s-instala\u00e7\u00e3o.<\/li>\n<li><b>Cumprimento de prazos<\/b> de entrega e montagem.<\/li>\n<li><b>Conformidade com normas da ABNT<\/b> (<u>ver normas aqui<\/u>).<\/li>\n<\/ol>\n<\/div><div class=\"fusion-title title fusion-title-5 fusion-sep-none fusion-title-text fusion-title-size-five\" style=\"--awb-text-color:var(--awb-color4);--awb-margin-top:40px;\"><h5 class=\"fusion-title-heading title-heading-left fusion-responsive-typography-calculated\" style=\"margin:0;--fontSize:26;line-height:1.2;\"><strong>Benef\u00edcios de investir em um biciclet\u00e1rio<br \/>\n<\/strong><\/h5><\/div><div class=\"fusion-text fusion-text-5 fusion-text-no-margin\" style=\"--awb-line-height:1.8em;--awb-margin-bottom:0px;\"><p>Ter um biciclet\u00e1rio instalado por uma <b>empresa biciclet\u00e1rio<\/b> oferece vantagens como:<\/p>\n<ul>\n<li>Incentivo ao transporte limpo e saud\u00e1vel.<\/li>\n<li>Redu\u00e7\u00e3o de custos com estacionamento de ve\u00edculos.<\/li>\n<li>Melhoria da imagem da empresa ou condom\u00ednio.Organiza\u00e7\u00e3o e otimiza\u00e7\u00e3o dos espa\u00e7os coletivos.<\/li>\n<li>Adequa\u00e7\u00e3o a leis municipais e certifica\u00e7\u00f5es ambientais.<\/li>\n<\/ul>\n<\/div><div class=\"fusion-title title fusion-title-6 fusion-sep-none fusion-title-text fusion-title-size-five\" style=\"--awb-text-color:var(--awb-color4);--awb-margin-top:40px;\"><h5 class=\"fusion-title-heading title-heading-left fusion-responsive-typography-calculated\" style=\"margin:0;--fontSize:26;line-height:1.2;\"><strong>Passo a passo para contratar uma empresa biciclet\u00e1rio<\/strong><\/h5><\/div><div class=\"fusion-text fusion-text-6 fusion-text-no-margin\" style=\"--awb-line-height:1.8em;--awb-margin-bottom:0px;\"><p>Seguindo estes passos, a escolha se torna muito mais f\u00e1cil:<\/p>\n<ol>\n<li>Solicite <b>or\u00e7amento detalhado<\/b> com fotos de modelos.<\/li>\n<li>Avalie a <b>estrutura<\/b> e a <b>resist\u00eancia<\/b> dos materiais.<\/li>\n<li>Pe\u00e7a refer\u00eancias de clientes atendidos.<\/li>\n<li>Defina a <b>capacidade<\/b> de armazenamento necess\u00e1ria.<\/li>\n<li>Confirme a <b>garantia e manuten\u00e7\u00e3o<\/b> oferecidas.<\/li>\n<\/ol>\n<\/div><div class=\"fusion-title title fusion-title-7 fusion-sep-none fusion-title-text fusion-title-size-five\" style=\"--awb-text-color:var(--awb-color4);--awb-margin-top:40px;\"><h5 class=\"fusion-title-heading title-heading-left fusion-responsive-typography-calculated\" style=\"margin:0;--fontSize:26;line-height:1.2;\"><strong>Tend\u00eancias para biciclet\u00e1rios em 2025<br \/>\n<\/strong><\/h5><\/div><div class=\"fusion-text fusion-text-7 fusion-text-no-margin\" style=\"--awb-line-height:1.8em;--awb-margin-bottom:0px;\"><p>As empresas est\u00e3o inovando, trazendo solu\u00e7\u00f5es como:<\/p>\n<ul>\n<li><b>Biciclet\u00e1rios inteligentes<\/b> com controle por aplicativo.<\/li>\n<li><b>Coberturas solares<\/b> para prote\u00e7\u00e3o e gera\u00e7\u00e3o de energia.<\/li>\n<li><b>Monitoramento por c\u00e2meras<\/b> integrado \u00e0 portaria.<\/li>\n<li><b>Design modular<\/b> para amplia\u00e7\u00e3o futura.<\/li>\n<\/ul>\n<\/div><div class=\"fusion-title title fusion-title-8 fusion-sep-none fusion-title-text fusion-title-size-five\" style=\"--awb-text-color:var(--awb-color4);--awb-margin-top:40px;\"><h5 class=\"fusion-title-heading title-heading-left fusion-responsive-typography-calculated\" style=\"margin:0;--fontSize:26;line-height:1.2;\"><strong>Normas e refer\u00eancias para biciclet\u00e1rios no Brasil<\/strong><\/h5><\/div><div class=\"fusion-text fusion-text-8 fusion-text-no-margin\" style=\"--awb-line-height:1.8em;--awb-margin-bottom:0px;\"><p>Para garantir que seu biciclet\u00e1rio atenda aos padr\u00f5es de seguran\u00e7a e funcionalidade, \u00e9 fundamental seguir as <b><u><a href=\"https:\/\/www.abnt.org.br\/\" target=\"_blank\" rel=\"noopener noreferrer\">normas da ABNT para biciclet\u00e1rios<\/a><\/u><\/b>, que definem desde medidas m\u00ednimas at\u00e9 crit\u00e9rios de fixa\u00e7\u00e3o e prote\u00e7\u00e3o. Al\u00e9m disso, iniciativas como o <u><b>Movimento Bike Friendly<\/b><\/u> ajudam a difundir boas pr\u00e1ticas de mobilidade sustent\u00e1vel e incentivar empresas e condom\u00ednios a investirem em solu\u00e7\u00f5es de qualidade para ciclistas.<\/p>\n<\/div><div class=\"fusion-title title fusion-title-9 fusion-sep-none fusion-title-text fusion-title-size-five\" style=\"--awb-text-color:var(--awb-color4);--awb-margin-top:40px;\"><h5 class=\"fusion-title-heading title-heading-left fusion-responsive-typography-calculated\" style=\"margin:0;--fontSize:26;line-height:1.2;\"><strong>Bike F\u00e1cil: a melhor e mais inovadora empresa biciclet\u00e1rio do Brasil<\/strong><\/h5><\/div><div class=\"fusion-text fusion-text-9 fusion-text-no-margin\" style=\"--awb-line-height:1.8em;--awb-margin-bottom:0px;\"><p>A <b>Bike F\u00e1cil<\/b> se destaca como a <b>empresa biciclet\u00e1rio<\/b> mais inovadora do pa\u00eds, unindo design moderno, resist\u00eancia e tecnologia inteligente para oferecer solu\u00e7\u00f5es que transformam a forma como as bicicletas s\u00e3o armazenadas e protegidas. Com projetos personalizados, materiais de alta durabilidade e foco na experi\u00eancia do usu\u00e1rio, a Bike F\u00e1cil \u00e9 a escolha ideal para quem busca qualidade, seguran\u00e7a e compromisso com a mobilidade sustent\u00e1vel no Brasil.<\/p>\n<\/div><div class=\"fusion-title title fusion-title-10 fusion-sep-none fusion-title-text fusion-title-size-five\" style=\"--awb-text-color:var(--awb-color4);--awb-margin-top:40px;\"><h5 class=\"fusion-title-heading title-heading-left fusion-responsive-typography-calculated\" style=\"margin:0;--fontSize:26;line-height:1.2;\"><strong>FAQ: Perguntas frequentes<br \/>\n<\/strong><\/h5><\/div><style type=\"text\/css\">.fusion-faqs-wrapper #accordian-1 .fusion-panel { border-color:var(--awb-custom_color_14); }.fusion-faqs-wrapper #accordian-1 .fusion-panel:hover{ border-color: var(--awb-custom_color_15); }.fusion-accordian #accordian-1 .panel-title a .fa-fusion-box:before{ font-size: 16px;width: 16px;}.fusion-accordian #accordian-1 .panel-title a .fa-fusion-box{ color: var(--awb-color5);}.fusion-accordian  #accordian-1 .panel-title a{font-size:18px;font-family:var(--awb-typography1-font-family);font-weight:var(--awb-typography1-font-weight);font-style:var(--awb-typography1-font-style);}.fusion-accordian  #accordian-1 .panel-title a:not(:hover){color:var(--awb-color6);}.fusion-accordian  #accordian-1 .toggle-content{font-size:18px;line-height:1.4;letter-spacing:-0.05em;color:var(--awb-color6);font-family:var(--awb-typography4-font-family);font-weight:var(--awb-typography4-font-weight);font-style:var(--awb-typography4-font-style);}.fusion-accordian #accordian-1 .fa-fusion-box { background-color: var(--awb-color7) !important;border-color: var(--awb-color7) !important;}.fusion-accordian #accordian-1 .panel-title a:hover,.fusion-accordian #accordian-1 .panel-title a.hover { color: var(--awb-color4);}.fusion-faq-shortcode .fusion-accordian #accordian-1 .fusion-toggle-boxed-mode:hover .panel-title a { color: var(--awb-color4);}.fusion-accordian #accordian-1 .panel-title .active .fa-fusion-box,.fusion-accordian #accordian-1 .panel-title a:hover .fa-fusion-box,.fusion-accordian #accordian-1 .panel-title a.hover .fa-fusion-box { background-color: var(--awb-color4)!important;border-color: var(--awb-color4)!important;}.fusion-faqs-wrapper .fusion-accordian  #accordian-1 .fusion-panel {padding-bottom: 10px;}<\/style><div class=\"fusion-faq-shortcode\" style=\"\"><div class=\"fusion-faqs-wrapper\"><div class=\"accordian fusion-accordian\"><div class=\"panel-group \" id=\"accordian-1\"><div class=\"fusion-panel panel-default fusion-faq-post fusion-faq-post-9235 empresa-de-bicicletario \"><span class=\"entry-title rich-snippet-hidden\">Quanto custa contratar uma empresa biciclet\u00e1rio?<\/span><span class=\"vcard rich-snippet-hidden\"><span class=\"fn\"><a href=\"https:\/\/bikefacil.com\/author\/design\/\" title=\"Posts de Design\" rel=\"author\">Design<\/a><\/span><\/span><span class=\"updated rich-snippet-hidden\">2025-08-18T10:13:52-03:00<\/span><div class=\"panel-heading\"><h6 id=\"faq_1-9235\" class=\"panel-title toggle\"><a data-toggle=\"collapse\" class=\"collapsed\" data-parent=\"#accordian-1\" data-target=\"#collapse-1-9235\" href=\"#collapse-1-9235\" aria-expanded=\"false\"><div class=\"fusion-toggle-icon-wrapper\"><div class=\"fusion-toggle-icon-wrapper-main\"><div class=\"fusion-toggle-icon-wrapper-sub\"><i class=\"fa-fusion-box active-icon awb-icon-minus\" aria-hidden=\"true\"><\/i><i class=\"fa-fusion-box inactive-icon awb-icon-plus\" aria-hidden=\"true\"><\/i><\/div><\/div><\/div><div class=\"fusion-toggle-heading\">Quanto custa contratar uma empresa biciclet\u00e1rio?<\/div><\/a><\/h6><\/div><div id=\"collapse-1-9235\" aria-labelledby=\"faq_1-9235\" class=\"panel-collapse collapse\"><div class=\"panel-body toggle-content post-content\"><p>O valor varia conforme o modelo, a capacidade e o material.<\/p>\n<\/div><\/div><\/div><div class=\"fusion-panel panel-default fusion-faq-post fusion-faq-post-9237 empresa-de-bicicletario \"><span class=\"entry-title rich-snippet-hidden\">Qual o melhor tipo de biciclet\u00e1rio para condom\u00ednios?<\/span><span class=\"vcard rich-snippet-hidden\"><span class=\"fn\"><a href=\"https:\/\/bikefacil.com\/author\/design\/\" title=\"Posts de Design\" rel=\"author\">Design<\/a><\/span><\/span><span class=\"updated rich-snippet-hidden\">2025-08-18T10:14:03-03:00<\/span><div class=\"panel-heading\"><h6 id=\"faq_1-9237\" class=\"panel-title toggle\"><a data-toggle=\"collapse\" class=\"collapsed\" data-parent=\"#accordian-1\" data-target=\"#collapse-1-9237\" href=\"#collapse-1-9237\" aria-expanded=\"false\"><div class=\"fusion-toggle-icon-wrapper\"><div class=\"fusion-toggle-icon-wrapper-main\"><div class=\"fusion-toggle-icon-wrapper-sub\"><i class=\"fa-fusion-box active-icon awb-icon-minus\" aria-hidden=\"true\"><\/i><i class=\"fa-fusion-box inactive-icon awb-icon-plus\" aria-hidden=\"true\"><\/i><\/div><\/div><\/div><div class=\"fusion-toggle-heading\">Qual o melhor tipo de biciclet\u00e1rio para condom\u00ednios?<\/div><\/a><\/h6><\/div><div id=\"collapse-1-9237\" aria-labelledby=\"faq_1-9237\" class=\"panel-collapse collapse\"><div class=\"panel-body toggle-content post-content\"><p>O vertical \u00e9 indicado para espa\u00e7os pequenos, enquanto o horizontal \u00e9 melhor para acessibilidade.<\/p>\n<\/div><\/div><\/div><div class=\"fusion-panel panel-default fusion-faq-post fusion-faq-post-9240 empresa-de-bicicletario \"><span class=\"entry-title rich-snippet-hidden\">Empresas biciclet\u00e1rio oferecem manuten\u00e7\u00e3o?<\/span><span class=\"vcard rich-snippet-hidden\"><span class=\"fn\"><a href=\"https:\/\/bikefacil.com\/author\/design\/\" title=\"Posts de Design\" rel=\"author\">Design<\/a><\/span><\/span><span class=\"updated rich-snippet-hidden\">2025-08-18T10:14:37-03:00<\/span><div class=\"panel-heading\"><h6 id=\"faq_1-9240\" class=\"panel-title toggle\"><a data-toggle=\"collapse\" class=\"collapsed\" data-parent=\"#accordian-1\" data-target=\"#collapse-1-9240\" href=\"#collapse-1-9240\" aria-expanded=\"false\"><div class=\"fusion-toggle-icon-wrapper\"><div class=\"fusion-toggle-icon-wrapper-main\"><div class=\"fusion-toggle-icon-wrapper-sub\"><i class=\"fa-fusion-box active-icon awb-icon-minus\" aria-hidden=\"true\"><\/i><i class=\"fa-fusion-box inactive-icon awb-icon-plus\" aria-hidden=\"true\"><\/i><\/div><\/div><\/div><div class=\"fusion-toggle-heading\">Empresas biciclet\u00e1rio oferecem manuten\u00e7\u00e3o?<\/div><\/a><\/h6><\/div><div id=\"collapse-1-9240\" aria-labelledby=\"faq_1-9240\" class=\"panel-collapse collapse\"><div class=\"panel-body toggle-content post-content\"><p>Sim, muitas oferecem planos de manuten\u00e7\u00e3o preventiva e corretiva.<\/p>\n<\/div><\/div><\/div><div class=\"fusion-panel panel-default fusion-faq-post fusion-faq-post-9242 empresa-de-bicicletario \"><span class=\"entry-title rich-snippet-hidden\">\u00c9 obrigat\u00f3rio ter biciclet\u00e1rio em pr\u00e9dios comerciais?<\/span><span class=\"vcard rich-snippet-hidden\"><span class=\"fn\"><a href=\"https:\/\/bikefacil.com\/author\/design\/\" title=\"Posts de Design\" rel=\"author\">Design<\/a><\/span><\/span><span class=\"updated rich-snippet-hidden\">2025-08-18T10:15:14-03:00<\/span><div class=\"panel-heading\"><h6 id=\"faq_1-9242\" class=\"panel-title toggle\"><a data-toggle=\"collapse\" class=\"collapsed\" data-parent=\"#accordian-1\" data-target=\"#collapse-1-9242\" href=\"#collapse-1-9242\" aria-expanded=\"false\"><div class=\"fusion-toggle-icon-wrapper\"><div class=\"fusion-toggle-icon-wrapper-main\"><div class=\"fusion-toggle-icon-wrapper-sub\"><i class=\"fa-fusion-box active-icon awb-icon-minus\" aria-hidden=\"true\"><\/i><i class=\"fa-fusion-box inactive-icon awb-icon-plus\" aria-hidden=\"true\"><\/i><\/div><\/div><\/div><div class=\"fusion-toggle-heading\">\u00c9 obrigat\u00f3rio ter biciclet\u00e1rio em pr\u00e9dios comerciais?<\/div><\/a><\/h6><\/div><div id=\"collapse-1-9242\" aria-labelledby=\"faq_1-9242\" class=\"panel-collapse collapse\"><div class=\"panel-body toggle-content post-content\"><p>Em diversas cidades, sim. Consulte a legisla\u00e7\u00e3o municipal.<\/p>\n<\/div><\/div><\/div><div class=\"fusion-panel panel-default fusion-faq-post fusion-faq-post-9244 empresa-de-bicicletario \"><span class=\"entry-title rich-snippet-hidden\">Vale a pena investir em biciclet\u00e1rios inteligentes?<\/span><span class=\"vcard rich-snippet-hidden\"><span class=\"fn\"><a href=\"https:\/\/bikefacil.com\/author\/design\/\" title=\"Posts de Design\" rel=\"author\">Design<\/a><\/span><\/span><span class=\"updated rich-snippet-hidden\">2025-08-18T10:15:43-03:00<\/span><div class=\"panel-heading\"><h6 id=\"faq_1-9244\" class=\"panel-title toggle\"><a data-toggle=\"collapse\" class=\"collapsed\" data-parent=\"#accordian-1\" data-target=\"#collapse-1-9244\" href=\"#collapse-1-9244\" aria-expanded=\"false\"><div class=\"fusion-toggle-icon-wrapper\"><div class=\"fusion-toggle-icon-wrapper-main\"><div class=\"fusion-toggle-icon-wrapper-sub\"><i class=\"fa-fusion-box active-icon awb-icon-minus\" aria-hidden=\"true\"><\/i><i class=\"fa-fusion-box inactive-icon awb-icon-plus\" aria-hidden=\"true\"><\/i><\/div><\/div><\/div><div class=\"fusion-toggle-heading\">Vale a pena investir em biciclet\u00e1rios inteligentes?<\/div><\/a><\/h6><\/div><div id=\"collapse-1-9244\" aria-labelledby=\"faq_1-9244\" class=\"panel-collapse collapse\"><div class=\"panel-body toggle-content post-content\"><p>Sim, especialmente para empresas e grandes condom\u00ednios, pois aumentam seguran\u00e7a e praticidade.<\/p>\n<\/div><\/div><\/div><\/div><\/div><\/div><\/div><div class=\"fusion-title title fusion-title-11 fusion-sep-none fusion-title-text fusion-title-size-five\" style=\"--awb-text-color:var(--awb-color4);--awb-margin-top:40px;\"><h5 class=\"fusion-title-heading title-heading-left fusion-responsive-typography-calculated\" style=\"margin:0;--fontSize:26;line-height:1.2;\"><strong>Conclus\u00e3o<br \/>\n<\/strong><\/h5><\/div><div class=\"fusion-text fusion-text-10 fusion-text-no-margin\" style=\"--awb-line-height:1.8em;--awb-margin-bottom:0px;\"><p>\ud83d\udc49 Quer instalar um biciclet\u00e1rio de qualidade e com seguran\u00e7a garantida? Conhe\u00e7a a <b>Bike F\u00e1cil<\/b> e descubra solu\u00e7\u00f5es modernas e eficientes para condom\u00ednios, empresas e espa\u00e7os p\u00fablicos.<br \/>\n\ud83d\udce2 Se este conte\u00fado te ajudou, compartilhe com amigos e incentive a mobilidade sustent\u00e1vel!<\/p>\n<\/div><div class=\"fusion-separator fusion-full-width-sep\" style=\"align-self: center;margin-left: auto;margin-right: auto;margin-top:40px;width:100%;\"><div class=\"fusion-separator-border sep-single\" style=\"--awb-height:20px;--awb-amount:20px;border-color:var(--awb-color6);border-top-width:0px;\"><\/div><\/div><div class=\"fusion-builder-row fusion-builder-row-inner fusion-row fusion-flex-align-items-flex-start fusion-flex-content-wrap\" style=\"width:103% !important;max-width:103% !important;margin-left: calc(-3% \/ 2 );margin-right: calc(-3% \/ 2 );\"><div class=\"fusion-layout-column fusion_builder_column_inner fusion-builder-nested-column-0 fusion_builder_column_inner_1_1 1_1 fusion-flex-column\" style=\"--awb-padding-top:60px;--awb-padding-right:60px;--awb-padding-bottom:40px;--awb-padding-left:60px;--awb-overflow:hidden;--awb-bg-color:var(--awb-color2);--awb-bg-color-hover:var(--awb-color2);--awb-bg-size:cover;--awb-border-color:var(--awb-color5);--awb-border-color-hover:var(--awb-color4);--awb-border-left:5px;--awb-border-style:solid;--awb-border-radius:20px 20px 20px 20px;--awb-width-large:100%;--awb-spacing-right-large:1.455%;--awb-margin-bottom-large:0px;--awb-spacing-left-large:1.455%;--awb-width-medium:100%;--awb-order-medium:0;--awb-spacing-right-medium:1.455%;--awb-spacing-left-medium:1.455%;--awb-width-small:100%;--awb-order-small:0;--awb-spacing-right-small:1.455%;--awb-spacing-left-small:1.455%;\"><div class=\"fusion-column-wrapper fusion-column-has-shadow fusion-flex-justify-content-flex-start fusion-content-layout-column\"><div class=\"fusion-text fusion-text-11\" style=\"--awb-font-size:20px;--awb-line-height:1.6em;--awb-letter-spacing:-0.01em;--awb-text-color:var(--awb-color6);--awb-text-font-family:var(--awb-typography2-font-family);--awb-text-font-weight:var(--awb-typography2-font-weight);--awb-text-font-style:var(--awb-typography2-font-style);\"><p><strong>Vamos agreguar valor ao seu projeto!<br \/>\n<\/strong>Entre em contato com a Bike F\u00e1cil, somos especialistas em solu\u00e7\u00f5es de mobilidade ativa. E aproveite para explorar outros artigos no nosso blog sobre infraestrutura ciclovi\u00e1ria, inova\u00e7\u00e3o urbana e sustentabilidade.<\/p>\n<\/div><\/div><\/div><\/div><\/div><\/div><\/div><\/div>\n","protected":false},"excerpt":{"rendered":"<p>Get the latest insights, market trends &#038; inspiration!<\/p>\n","protected":false},"author":7,"featured_media":9268,"comment_status":"closed","ping_status":"closed","sticky":false,"template":"","format":"standard","meta":{"_acf_changed":false,"footnotes":""},"categories":[111],"tags":[160,161,162,163,148,164,165,166,152,167],"class_list":["post-9232","post","type-post","status-publish","format-standard","has-post-thumbnail","hentry","category-noticias","tag-bicicletario-com-cobertura","tag-bicicletario-corporativo","tag-bicicletario-horizontal","tag-bicicletario-moderno","tag-bicicletario-seguro","tag-bicicletario-vertical","tag-empresa-bicicletario","tag-empresa-de-racks-para-bicicletas","tag-instalacao-de-bicicletario","tag-solucoes-para-estacionamento-de-bicicletas"],"acf":[],"_links":{"self":[{"href":"https:\/\/bikefacil.com\/?rest_route=\/wp\/v2\/posts\/9232","targetHints":{"allow":["GET"]}}],"collection":[{"href":"https:\/\/bikefacil.com\/?rest_route=\/wp\/v2\/posts"}],"about":[{"href":"https:\/\/bikefacil.com\/?rest_route=\/wp\/v2\/types\/post"}],"author":[{"embeddable":true,"href":"https:\/\/bikefacil.com\/?rest_route=\/wp\/v2\/users\/7"}],"replies":[{"embeddable":true,"href":"https:\/\/bikefacil.com\/?rest_route=%2Fwp%2Fv2%2Fcomments&post=9232"}],"version-history":[{"count":0,"href":"https:\/\/bikefacil.com\/?rest_route=\/wp\/v2\/posts\/9232\/revisions"}],"wp:featuredmedia":[{"embeddable":true,"href":"https:\/\/bikefacil.com\/?rest_route=\/wp\/v2\/media\/9268"}],"wp:attachment":[{"href":"https:\/\/bikefacil.com\/?rest_route=%2Fwp%2Fv2%2Fmedia&parent=9232"}],"wp:term":[{"taxonomy":"category","embeddable":true,"href":"https:\/\/bikefacil.com\/?rest_route=%2Fwp%2Fv2%2Fcategories&post=9232"},{"taxonomy":"post_tag","embeddable":true,"href":"https:\/\/bikefacil.com\/?rest_route=%2Fwp%2Fv2%2Ftags&post=9232"}],"curies":[{"name":"wp","href":"https:\/\/api.w.org\/{rel}","templated":true}]}}