{"id":9251,"date":"2025-08-13T11:01:23","date_gmt":"2025-08-13T14:01:23","guid":{"rendered":"https:\/\/bikefacil.com\/?p=9251"},"modified":"2025-08-22T15:19:56","modified_gmt":"2025-08-22T18:19:56","slug":"loja-bicicletario-solucoes-inteligentes-para-espacos-urbanos","status":"publish","type":"post","link":"https:\/\/bikefacil.com\/noticias\/loja-bicicletario-solucoes-inteligentes-para-espacos-urbanos\/","title":{"rendered":"Loja Biciclet\u00e1rio: Solu\u00e7\u00f5es Inteligentes para Espa\u00e7os Urbanos"},"content":{"rendered":"<div class=\"fusion-fullwidth fullwidth-box fusion-builder-row-1 fusion-flex-container has-pattern-background has-mask-background nonhundred-percent-fullwidth non-hundred-percent-height-scrolling\" style=\"--awb-border-radius-top-left:0px;--awb-border-radius-top-right:0px;--awb-border-radius-bottom-right:0px;--awb-border-radius-bottom-left:0px;--awb-margin-top-small:40px;--awb-flex-wrap:wrap;\" ><div class=\"fusion-builder-row fusion-row fusion-flex-align-items-flex-start fusion-flex-content-wrap\" style=\"max-width:1318.4px;margin-left: calc(-3% \/ 2 );margin-right: calc(-3% \/ 2 );\"><div class=\"fusion-layout-column fusion_builder_column fusion-builder-column-0 fusion_builder_column_1_1 1_1 fusion-flex-column blog-conteudo\" style=\"--awb-bg-size:cover;--awb-width-large:100%;--awb-spacing-right-large:1.455%;--awb-margin-bottom-large:60px;--awb-spacing-left-large:1.455%;--awb-width-medium:100%;--awb-order-medium:0;--awb-spacing-right-medium:1.455%;--awb-spacing-left-medium:1.455%;--awb-width-small:100%;--awb-order-small:0;--awb-spacing-right-small:1.455%;--awb-spacing-left-small:1.455%;\"><div class=\"fusion-column-wrapper fusion-column-has-shadow fusion-flex-justify-content-flex-start fusion-content-layout-column\"><div class=\"fusion-separator fusion-has-icon fusion-full-width-sep\" style=\"align-self: center;margin-left: auto;margin-right: auto;margin-top:30px;margin-bottom:30px;width:100%;max-width:100%;\"><div class=\"fusion-separator-border sep-single sep-solid\" style=\"--awb-height:20px;--awb-amount:20px;--awb-sep-color:var(--awb-custom_color_14);border-color:var(--awb-custom_color_14);border-top-width:1px;\"><\/div><span class=\"icon-wrapper\" style=\"border-color:transparent;font-size:26px;width: 1.75em; height: 1.75em;border-width:1px;padding:1px;margin-top:-0.5px\"><i class=\"icon-bkf-BKF_ICONES_1X1_PRETO-96\" style=\"font-size: inherit;color:var(--awb-color6);\" aria-hidden=\"true\"><\/i><\/span><div class=\"fusion-separator-border sep-single sep-solid\" style=\"--awb-height:20px;--awb-amount:20px;--awb-sep-color:var(--awb-custom_color_14);border-color:var(--awb-custom_color_14);border-top-width:1px;\"><\/div><\/div><div class=\"fusion-title title fusion-title-1 fusion-sep-none fusion-title-text fusion-title-size-five\" style=\"--awb-text-color:var(--awb-color4);--awb-margin-top:40px;\"><h5 class=\"fusion-title-heading title-heading-left fusion-responsive-typography-calculated\" style=\"margin:0;--fontSize:26;line-height:1.2;\"><strong>Por que escolher uma loja biciclet\u00e1rio \u00e9 acertar em cheio?<br \/>\n<\/strong><\/h5><\/div><div class=\"fusion-text fusion-text-1 fusion-text-no-margin\" style=\"--awb-line-height:1.8em;--awb-margin-bottom:0px;\"><span class=\"fusion-dropcap dropcap\" style=\"--awb-color:var(--awb-custom_color_1);\">O<\/span>\n<p>ptar por uma loja biciclet\u00e1rio especializada garante muito mais do que um simples suporte para bikes. Voc\u00ea investe em seguran\u00e7a, organiza\u00e7\u00e3o e valoriza\u00e7\u00e3o de espa\u00e7os \u2014 seja em condom\u00ednios, empresas ou \u00e1reas p\u00fablicas.<\/p>\n<p>Al\u00e9m de atender \u00e0s necessidades de ciclistas, um biciclet\u00e1rio bem planejado demonstra compromisso com a mobilidade sustent\u00e1vel e agrega valor ao local onde \u00e9 instalado.<\/p>\n<\/div><div class=\"fusion-separator fusion-full-width-sep\" style=\"align-self: center;margin-left: auto;margin-right: auto;margin-top:40px;margin-bottom:10px;width:100%;\"><div class=\"fusion-separator-border sep-single\" style=\"--awb-height:20px;--awb-amount:20px;--awb-sep-color:var(--awb-custom_color_14);border-color:var(--awb-custom_color_14);border-top-width:1px;\"><\/div><\/div><div class=\"fusion-title title fusion-title-2 fusion-sep-none fusion-title-text fusion-title-size-five\" style=\"--awb-text-color:var(--awb-color4);--awb-margin-top:40px;\"><h5 class=\"fusion-title-heading title-heading-left fusion-responsive-typography-calculated\" style=\"margin:0;--fontSize:26;line-height:1.2;\"><strong>Tipos de biciclet\u00e1rios oferecidos pela loja biciclet\u00e1rio<br \/>\n<\/strong><\/h5><\/div><div class=\"fusion-text fusion-text-2 fusion-text-no-margin\" style=\"--awb-line-height:1.8em;--awb-margin-bottom:30px;\"><p>Na Bike F\u00e1cil, voc\u00ea encontra diversos modelos de biciclet\u00e1rios. Veja abaixo uma compara\u00e7\u00e3o dos principais:<\/p>\n<\/div>\n<div class=\"table-1\">\n<table width=\"100%\">\n<thead>\n<tr>\n<th align=\"left\">Modelo<\/th>\n<th align=\"left\">Vantagens<\/th>\n<th align=\"left\">Ideal para<\/th>\n<\/tr>\n<\/thead>\n<tbody>\n<tr>\n<td align=\"left\">Suspenso<\/td>\n<td align=\"left\">Economia de espa\u00e7o<\/td>\n<td align=\"left\">Condom\u00ednios compactos<\/td>\n<\/tr>\n<tr>\n<td align=\"left\">De ch\u00e3o<\/td>\n<td align=\"left\">Acesso f\u00e1cil<\/td>\n<td align=\"left\">Lojas e garagens corporativas<\/td>\n<\/tr>\n<tr>\n<td align=\"left\">De parede<\/td>\n<td align=\"left\">Est\u00e9tica moderna<\/td>\n<td align=\"left\">Resid\u00eancias e \u00e1reas internas<\/td>\n<\/tr>\n<\/tbody>\n<\/table>\n<\/div>\n<div class=\"fusion-text fusion-text-3 fusion-text-no-margin\" style=\"--awb-line-height:1.8em;--awb-margin-top:30px;--awb-margin-bottom:0px;\"><p>A <b>loja biciclet\u00e1rio<\/b> oferece modelos com acabamento premium, prote\u00e7\u00e3o contra ferrugem e suportes que n\u00e3o danificam a bike.<\/p>\n<\/div><div class=\"fusion-title title fusion-title-3 fusion-sep-none fusion-title-text fusion-title-size-five\" style=\"--awb-text-color:var(--awb-color4);--awb-margin-top:40px;\"><h5 class=\"fusion-title-heading title-heading-left fusion-responsive-typography-calculated\" style=\"margin:0;--fontSize:26;line-height:1.2;\"><strong>Como escolher sua loja biciclet\u00e1rio ideal<br \/>\n<\/strong><\/h5><\/div><div class=\"fusion-text fusion-text-4 fusion-text-no-margin\" style=\"--awb-line-height:1.8em;--awb-margin-bottom:0px;\"><p>Avalie:<\/p>\n<ul>\n<li><b>Espa\u00e7o dispon\u00edvel<\/b><\/li>\n<li><b>N\u00famero de bicicletas a armazenar<\/b><\/li>\n<li><b>Design e est\u00e9tica do local<\/b><\/li>\n<li><b>Tipo de uso (dom\u00e9stico, comercial, p\u00fablico)<\/b><\/li>\n<\/ul>\n<p>A escolha certa no fornecedor de <b>biciclet\u00e1rio<\/b> depender\u00e1 do seu ambiente e da frequ\u00eancia de uso. Se tiver d\u00favidas, nossos especialistas da Bike F\u00e1cil podem ajudar!<\/p>\n<\/div><div class=\"fusion-title title fusion-title-4 fusion-sep-none fusion-title-text fusion-title-size-five\" style=\"--awb-text-color:var(--awb-color4);--awb-margin-top:40px;\"><h5 class=\"fusion-title-heading title-heading-left fusion-responsive-typography-calculated\" style=\"margin:0;--fontSize:26;line-height:1.2;\"><strong>Como escolher sua loja biciclet\u00e1rio ideal<br \/>\n<\/strong><\/h5><\/div><div class=\"fusion-text fusion-text-5 fusion-text-no-margin\" style=\"--awb-line-height:1.8em;--awb-margin-bottom:0px;\"><p>Instalar um biciclet\u00e1rio \u00e9 simples:<\/p>\n<ul>\n<li>Fixe o suporte de forma nivelada.<\/li>\n<li>Mantenha dist\u00e2ncia segura entre as bikes.<\/li>\n<li>Use buchas e parafusos de qualidade.<\/li>\n<\/ul>\n<p>A manuten\u00e7\u00e3o inclui limpeza peri\u00f3dica com pano seco, revis\u00e3o das partes met\u00e1licas e reaperto dos parafusos.<\/p>\n<\/div><div class=\"fusion-title title fusion-title-5 fusion-sep-none fusion-title-text fusion-title-size-five\" style=\"--awb-text-color:var(--awb-color4);--awb-margin-top:40px;\"><h5 class=\"fusion-title-heading title-heading-left fusion-responsive-typography-calculated\" style=\"margin:0;--fontSize:26;line-height:1.2;\"><strong>Biciclet\u00e1rios para condom\u00ednios: seguran\u00e7a e valoriza\u00e7\u00e3o do im\u00f3vel<\/strong><\/h5><\/div><div class=\"fusion-text fusion-text-6 fusion-text-no-margin\" style=\"--awb-line-height:1.8em;--awb-margin-bottom:0px;\"><p>Investir em um biciclet\u00e1rio adequado em condom\u00ednios vai muito al\u00e9m da organiza\u00e7\u00e3o. Ele representa <b>seguran\u00e7a, acessibilidade e incentivo \u00e0 mobilidade ativa<\/b> entre os moradores. Al\u00e9m disso, segundo especialistas do setor imobili\u00e1rio, estruturas como biciclet\u00e1rios <b>aumentam a valoriza\u00e7\u00e3o dos empreendimentos residenciais.<\/b> Em muitos casos, sua instala\u00e7\u00e3o \u00e9 at\u00e9 exigida por leis municipais e estaduais, como mostra este <b><\/b><b><\/b><u><b><\/b><a href=\"https:\/\/www.rivaincorporadora.com.br\/blog\/bicicletario-para-condominio\/?utm_source=chatgpt.com\" target=\"_blank\" rel=\"noopener\"><b>g<\/b><b>uia sobre biciclet\u00e1rios em condom\u00ednios da Riva Incorporadora.<\/b><\/a><b><\/b><\/u><b><\/b><u><b><\/b><\/u><\/p>\n<\/div><div class=\"fusion-title title fusion-title-6 fusion-sep-none fusion-title-text fusion-title-size-five\" style=\"--awb-text-color:var(--awb-color4);--awb-margin-top:40px;\"><h5 class=\"fusion-title-heading title-heading-left fusion-responsive-typography-calculated\" style=\"margin:0;--fontSize:26;line-height:1.2;\"><strong>Loja biciclet\u00e1rio e a import\u00e2ncia do atendimento personalizado<br \/>\n<\/strong><\/h5><\/div><div class=\"fusion-text fusion-text-7 fusion-text-no-margin\" style=\"--awb-line-height:1.8em;--awb-margin-bottom:0px;\"><p>Ao buscar uma fornecedor de biciclet\u00e1rio, \u00e9 fundamental priorizar empresas que ofere\u00e7am atendimento consultivo, com foco nas reais necessidades do cliente. Cada projeto possui dimens\u00f5es, p\u00fablico e tipo de uso espec\u00edficos \u2014 e contar com o suporte de uma equipe especializada pode ser decisivo para o sucesso da instala\u00e7\u00e3o.<\/p>\n<\/div><div class=\"fusion-title title fusion-title-7 fusion-sep-none fusion-title-text fusion-title-size-five\" style=\"--awb-text-color:var(--awb-color4);--awb-margin-top:40px;\"><h5 class=\"fusion-title-heading title-heading-left fusion-responsive-typography-calculated\" style=\"margin:0;--fontSize:26;line-height:1.2;\"><strong>Biciclet\u00e1rios personalizados da Bike F\u00e1cil: design sob medida<\/strong><\/h5><\/div><div class=\"fusion-text fusion-text-8 fusion-text-no-margin\" style=\"--awb-line-height:1.8em;--awb-margin-bottom:0px;\"><p>A Bike F\u00e1cil oferece solu\u00e7\u00f5es exclusivas de <b>biciclet\u00e1rios personalizados<\/b>, ideais para quem busca unir funcionalidade com est\u00e9tica e identidade visual. Nossos modelos s\u00e3o desenvolvidos sob medida para empresas, academias, escolas, centros culturais e espa\u00e7os p\u00fablicos. Personalizamos cores, materiais, logotipos e estruturas, garantindo que o biciclet\u00e1rio seja <b>funcional, resistente e alinhado com a proposta do ambiente.<\/b> Esse servi\u00e7o exclusivo nos destaca como refer\u00eancia nacional quando o assunto \u00e9 loja biciclet\u00e1rio.<\/p>\n<\/div><div class=\"fusion-title title fusion-title-8 fusion-sep-none fusion-title-text fusion-title-size-five\" style=\"--awb-text-color:var(--awb-color4);--awb-margin-top:40px;\"><h5 class=\"fusion-title-heading title-heading-left fusion-responsive-typography-calculated\" style=\"margin:0;--fontSize:26;line-height:1.2;\"><strong>Biciclet\u00e1rios como parte de projetos de sustentabilidade<br \/>\n<\/strong><\/h5><\/div><div class=\"fusion-text fusion-text-9 fusion-text-no-margin\" style=\"--awb-line-height:1.8em;--awb-margin-bottom:0px;\"><p>Integrar biciclet\u00e1rios em espa\u00e7os urbanos faz parte de uma pol\u00edtica de incentivo \u00e0 mobilidade sustent\u00e1vel. Empresas e \u00f3rg\u00e3os p\u00fablicos que oferecem locais seguros para bicicletas contribuem diretamente para a <span data-start=\"2451\" data-end=\"2481\"><b>redu\u00e7\u00e3o de emiss\u00f5es de CO\u2082<\/b><\/span>, tr\u00e1fego urbano e promo\u00e7\u00e3o da sa\u00fade. Em muitos casos, esses investimentos fazem parte de projetos de ESG (Environmental, Social and Governance). A ONU, por exemplo, refor\u00e7a a import\u00e2ncia do transporte ativo para cidades mais sustent\u00e1veis \u2014 como mostra este artigo da <u><b>ONU Habitat.<\/b><\/u><\/p>\n<\/div><div class=\"fusion-title title fusion-title-9 fusion-sep-none fusion-title-text fusion-title-size-five\" style=\"--awb-text-color:var(--awb-color4);--awb-margin-top:40px;\"><h5 class=\"fusion-title-heading title-heading-left fusion-responsive-typography-calculated\" style=\"margin:0;--fontSize:26;line-height:1.2;\"><strong>FAQ: As pessoas tamb\u00e9m perguntam<br \/>\n<\/strong><\/h5><\/div><style type=\"text\/css\">.fusion-faqs-wrapper #accordian-1 .fusion-panel { border-color:var(--awb-custom_color_14); }.fusion-faqs-wrapper #accordian-1 .fusion-panel:hover{ border-color: var(--awb-custom_color_15); }.fusion-accordian #accordian-1 .panel-title a .fa-fusion-box:before{ font-size: 16px;width: 16px;}.fusion-accordian #accordian-1 .panel-title a .fa-fusion-box{ color: var(--awb-color5);}.fusion-accordian  #accordian-1 .panel-title a{font-size:18px;font-family:var(--awb-typography1-font-family);font-weight:var(--awb-typography1-font-weight);font-style:var(--awb-typography1-font-style);}.fusion-accordian  #accordian-1 .panel-title a:not(:hover){color:var(--awb-color6);}.fusion-accordian  #accordian-1 .toggle-content{font-size:18px;line-height:1.4;letter-spacing:-0.05em;color:var(--awb-color6);font-family:var(--awb-typography4-font-family);font-weight:var(--awb-typography4-font-weight);font-style:var(--awb-typography4-font-style);}.fusion-accordian #accordian-1 .fa-fusion-box { background-color: var(--awb-color7) !important;border-color: var(--awb-color7) !important;}.fusion-accordian #accordian-1 .panel-title a:hover,.fusion-accordian #accordian-1 .panel-title a.hover { color: var(--awb-color4);}.fusion-faq-shortcode .fusion-accordian #accordian-1 .fusion-toggle-boxed-mode:hover .panel-title a { color: var(--awb-color4);}.fusion-accordian #accordian-1 .panel-title .active .fa-fusion-box,.fusion-accordian #accordian-1 .panel-title a:hover .fa-fusion-box,.fusion-accordian #accordian-1 .panel-title a.hover .fa-fusion-box { background-color: var(--awb-color4)!important;border-color: var(--awb-color4)!important;}.fusion-faqs-wrapper .fusion-accordian  #accordian-1 .fusion-panel {padding-bottom: 10px;}<\/style><div class=\"fusion-faq-shortcode\" style=\"\"><div class=\"fusion-faqs-wrapper\"><div class=\"accordian fusion-accordian\"><div class=\"panel-group \" id=\"accordian-1\"><div class=\"fusion-panel panel-default fusion-faq-post fusion-faq-post-9252 loja-bicicletario \"><span class=\"entry-title rich-snippet-hidden\">O que \u00e9 uma loja biciclet\u00e1rio?<\/span><span class=\"vcard rich-snippet-hidden\"><span class=\"fn\"><a href=\"https:\/\/bikefacil.com\/author\/design\/\" title=\"Posts de Design\" rel=\"author\">Design<\/a><\/span><\/span><span class=\"updated rich-snippet-hidden\">2025-08-18T11:00:30-03:00<\/span><div class=\"panel-heading\"><h6 id=\"faq_1-9252\" class=\"panel-title toggle\"><a data-toggle=\"collapse\" class=\"collapsed\" data-parent=\"#accordian-1\" data-target=\"#collapse-1-9252\" href=\"#collapse-1-9252\" aria-expanded=\"false\"><div class=\"fusion-toggle-icon-wrapper\"><div class=\"fusion-toggle-icon-wrapper-main\"><div class=\"fusion-toggle-icon-wrapper-sub\"><i class=\"fa-fusion-box active-icon awb-icon-minus\" aria-hidden=\"true\"><\/i><i class=\"fa-fusion-box inactive-icon awb-icon-plus\" aria-hidden=\"true\"><\/i><\/div><\/div><\/div><div class=\"fusion-toggle-heading\">O que \u00e9 uma loja biciclet\u00e1rio?<\/div><\/a><\/h6><\/div><div id=\"collapse-1-9252\" aria-labelledby=\"faq_1-9252\" class=\"panel-collapse collapse\"><div class=\"panel-body toggle-content post-content\"><p>Uma loja biciclet\u00e1rio \u00e9 especializada na venda de estruturas para guardar bicicletas com seguran\u00e7a, ideal para resid\u00eancias, empresas e espa\u00e7os p\u00fablicos.<\/p>\n<\/div><\/div><\/div><div class=\"fusion-panel panel-default fusion-faq-post fusion-faq-post-9257 loja-bicicletario \"><span class=\"entry-title rich-snippet-hidden\">Quais tipos de biciclet\u00e1rio posso comprar?<\/span><span class=\"vcard rich-snippet-hidden\"><span class=\"fn\"><a href=\"https:\/\/bikefacil.com\/author\/design\/\" title=\"Posts de Design\" rel=\"author\">Design<\/a><\/span><\/span><span class=\"updated rich-snippet-hidden\">2025-08-18T11:13:21-03:00<\/span><div class=\"panel-heading\"><h6 id=\"faq_1-9257\" class=\"panel-title toggle\"><a data-toggle=\"collapse\" class=\"collapsed\" data-parent=\"#accordian-1\" data-target=\"#collapse-1-9257\" href=\"#collapse-1-9257\" aria-expanded=\"false\"><div class=\"fusion-toggle-icon-wrapper\"><div class=\"fusion-toggle-icon-wrapper-main\"><div class=\"fusion-toggle-icon-wrapper-sub\"><i class=\"fa-fusion-box active-icon awb-icon-minus\" aria-hidden=\"true\"><\/i><i class=\"fa-fusion-box inactive-icon awb-icon-plus\" aria-hidden=\"true\"><\/i><\/div><\/div><\/div><div class=\"fusion-toggle-heading\">Quais tipos de biciclet\u00e1rio posso comprar?<\/div><\/a><\/h6><\/div><div id=\"collapse-1-9257\" aria-labelledby=\"faq_1-9257\" class=\"panel-collapse collapse\"><div class=\"panel-body toggle-content post-content\"><p data-start=\"2847\" data-end=\"3012\">Voc\u00ea encontra modelos suspensos, de ch\u00e3o e de parede \u2014 cada um com caracter\u00edsticas ideais para diferentes ambientes.<\/p>\n<\/div><\/div><\/div><div class=\"fusion-panel panel-default fusion-faq-post fusion-faq-post-9260 loja-bicicletario \"><span class=\"entry-title rich-snippet-hidden\">Qual o custo m\u00e9dio de um biciclet\u00e1rio?<\/span><span class=\"vcard rich-snippet-hidden\"><span class=\"fn\"><a href=\"https:\/\/bikefacil.com\/author\/design\/\" title=\"Posts de Design\" rel=\"author\">Design<\/a><\/span><\/span><span class=\"updated rich-snippet-hidden\">2025-08-18T11:13:47-03:00<\/span><div class=\"panel-heading\"><h6 id=\"faq_1-9260\" class=\"panel-title toggle\"><a data-toggle=\"collapse\" class=\"collapsed\" data-parent=\"#accordian-1\" data-target=\"#collapse-1-9260\" href=\"#collapse-1-9260\" aria-expanded=\"false\"><div class=\"fusion-toggle-icon-wrapper\"><div class=\"fusion-toggle-icon-wrapper-main\"><div class=\"fusion-toggle-icon-wrapper-sub\"><i class=\"fa-fusion-box active-icon awb-icon-minus\" aria-hidden=\"true\"><\/i><i class=\"fa-fusion-box inactive-icon awb-icon-plus\" aria-hidden=\"true\"><\/i><\/div><\/div><\/div><div class=\"fusion-toggle-heading\">Qual o custo m\u00e9dio de um biciclet\u00e1rio?<\/div><\/a><\/h6><\/div><div id=\"collapse-1-9260\" aria-labelledby=\"faq_1-9260\" class=\"panel-collapse collapse\"><div class=\"panel-body toggle-content post-content\"><p data-start=\"3014\" data-end=\"3143\">Os pre\u00e7os variam, dependendo do modelo, material e acabamento.<\/p>\n<\/div><\/div><\/div><div class=\"fusion-panel panel-default fusion-faq-post fusion-faq-post-9262 loja-bicicletario \"><span class=\"entry-title rich-snippet-hidden\">Como manter o biciclet\u00e1rio seguro?<\/span><span class=\"vcard rich-snippet-hidden\"><span class=\"fn\"><a href=\"https:\/\/bikefacil.com\/author\/design\/\" title=\"Posts de Design\" rel=\"author\">Design<\/a><\/span><\/span><span class=\"updated rich-snippet-hidden\">2025-08-18T11:14:18-03:00<\/span><div class=\"panel-heading\"><h6 id=\"faq_1-9262\" class=\"panel-title toggle\"><a data-toggle=\"collapse\" class=\"collapsed\" data-parent=\"#accordian-1\" data-target=\"#collapse-1-9262\" href=\"#collapse-1-9262\" aria-expanded=\"false\"><div class=\"fusion-toggle-icon-wrapper\"><div class=\"fusion-toggle-icon-wrapper-main\"><div class=\"fusion-toggle-icon-wrapper-sub\"><i class=\"fa-fusion-box active-icon awb-icon-minus\" aria-hidden=\"true\"><\/i><i class=\"fa-fusion-box inactive-icon awb-icon-plus\" aria-hidden=\"true\"><\/i><\/div><\/div><\/div><div class=\"fusion-toggle-heading\">Como manter o biciclet\u00e1rio seguro?<\/div><\/a><\/h6><\/div><div id=\"collapse-1-9262\" aria-labelledby=\"faq_1-9262\" class=\"panel-collapse collapse\"><div class=\"panel-body toggle-content post-content\"><p>Instale com ancoragem adequada, utilize cadeados refor\u00e7ados e mantenha revis\u00f5es peri\u00f3dicas.<\/p>\n<\/div><\/div><\/div><\/div><\/div><\/div><\/div><div class=\"fusion-title title fusion-title-10 fusion-sep-none fusion-title-text fusion-title-size-five\" style=\"--awb-text-color:var(--awb-color4);--awb-margin-top:40px;\"><h5 class=\"fusion-title-heading title-heading-left fusion-responsive-typography-calculated\" style=\"margin:0;--fontSize:26;line-height:1.2;\"><strong>Conclus\u00e3o: Escolha a Bike F\u00e1cil como sua fornecedora biciclet\u00e1rio<br \/>\n<\/strong><\/h5><\/div><div class=\"fusion-text fusion-text-10 fusion-text-no-margin\" style=\"--awb-line-height:1.8em;--awb-margin-bottom:0px;\"><p>Seja para um condom\u00ednio, empresa ou uso pessoal, a <b>Bike F\u00e1cil<\/b> \u00e9 sua fornecedora de <b>biciclet\u00e1rio<\/b> confi\u00e1vel, com solu\u00e7\u00f5es sob medida, design moderno e atendimento especializado.<\/p>\n<p>\ud83d\udc49 Conhe\u00e7a a Bike F\u00e1cil e veja todos os modelos dispon\u00edveis!<br \/>\n\ud83d\udcac Gostou deste conte\u00fado? Compartilhe com amigos que tamb\u00e9m valorizam mobilidade urbana sustent\u00e1vel!<\/p>\n<\/div><div class=\"fusion-separator fusion-full-width-sep\" style=\"align-self: center;margin-left: auto;margin-right: auto;margin-top:40px;width:100%;\"><div class=\"fusion-separator-border sep-single\" style=\"--awb-height:20px;--awb-amount:20px;border-color:var(--awb-color6);border-top-width:0px;\"><\/div><\/div><div class=\"fusion-builder-row fusion-builder-row-inner fusion-row fusion-flex-align-items-flex-start fusion-flex-content-wrap\" style=\"width:103% !important;max-width:103% !important;margin-left: calc(-3% \/ 2 );margin-right: calc(-3% \/ 2 );\"><div class=\"fusion-layout-column fusion_builder_column_inner fusion-builder-nested-column-0 fusion_builder_column_inner_1_1 1_1 fusion-flex-column\" style=\"--awb-padding-top:60px;--awb-padding-right:60px;--awb-padding-bottom:40px;--awb-padding-left:60px;--awb-overflow:hidden;--awb-bg-color:var(--awb-color2);--awb-bg-color-hover:var(--awb-color2);--awb-bg-size:cover;--awb-border-color:var(--awb-color5);--awb-border-color-hover:var(--awb-color4);--awb-border-left:5px;--awb-border-style:solid;--awb-border-radius:20px 20px 20px 20px;--awb-width-large:100%;--awb-spacing-right-large:1.455%;--awb-margin-bottom-large:0px;--awb-spacing-left-large:1.455%;--awb-width-medium:100%;--awb-order-medium:0;--awb-spacing-right-medium:1.455%;--awb-spacing-left-medium:1.455%;--awb-width-small:100%;--awb-order-small:0;--awb-spacing-right-small:1.455%;--awb-spacing-left-small:1.455%;\"><div class=\"fusion-column-wrapper fusion-column-has-shadow fusion-flex-justify-content-flex-start fusion-content-layout-column\"><div class=\"fusion-text fusion-text-11\" style=\"--awb-font-size:20px;--awb-line-height:1.6em;--awb-letter-spacing:-0.01em;--awb-text-color:var(--awb-color6);--awb-text-font-family:var(--awb-typography2-font-family);--awb-text-font-weight:var(--awb-typography2-font-weight);--awb-text-font-style:var(--awb-typography2-font-style);\"><p><strong>Vamos agreguar valor ao seu projeto!<br \/>\n<\/strong>Entre em contato com a Bike F\u00e1cil, somos especialistas em solu\u00e7\u00f5es de mobilidade ativa. E aproveite para explorar outros artigos no nosso blog sobre infraestrutura ciclovi\u00e1ria, inova\u00e7\u00e3o urbana e sustentabilidade.<\/p>\n<\/div><\/div><\/div><\/div><\/div><\/div><\/div><\/div>\n","protected":false},"excerpt":{"rendered":"<p>Get the latest insights, market trends &#038; inspiration!<\/p>\n","protected":false},"author":7,"featured_media":9267,"comment_status":"closed","ping_status":"closed","sticky":false,"template":"","format":"standard","meta":{"_acf_changed":false,"footnotes":""},"categories":[111],"tags":[137,170,171,172,173],"class_list":["post-9251","post","type-post","status-publish","format-standard","has-post-thumbnail","hentry","category-noticias","tag-bicicletario-para-condominio","tag-bicicletario-personalizado","tag-loja-bicicletario","tag-solucoes-de-mobilidade-urbana","tag-suporte-para-bicicleta"],"acf":[],"_links":{"self":[{"href":"https:\/\/bikefacil.com\/?rest_route=\/wp\/v2\/posts\/9251","targetHints":{"allow":["GET"]}}],"collection":[{"href":"https:\/\/bikefacil.com\/?rest_route=\/wp\/v2\/posts"}],"about":[{"href":"https:\/\/bikefacil.com\/?rest_route=\/wp\/v2\/types\/post"}],"author":[{"embeddable":true,"href":"https:\/\/bikefacil.com\/?rest_route=\/wp\/v2\/users\/7"}],"replies":[{"embeddable":true,"href":"https:\/\/bikefacil.com\/?rest_route=%2Fwp%2Fv2%2Fcomments&post=9251"}],"version-history":[{"count":0,"href":"https:\/\/bikefacil.com\/?rest_route=\/wp\/v2\/posts\/9251\/revisions"}],"wp:featuredmedia":[{"embeddable":true,"href":"https:\/\/bikefacil.com\/?rest_route=\/wp\/v2\/media\/9267"}],"wp:attachment":[{"href":"https:\/\/bikefacil.com\/?rest_route=%2Fwp%2Fv2%2Fmedia&parent=9251"}],"wp:term":[{"taxonomy":"category","embeddable":true,"href":"https:\/\/bikefacil.com\/?rest_route=%2Fwp%2Fv2%2Fcategories&post=9251"},{"taxonomy":"post_tag","embeddable":true,"href":"https:\/\/bikefacil.com\/?rest_route=%2Fwp%2Fv2%2Ftags&post=9251"}],"curies":[{"name":"wp","href":"https:\/\/api.w.org\/{rel}","templated":true}]}}