{"id":9595,"date":"2025-08-17T18:25:53","date_gmt":"2025-08-17T21:25:53","guid":{"rendered":"https:\/\/bikefacil.com\/?p=9595"},"modified":"2025-08-22T15:12:23","modified_gmt":"2025-08-22T18:12:23","slug":"bike-facil-no-web-summit-rio-2025","status":"publish","type":"post","link":"https:\/\/bikefacil.com\/imprensa\/bike-facil-no-web-summit-rio-2025\/","title":{"rendered":"Bike F\u00e1cil no Web Summit Rio 2025"},"content":{"rendered":"<div class=\"fusion-fullwidth fullwidth-box fusion-builder-row-1 fusion-flex-container has-pattern-background has-mask-background nonhundred-percent-fullwidth non-hundred-percent-height-scrolling\" style=\"--awb-border-radius-top-left:0px;--awb-border-radius-top-right:0px;--awb-border-radius-bottom-right:0px;--awb-border-radius-bottom-left:0px;--awb-margin-top-small:40px;--awb-flex-wrap:wrap;\" ><div class=\"fusion-builder-row fusion-row fusion-flex-align-items-flex-start fusion-flex-content-wrap\" style=\"max-width:1318.4px;margin-left: calc(-3% \/ 2 );margin-right: calc(-3% \/ 2 );\"><div class=\"fusion-layout-column fusion_builder_column fusion-builder-column-0 fusion_builder_column_1_1 1_1 fusion-flex-column blog-conteudo\" style=\"--awb-bg-size:cover;--awb-width-large:100%;--awb-spacing-right-large:1.455%;--awb-margin-bottom-large:0px;--awb-spacing-left-large:1.455%;--awb-width-medium:100%;--awb-order-medium:0;--awb-spacing-right-medium:1.455%;--awb-spacing-left-medium:1.455%;--awb-width-small:100%;--awb-order-small:0;--awb-spacing-right-small:1.455%;--awb-spacing-left-small:1.455%;\"><div class=\"fusion-column-wrapper fusion-column-has-shadow fusion-flex-justify-content-flex-start fusion-content-layout-column\"><div class=\"fusion-separator fusion-has-icon fusion-full-width-sep\" style=\"align-self: center;margin-left: auto;margin-right: auto;margin-top:30px;margin-bottom:30px;width:100%;max-width:100%;\"><div class=\"fusion-separator-border sep-single sep-solid\" style=\"--awb-height:20px;--awb-amount:20px;--awb-sep-color:var(--awb-custom_color_14);border-color:var(--awb-custom_color_14);border-top-width:1px;\"><\/div><span class=\"icon-wrapper\" style=\"border-color:transparent;font-size:26px;width: 1.75em; height: 1.75em;border-width:1px;padding:1px;margin-top:-0.5px\"><i class=\"icon-bkf-BKF_ICONES_1X1_PRETO-96\" style=\"font-size: inherit;color:var(--awb-color6);\" aria-hidden=\"true\"><\/i><\/span><div class=\"fusion-separator-border sep-single sep-solid\" style=\"--awb-height:20px;--awb-amount:20px;--awb-sep-color:var(--awb-custom_color_14);border-color:var(--awb-custom_color_14);border-top-width:1px;\"><\/div><\/div><div class=\"fusion-text fusion-text-1 fusion-text-no-margin\" style=\"--awb-line-height:1.8em;--awb-margin-bottom:0px;\"><span class=\"fusion-dropcap dropcap\" style=\"--awb-color:var(--awb-custom_color_1);\">A<\/span>\n<p>Bike F\u00e1cil marcou presen\u00e7a no Web Summit Rio 2025, um dos maiores e mais relevantes eventos de tecnologia, inova\u00e7\u00e3o e empreendedorismo do mundo. Reunindo empresas, investidores, gestores p\u00fablicos e especialistas globais, o evento foi um espa\u00e7o estrat\u00e9gico para apresentar solu\u00e7\u00f5es que transformam o futuro das cidades e da mobilidade urbana.<\/p>\n<\/div><div class=\"fusion-separator fusion-full-width-sep\" style=\"align-self: center;margin-left: auto;margin-right: auto;margin-top:40px;margin-bottom:10px;width:100%;\"><div class=\"fusion-separator-border sep-single\" style=\"--awb-height:20px;--awb-amount:20px;--awb-sep-color:var(--awb-custom_color_14);border-color:var(--awb-custom_color_14);border-top-width:1px;\"><\/div><\/div><div class=\"fusion-title title fusion-title-1 fusion-sep-none fusion-title-text fusion-title-size-five\" style=\"--awb-text-color:var(--awb-color4);--awb-margin-top:40px;\"><h5 class=\"fusion-title-heading title-heading-left fusion-responsive-typography-calculated\" style=\"margin:0;--fontSize:26;line-height:1.2;\"><strong>HUBMOB \u2013 Um projeto pioneiro para cidades inteligentes<br \/>\n<\/strong><\/h5><\/div><div class=\"fusion-text fusion-text-2 fusion-text-no-margin\" style=\"--awb-line-height:1.8em;--awb-margin-bottom:0px;\"><p>Durante o evento, a Bike F\u00e1cil apresentou o HUBMOB \u2013 Hub de Mobilidade Sustent\u00e1vel, fruto de uma colabora\u00e7\u00e3o com a Coppe\/UFRJ, UFF e IFPR, fortalecendo a uni\u00e3o entre pesquisa acad\u00eamica e desenvolvimento tecnol\u00f3gico nacional. O projeto recebeu um aporte de R$ 9,1 milh\u00f5es da Finep para impulsionar o primeiro sistema brasileiro de bicicletas compartilhadas movidas a hidrog\u00eanio verde.<\/p>\n<\/div><div class=\"fusion-title title fusion-title-2 fusion-sep-none fusion-title-text fusion-title-size-five\" style=\"--awb-text-color:var(--awb-color4);--awb-margin-top:40px;\"><h5 class=\"fusion-title-heading title-heading-left fusion-responsive-typography-calculated\" style=\"margin:0;--fontSize:26;line-height:1.2;\"><strong>Solu\u00e7\u00e3o integrada e sustent\u00e1vel<br \/>\n<\/strong><\/h5><\/div><div class=\"fusion-text fusion-text-3 fusion-text-no-margin\" style=\"--awb-line-height:1.8em;--awb-margin-bottom:0px;\"><p>O HUBMOB vai muito al\u00e9m das bicicletas el\u00e9tricas, reunindo solu\u00e7\u00f5es que integram tecnologia, sustentabilidade e mobilidade:<\/p>\n<ul>\n<li>Bicicletas el\u00e9tricas movidas a hidrog\u00eanio verde, com autonomia triplicada;<\/li>\n<li>Triciclos de carga sustent\u00e1vel, para o transporte de mercadorias;<\/li>\n<li>Paraciclos inteligentes, que conectam diferentes modais;<\/li>\n<li>Aplicativo MaaS (Mobility as a Service), centralizando os servi\u00e7os em uma \u00fanica plataforma digital.<\/li>\n<\/ul>\n<p>Essas solu\u00e7\u00f5es avan\u00e7adas promovem efici\u00eancia e impactos ambientais positivos, como a redu\u00e7\u00e3o de at\u00e9 2 kg de CO\u2082 por ve\u00edculo por m\u00eas, al\u00e9m de oferecer experi\u00eancias mais seguras e pr\u00e1ticas para os usu\u00e1rios.<\/p>\n<\/div><div class=\"fusion-title title fusion-title-3 fusion-sep-none fusion-title-text fusion-title-size-five\" style=\"--awb-text-color:var(--awb-color4);--awb-margin-top:40px;\"><h5 class=\"fusion-title-heading title-heading-left fusion-responsive-typography-calculated\" style=\"margin:0;--fontSize:26;line-height:1.2;\"><strong>Expans\u00e3o e pr\u00f3ximos passos<br \/>\n<\/strong><\/h5><\/div><div class=\"fusion-text fusion-text-4 fusion-text-no-margin\" style=\"--awb-line-height:1.8em;--awb-margin-bottom:0px;\"><p>A opera\u00e7\u00e3o-piloto do HUBMOB est\u00e1 prevista para come\u00e7ar em 2026, nas cidades de Pinhais (PR) e Niter\u00f3i (RJ). Atualmente, a Bike F\u00e1cil j\u00e1 est\u00e1 presente em mais de 50 cidades brasileiras e prepara sua expans\u00e3o internacional para Argentina, Chile e Col\u00f4mbia.<\/p>\n<\/div><div class=\"fusion-title title fusion-title-4 fusion-sep-none fusion-title-text fusion-title-size-five\" style=\"--awb-text-color:var(--awb-color4);--awb-margin-top:40px;\"><h5 class=\"fusion-title-heading title-heading-left fusion-responsive-typography-calculated\" style=\"margin:0;--fontSize:26;line-height:1.2;\"><strong>Um marco para a trajet\u00f3ria da Bike F\u00e1cil<\/strong><\/h5><\/div><div class=\"fusion-text fusion-text-5 fusion-text-no-margin\" style=\"--awb-line-height:1.8em;--awb-margin-bottom:0px;\"><p>Participar do Web Summit \u00e9 mais do que uma vitrine: \u00e9 um marco que refor\u00e7a o compromisso da Bike F\u00e1cil com a inova\u00e7\u00e3o e com o desenvolvimento de solu\u00e7\u00f5es de mobilidade sustent\u00e1vel alinhadas \u00e0s demandas de cidades inteligentes e \u00e0s pol\u00edticas ESG.<\/p>\n<p>Nossa participa\u00e7\u00e3o abre caminho para novas colabora\u00e7\u00f5es e reafirma o nosso prop\u00f3sito: tornar as cidades mais cicl\u00e1veis e transformar a mobilidade em vantagem competitiva para cidades, empresas e pessoas.<\/p>\n<\/div><div class=\"fusion-separator fusion-full-width-sep\" style=\"align-self: center;margin-left: auto;margin-right: auto;margin-top:40px;width:100%;\"><div class=\"fusion-separator-border sep-single\" style=\"--awb-height:20px;--awb-amount:20px;border-color:var(--awb-color6);border-top-width:0px;\"><\/div><\/div><\/div><\/div><\/div><\/div>\n","protected":false},"excerpt":{"rendered":"<p>Get the latest insights, market trends &#038; inspiration!<\/p>\n","protected":false},"author":7,"featured_media":9631,"comment_status":"closed","ping_status":"closed","sticky":false,"template":"","format":"standard","meta":{"_acf_changed":false,"footnotes":""},"categories":[128],"tags":[],"class_list":["post-9595","post","type-post","status-publish","format-standard","has-post-thumbnail","hentry","category-imprensa"],"acf":[],"_links":{"self":[{"href":"https:\/\/bikefacil.com\/?rest_route=\/wp\/v2\/posts\/9595","targetHints":{"allow":["GET"]}}],"collection":[{"href":"https:\/\/bikefacil.com\/?rest_route=\/wp\/v2\/posts"}],"about":[{"href":"https:\/\/bikefacil.com\/?rest_route=\/wp\/v2\/types\/post"}],"author":[{"embeddable":true,"href":"https:\/\/bikefacil.com\/?rest_route=\/wp\/v2\/users\/7"}],"replies":[{"embeddable":true,"href":"https:\/\/bikefacil.com\/?rest_route=%2Fwp%2Fv2%2Fcomments&post=9595"}],"version-history":[{"count":0,"href":"https:\/\/bikefacil.com\/?rest_route=\/wp\/v2\/posts\/9595\/revisions"}],"wp:featuredmedia":[{"embeddable":true,"href":"https:\/\/bikefacil.com\/?rest_route=\/wp\/v2\/media\/9631"}],"wp:attachment":[{"href":"https:\/\/bikefacil.com\/?rest_route=%2Fwp%2Fv2%2Fmedia&parent=9595"}],"wp:term":[{"taxonomy":"category","embeddable":true,"href":"https:\/\/bikefacil.com\/?rest_route=%2Fwp%2Fv2%2Fcategories&post=9595"},{"taxonomy":"post_tag","embeddable":true,"href":"https:\/\/bikefacil.com\/?rest_route=%2Fwp%2Fv2%2Ftags&post=9595"}],"curies":[{"name":"wp","href":"https:\/\/api.w.org\/{rel}","templated":true}]}}