{"id":9608,"date":"2025-08-16T18:20:44","date_gmt":"2025-08-16T21:20:44","guid":{"rendered":"https:\/\/bikefacil.com\/?p=9608"},"modified":"2025-08-22T15:12:25","modified_gmt":"2025-08-22T18:12:25","slug":"bike-facil-conquista-r-91-milhoes-para-transformar-micromobilidade-urbana","status":"publish","type":"post","link":"https:\/\/bikefacil.com\/imprensa\/bike-facil-conquista-r-91-milhoes-para-transformar-micromobilidade-urbana\/","title":{"rendered":"Bike F\u00e1cil conquista R$ 9,1 milh\u00f5es para transformar micromobilidade urbana"},"content":{"rendered":"<div class=\"fusion-fullwidth fullwidth-box fusion-builder-row-1 fusion-flex-container has-pattern-background has-mask-background nonhundred-percent-fullwidth non-hundred-percent-height-scrolling\" style=\"--awb-border-radius-top-left:0px;--awb-border-radius-top-right:0px;--awb-border-radius-bottom-right:0px;--awb-border-radius-bottom-left:0px;--awb-margin-top-small:40px;--awb-flex-wrap:wrap;\" ><div class=\"fusion-builder-row fusion-row fusion-flex-align-items-flex-start fusion-flex-content-wrap\" style=\"max-width:1318.4px;margin-left: calc(-3% \/ 2 );margin-right: calc(-3% \/ 2 );\"><div class=\"fusion-layout-column fusion_builder_column fusion-builder-column-0 fusion_builder_column_1_1 1_1 fusion-flex-column blog-conteudo\" style=\"--awb-bg-size:cover;--awb-width-large:100%;--awb-spacing-right-large:1.455%;--awb-margin-bottom-large:0px;--awb-spacing-left-large:1.455%;--awb-width-medium:100%;--awb-order-medium:0;--awb-spacing-right-medium:1.455%;--awb-spacing-left-medium:1.455%;--awb-width-small:100%;--awb-order-small:0;--awb-spacing-right-small:1.455%;--awb-spacing-left-small:1.455%;\"><div class=\"fusion-column-wrapper fusion-column-has-shadow fusion-flex-justify-content-flex-start fusion-content-layout-column\"><div class=\"fusion-separator fusion-has-icon fusion-full-width-sep\" style=\"align-self: center;margin-left: auto;margin-right: auto;margin-top:30px;margin-bottom:30px;width:100%;max-width:100%;\"><div class=\"fusion-separator-border sep-single sep-solid\" style=\"--awb-height:20px;--awb-amount:20px;--awb-sep-color:var(--awb-custom_color_14);border-color:var(--awb-custom_color_14);border-top-width:1px;\"><\/div><span class=\"icon-wrapper\" style=\"border-color:transparent;font-size:26px;width: 1.75em; height: 1.75em;border-width:1px;padding:1px;margin-top:-0.5px\"><i class=\"icon-bkf-BKF_ICONES_1X1_PRETO-96\" style=\"font-size: inherit;color:var(--awb-color6);\" aria-hidden=\"true\"><\/i><\/span><div class=\"fusion-separator-border sep-single sep-solid\" style=\"--awb-height:20px;--awb-amount:20px;--awb-sep-color:var(--awb-custom_color_14);border-color:var(--awb-custom_color_14);border-top-width:1px;\"><\/div><\/div><div class=\"fusion-text fusion-text-1 fusion-text-no-margin\" style=\"--awb-line-height:1.8em;--awb-margin-bottom:0px;\"><span class=\"fusion-dropcap dropcap\" style=\"--awb-color:var(--awb-custom_color_1);\">A<\/span>\n<p>startup paranaense Bike F\u00e1cil, sediada em Pinhais (PR), alcan\u00e7ou um marco significativo ao captar R$ 9,1 milh\u00f5es em subven\u00e7\u00e3o da Finep para viabilizar o desenvolvimento do seu novo projeto, o HUBMOB \u2013 Hub de Mobilidade Sustent\u00e1vel. Essa iniciativa, considerada pioneira no Brasil, foi devidamente destacada pelo Sebrae\/PR como caso de inova\u00e7\u00e3o de impacto social e tecnol\u00f3gico.<\/p>\n<\/div><div class=\"fusion-separator fusion-full-width-sep\" style=\"align-self: center;margin-left: auto;margin-right: auto;margin-top:40px;margin-bottom:10px;width:100%;\"><div class=\"fusion-separator-border sep-single\" style=\"--awb-height:20px;--awb-amount:20px;--awb-sep-color:var(--awb-custom_color_14);border-color:var(--awb-custom_color_14);border-top-width:1px;\"><\/div><\/div><div class=\"fusion-title title fusion-title-1 fusion-sep-none fusion-title-text fusion-title-size-five\" style=\"--awb-text-color:var(--awb-color4);--awb-margin-top:40px;\"><h5 class=\"fusion-title-heading title-heading-left fusion-responsive-typography-calculated\" style=\"margin:0;--fontSize:26;line-height:1.2;\"><strong>Ecossistema de inova\u00e7\u00e3o e coopera\u00e7\u00e3o estrat\u00e9gica<br \/>\n<\/strong><\/h5><\/div><div class=\"fusion-text fusion-text-2 fusion-text-no-margin\" style=\"--awb-line-height:1.8em;--awb-margin-bottom:0px;\"><p>O sucesso do HUBMOB nasceu dentro do ecossistema Conecta Pinhais, que re\u00fane universidades como UFRJ, UFF e IFPR, al\u00e9m do Sebrae\/PR, governo municipal e outras startups. Esse ambiente colaborativo foi essencial na elabora\u00e7\u00e3o e no fortalecimento da proposta submetida \u00e0 Finep.<\/p>\n<\/div><div class=\"fusion-title title fusion-title-2 fusion-sep-none fusion-title-text fusion-title-size-five\" style=\"--awb-text-color:var(--awb-color4);--awb-margin-top:40px;\"><h5 class=\"fusion-title-heading title-heading-left fusion-responsive-typography-calculated\" style=\"margin:0;--fontSize:26;line-height:1.2;\"><strong>Uma solu\u00e7\u00e3o integrada para cidades inteligentes<br \/>\n<\/strong><\/h5><\/div><div class=\"fusion-text fusion-text-3 fusion-text-no-margin\" style=\"--awb-line-height:1.8em;--awb-margin-bottom:0px;\"><p>O HUBMOB inova ao integrar diferentes tecnologias e modais urbanos:<br \/>Bicicletas el\u00e9tricas movidas a hidrog\u00eanio verde;<\/p>\n<ul>\n<li>Triciclos de carga sustent\u00e1vel;<\/li>\n<li>Lockers inteligentes para guarda segura das bicicletas;<\/li>\n<li>Aplicativo MaaS (Mobility as a Service) como plataforma centralizadora<\/li>\n<\/ul>\n<p>Esse sistema fortalece a infraestrutura ciclovi\u00e1ria e permite uma redu\u00e7\u00e3o estimada de at\u00e9 2 kg de CO\u2082 por ve\u00edculo ao m\u00eas, contribuindo efetivamente para a descarboniza\u00e7\u00e3o das cidades.<\/p>\n<\/div><div class=\"fusion-title title fusion-title-3 fusion-sep-none fusion-title-text fusion-title-size-five\" style=\"--awb-text-color:var(--awb-color4);--awb-margin-top:40px;\"><h5 class=\"fusion-title-heading title-heading-left fusion-responsive-typography-calculated\" style=\"margin:0;--fontSize:26;line-height:1.2;\"><strong>Pr\u00f3ximos passos e expans\u00e3o regional<br \/>\n<\/strong><\/h5><\/div><div class=\"fusion-text fusion-text-4 fusion-text-no-margin\" style=\"--awb-line-height:1.8em;--awb-margin-bottom:0px;\"><p>A opera\u00e7\u00e3o-piloto do HUBMOB est\u00e1 prevista para come\u00e7ar em 2026, em Pinhais (PR) e Niter\u00f3i (RJ). A Bike F\u00e1cil, atualmente com projetos em mais de 50 munic\u00edpios brasileiros, j\u00e1 planeja sua expans\u00e3o internacional para Argentina, Chile e Col\u00f4mbia.<\/p>\n<\/div><div class=\"fusion-title title fusion-title-4 fusion-sep-none fusion-title-text fusion-title-size-five\" style=\"--awb-text-color:var(--awb-color4);--awb-margin-top:40px;\"><h5 class=\"fusion-title-heading title-heading-left fusion-responsive-typography-calculated\" style=\"margin:0;--fontSize:26;line-height:1.2;\"><strong>Um marco para a trajet\u00f3ria da Bike F\u00e1cil<\/strong><\/h5><\/div><div class=\"fusion-text fusion-text-5 fusion-text-no-margin\" style=\"--awb-line-height:1.8em;--awb-margin-bottom:0px;\"><p>Participar do Web Summit \u00e9 mais do que uma vitrine: \u00e9 um marco que refor\u00e7a o compromisso da Bike F\u00e1cil com a inova\u00e7\u00e3o e com o desenvolvimento de solu\u00e7\u00f5es de mobilidade sustent\u00e1vel alinhadas \u00e0s demandas de cidades inteligentes e \u00e0s pol\u00edticas ESG.<\/p>\n<p>Nossa participa\u00e7\u00e3o abre caminho para novas colabora\u00e7\u00f5es e reafirma o nosso prop\u00f3sito: tornar as cidades mais cicl\u00e1veis e transformar a mobilidade em vantagem competitiva para cidades, empresas e pessoas.<\/p>\n<\/div><div class=\"fusion-separator fusion-full-width-sep\" style=\"align-self: center;margin-left: auto;margin-right: auto;margin-top:40px;margin-bottom:40px;width:100%;\"><div class=\"fusion-separator-border sep-single\" style=\"--awb-height:20px;--awb-amount:20px;--awb-sep-color:var(--awb-custom_color_14);border-color:var(--awb-custom_color_14);border-top-width:1px;\"><\/div><\/div><div class=\"fusion-text fusion-text-6 fusion-text-no-margin\" style=\"--awb-line-height:1.8em;--awb-margin-bottom:0px;\"><p>Leia&nbsp; a mat\u00e9ria completa no:<\/p>\n<\/div><div ><a class=\"fusion-button button-flat button-medium button-custom fusion-button-default button-1 fusion-button-default-span fusion-button-default-type\" style=\"--button_accent_color:var(--awb-color3);--button_accent_hover_color:var(--awb-color5);--button_border_hover_color:var(--awb-color5);--button-border-radius-top-left:6px;--button-border-radius-top-right:6px;--button-border-radius-bottom-right:6px;--button-border-radius-bottom-left:6px;--button_gradient_top_color:var(--awb-color8);--button_gradient_bottom_color:var(--awb-color8);--button_gradient_top_color_hover:var(--awb-color4);--button_gradient_bottom_color_hover:var(--awb-color4);--button_text_transform:none;--button_margin-top:20px;\" target=\"_blank\" rel=\"noopener noreferrer\" href=\"https:\/\/pr.agenciasebrae.com.br\/cultura-empreendedora\/startup-paranaense-capta-r-91-milhoes-para-desenvolver-modelo-de-micromobilidade-urbana\/#:~:text=A%20startup%20paranaense%20Bike%20F%C3%A1cil,primeiro%20sistema%20brasileiro%20de%20micromobilidade.\"><span class=\"fusion-button-text awb-button__text awb-button__text--default\">Ag\u00eancia SEBRAE<\/span><\/a><\/div><div class=\"fusion-separator fusion-full-width-sep\" style=\"align-self: center;margin-left: auto;margin-right: auto;margin-top:40px;width:100%;\"><div class=\"fusion-separator-border sep-single\" style=\"--awb-height:20px;--awb-amount:20px;border-color:var(--awb-color6);border-top-width:0px;\"><\/div><\/div><\/div><\/div><\/div><\/div>\n","protected":false},"excerpt":{"rendered":"<p>Get the latest insights, market trends &#038; inspiration!<\/p>\n","protected":false},"author":7,"featured_media":9632,"comment_status":"closed","ping_status":"closed","sticky":false,"template":"","format":"standard","meta":{"_acf_changed":false,"footnotes":""},"categories":[128],"tags":[],"class_list":["post-9608","post","type-post","status-publish","format-standard","has-post-thumbnail","hentry","category-imprensa"],"acf":[],"_links":{"self":[{"href":"https:\/\/bikefacil.com\/?rest_route=\/wp\/v2\/posts\/9608","targetHints":{"allow":["GET"]}}],"collection":[{"href":"https:\/\/bikefacil.com\/?rest_route=\/wp\/v2\/posts"}],"about":[{"href":"https:\/\/bikefacil.com\/?rest_route=\/wp\/v2\/types\/post"}],"author":[{"embeddable":true,"href":"https:\/\/bikefacil.com\/?rest_route=\/wp\/v2\/users\/7"}],"replies":[{"embeddable":true,"href":"https:\/\/bikefacil.com\/?rest_route=%2Fwp%2Fv2%2Fcomments&post=9608"}],"version-history":[{"count":0,"href":"https:\/\/bikefacil.com\/?rest_route=\/wp\/v2\/posts\/9608\/revisions"}],"wp:featuredmedia":[{"embeddable":true,"href":"https:\/\/bikefacil.com\/?rest_route=\/wp\/v2\/media\/9632"}],"wp:attachment":[{"href":"https:\/\/bikefacil.com\/?rest_route=%2Fwp%2Fv2%2Fmedia&parent=9608"}],"wp:term":[{"taxonomy":"category","embeddable":true,"href":"https:\/\/bikefacil.com\/?rest_route=%2Fwp%2Fv2%2Fcategories&post=9608"},{"taxonomy":"post_tag","embeddable":true,"href":"https:\/\/bikefacil.com\/?rest_route=%2Fwp%2Fv2%2Ftags&post=9608"}],"curies":[{"name":"wp","href":"https:\/\/api.w.org\/{rel}","templated":true}]}}