{"id":9613,"date":"2025-08-16T18:15:58","date_gmt":"2025-08-16T21:15:58","guid":{"rendered":"https:\/\/bikefacil.com\/?p=9613"},"modified":"2025-08-22T15:12:27","modified_gmt":"2025-08-22T18:12:27","slug":"bike-facil-entre-as-100-empresas-mais-influentes-em-mobilidade-urbana-no-brasil","status":"publish","type":"post","link":"https:\/\/bikefacil.com\/imprensa\/bike-facil-entre-as-100-empresas-mais-influentes-em-mobilidade-urbana-no-brasil\/","title":{"rendered":"Bike F\u00e1cil entre as 100 Empresas Mais Influentes em Mobilidade Urbana no Brasil"},"content":{"rendered":"<div class=\"fusion-fullwidth fullwidth-box fusion-builder-row-1 fusion-flex-container has-pattern-background has-mask-background nonhundred-percent-fullwidth non-hundred-percent-height-scrolling\" style=\"--awb-border-radius-top-left:0px;--awb-border-radius-top-right:0px;--awb-border-radius-bottom-right:0px;--awb-border-radius-bottom-left:0px;--awb-margin-top-small:40px;--awb-flex-wrap:wrap;\" ><div class=\"fusion-builder-row fusion-row fusion-flex-align-items-flex-start fusion-flex-content-wrap\" style=\"max-width:1318.4px;margin-left: calc(-3% \/ 2 );margin-right: calc(-3% \/ 2 );\"><div class=\"fusion-layout-column fusion_builder_column fusion-builder-column-0 fusion_builder_column_1_1 1_1 fusion-flex-column blog-conteudo\" style=\"--awb-bg-size:cover;--awb-width-large:100%;--awb-spacing-right-large:1.455%;--awb-margin-bottom-large:0px;--awb-spacing-left-large:1.455%;--awb-width-medium:100%;--awb-order-medium:0;--awb-spacing-right-medium:1.455%;--awb-spacing-left-medium:1.455%;--awb-width-small:100%;--awb-order-small:0;--awb-spacing-right-small:1.455%;--awb-spacing-left-small:1.455%;\"><div class=\"fusion-column-wrapper fusion-column-has-shadow fusion-flex-justify-content-flex-start fusion-content-layout-column\"><div class=\"fusion-separator fusion-has-icon fusion-full-width-sep\" style=\"align-self: center;margin-left: auto;margin-right: auto;margin-top:30px;margin-bottom:30px;width:100%;max-width:100%;\"><div class=\"fusion-separator-border sep-single sep-solid\" style=\"--awb-height:20px;--awb-amount:20px;--awb-sep-color:var(--awb-custom_color_14);border-color:var(--awb-custom_color_14);border-top-width:1px;\"><\/div><span class=\"icon-wrapper\" style=\"border-color:transparent;font-size:26px;width: 1.75em; height: 1.75em;border-width:1px;padding:1px;margin-top:-0.5px\"><i class=\"icon-bkf-BKF_ICONES_1X1_PRETO-96\" style=\"font-size: inherit;color:var(--awb-color6);\" aria-hidden=\"true\"><\/i><\/span><div class=\"fusion-separator-border sep-single sep-solid\" style=\"--awb-height:20px;--awb-amount:20px;--awb-sep-color:var(--awb-custom_color_14);border-color:var(--awb-custom_color_14);border-top-width:1px;\"><\/div><\/div><div class=\"fusion-text fusion-text-1 fusion-text-no-margin\" style=\"--awb-line-height:1.8em;--awb-margin-bottom:0px;\"><span class=\"fusion-dropcap dropcap\" style=\"--awb-color:var(--awb-custom_color_1);\">A<\/span>\n<p>Bike F\u00e1cil, refer\u00eancia nacional em solu\u00e7\u00f5es de micromobilidade, foi reconhecida como uma das 100 empresas mais influentes em mobilidade urbana no pa\u00eds. Esse destaque reafirma nosso papel como protagonistas no desenvolvimento de solu\u00e7\u00f5es sustent\u00e1veis, inovadoras e alinhadas \u00e0s pr\u00e1ticas de ESG (Ambiental, Social e Governan\u00e7a).<\/p>\n<\/div><div class=\"fusion-separator fusion-full-width-sep\" style=\"align-self: center;margin-left: auto;margin-right: auto;margin-top:40px;margin-bottom:10px;width:100%;\"><div class=\"fusion-separator-border sep-single\" style=\"--awb-height:20px;--awb-amount:20px;--awb-sep-color:var(--awb-custom_color_14);border-color:var(--awb-custom_color_14);border-top-width:1px;\"><\/div><\/div><div class=\"fusion-title title fusion-title-1 fusion-sep-none fusion-title-text fusion-title-size-five\" style=\"--awb-text-color:var(--awb-color4);--awb-margin-top:40px;\"><h5 class=\"fusion-title-heading title-heading-left fusion-responsive-typography-calculated\" style=\"margin:0;--fontSize:26;line-height:1.2;\"><strong>O que significa esse reconhecimento?<br \/>\n<\/strong><\/h5><\/div><div class=\"fusion-text fusion-text-2 fusion-text-no-margin\" style=\"--awb-line-height:1.8em;--awb-margin-bottom:0px;\"><p>A sele\u00e7\u00e3o das <b>100 empresas mais influentes em mobilidade urbana<\/b> \u00e9 resultado de um estudo criterioso realizado pela <b><u>Connected Smart Cities<\/u><\/b> em parceria com o <b><u>Estad\u00e3o Mobilidade<\/u><\/b>. Avaliadas com base em crit\u00e9rios como inova\u00e7\u00e3o, pr\u00e1ticas de ESG e impacto transformador no setor, as empresas selecionadas se destacam por liderar mudan\u00e7as positivas no transporte <b><u><a href=\"http:\/\/urbano100maisinfluentes.connectedsmartcities.com.brparquedamobilidadeurbana.com.br\/\" target=\"_blank\" rel=\"noopener noreferrer\">urbano<\/a><\/u><\/b>.<\/p>\n<\/div><div class=\"fusion-title title fusion-title-2 fusion-sep-none fusion-title-text fusion-title-size-five\" style=\"--awb-text-color:var(--awb-color4);--awb-margin-top:40px;\"><h5 class=\"fusion-title-heading title-heading-left fusion-responsive-typography-calculated\" style=\"margin:0;--fontSize:26;line-height:1.2;\"><strong>O que representa para n\u00f3s:<br \/>\n<\/strong><\/h5><\/div><div class=\"fusion-text fusion-text-3 fusion-text-no-margin\" style=\"--awb-line-height:1.8em;--awb-margin-bottom:0px;\"><ul>\n<li><b>Valida\u00e7\u00e3o do nosso impacto:<\/b> estar entre as selecionadas confirma a efetividade das nossas solu\u00e7\u00f5es em transformar a mobilidade urbana, ampliando o acesso \u00e0 mobilidade ativa e sustent\u00e1vel.<\/li>\n<li><b>Reconhecimento institucional:<\/b> fortalece nossa credibilidade junto a clientes, governos, investidores e parceiros do setor.<\/li>\n<li><b>Compromisso com o futuro urbano:<\/b> reflete nossa capacidade de inovar com responsabilidade social e ambiental, alinhados \u00e0s expectativas de cidades mais conectadas, humanas e inclusivas.<\/li>\n<\/ul>\n<p>Esse reconhecimento fortalece nossa miss\u00e3o: <b>tornar as cidades mais cicl\u00e1veis!<br \/>\n<\/b><br \/>\nCom solu\u00e7\u00f5es inteligentes de mobilidade urbana cada vez mais cidades e empreendimentos \u2014 transformando deslocamento em oportunidade, efici\u00eancia e qualidade de vida.<\/p>\n<\/div><div class=\"fusion-separator fusion-full-width-sep\" style=\"align-self: center;margin-left: auto;margin-right: auto;margin-top:40px;margin-bottom:40px;width:100%;\"><div class=\"fusion-separator-border sep-single\" style=\"--awb-height:20px;--awb-amount:20px;--awb-sep-color:var(--awb-custom_color_14);border-color:var(--awb-custom_color_14);border-top-width:1px;\"><\/div><\/div><div class=\"fusion-text fusion-text-4 fusion-text-no-margin\" style=\"--awb-line-height:1.8em;--awb-margin-bottom:0px;\"><p>Leia\u00a0 a mat\u00e9ria completa no:<\/p>\n<\/div><div ><a class=\"fusion-button button-flat button-medium button-custom fusion-button-default button-1 fusion-button-default-span fusion-button-default-type\" style=\"--button_accent_color:var(--awb-color3);--button_accent_hover_color:var(--awb-color5);--button_border_hover_color:var(--awb-color5);--button-border-radius-top-left:6px;--button-border-radius-top-right:6px;--button-border-radius-bottom-right:6px;--button-border-radius-bottom-left:6px;--button_gradient_top_color:var(--awb-color8);--button_gradient_bottom_color:var(--awb-color8);--button_gradient_top_color_hover:var(--awb-color4);--button_gradient_bottom_color_hover:var(--awb-color4);--button_text_transform:none;--button_margin-top:20px;\" target=\"_blank\" rel=\"noopener noreferrer\" href=\"https:\/\/mobilidade.estadao.com.br\/inovacao\/comeca-o-levantamento-das-100-empresas-mais-influentes-em-mobilidade\/\"><span class=\"fusion-button-text awb-button__text awb-button__text--default\">Mobilidade Estad\u00e3o<\/span><\/a><\/div><div class=\"fusion-separator fusion-full-width-sep\" style=\"align-self: center;margin-left: auto;margin-right: auto;margin-top:40px;width:100%;\"><div class=\"fusion-separator-border sep-single\" style=\"--awb-height:20px;--awb-amount:20px;border-color:var(--awb-color6);border-top-width:0px;\"><\/div><\/div><\/div><\/div><\/div><\/div>\n","protected":false},"excerpt":{"rendered":"<p>Get the latest insights, market trends &#038; inspiration!<\/p>\n","protected":false},"author":7,"featured_media":9654,"comment_status":"closed","ping_status":"closed","sticky":false,"template":"","format":"standard","meta":{"_acf_changed":false,"footnotes":""},"categories":[128],"tags":[],"class_list":["post-9613","post","type-post","status-publish","format-standard","has-post-thumbnail","hentry","category-imprensa"],"acf":[],"_links":{"self":[{"href":"https:\/\/bikefacil.com\/?rest_route=\/wp\/v2\/posts\/9613","targetHints":{"allow":["GET"]}}],"collection":[{"href":"https:\/\/bikefacil.com\/?rest_route=\/wp\/v2\/posts"}],"about":[{"href":"https:\/\/bikefacil.com\/?rest_route=\/wp\/v2\/types\/post"}],"author":[{"embeddable":true,"href":"https:\/\/bikefacil.com\/?rest_route=\/wp\/v2\/users\/7"}],"replies":[{"embeddable":true,"href":"https:\/\/bikefacil.com\/?rest_route=%2Fwp%2Fv2%2Fcomments&post=9613"}],"version-history":[{"count":0,"href":"https:\/\/bikefacil.com\/?rest_route=\/wp\/v2\/posts\/9613\/revisions"}],"wp:featuredmedia":[{"embeddable":true,"href":"https:\/\/bikefacil.com\/?rest_route=\/wp\/v2\/media\/9654"}],"wp:attachment":[{"href":"https:\/\/bikefacil.com\/?rest_route=%2Fwp%2Fv2%2Fmedia&parent=9613"}],"wp:term":[{"taxonomy":"category","embeddable":true,"href":"https:\/\/bikefacil.com\/?rest_route=%2Fwp%2Fv2%2Fcategories&post=9613"},{"taxonomy":"post_tag","embeddable":true,"href":"https:\/\/bikefacil.com\/?rest_route=%2Fwp%2Fv2%2Ftags&post=9613"}],"curies":[{"name":"wp","href":"https:\/\/api.w.org\/{rel}","templated":true}]}}