{"id":9626,"date":"2025-08-15T17:35:20","date_gmt":"2025-08-15T20:35:20","guid":{"rendered":"https:\/\/bikefacil.com\/?p=9626"},"modified":"2025-08-22T15:12:31","modified_gmt":"2025-08-22T18:12:31","slug":"bike-facil-apoia-o-projeto-nossa-bici-mobilidade-comunitaria-em-acao","status":"publish","type":"post","link":"https:\/\/bikefacil.com\/imprensa\/bike-facil-apoia-o-projeto-nossa-bici-mobilidade-comunitaria-em-acao\/","title":{"rendered":"Bike F\u00e1cil apoia o projeto Nossa Bici \u2013 mobilidade comunit\u00e1ria em a\u00e7\u00e3o"},"content":{"rendered":"<div class=\"fusion-fullwidth fullwidth-box fusion-builder-row-1 fusion-flex-container has-pattern-background has-mask-background nonhundred-percent-fullwidth non-hundred-percent-height-scrolling\" style=\"--awb-border-radius-top-left:0px;--awb-border-radius-top-right:0px;--awb-border-radius-bottom-right:0px;--awb-border-radius-bottom-left:0px;--awb-margin-top-small:40px;--awb-flex-wrap:wrap;\" ><div class=\"fusion-builder-row fusion-row fusion-flex-align-items-flex-start fusion-flex-content-wrap\" style=\"max-width:1318.4px;margin-left: calc(-3% \/ 2 );margin-right: calc(-3% \/ 2 );\"><div class=\"fusion-layout-column fusion_builder_column fusion-builder-column-0 fusion_builder_column_1_1 1_1 fusion-flex-column blog-conteudo\" style=\"--awb-bg-size:cover;--awb-width-large:100%;--awb-spacing-right-large:1.455%;--awb-margin-bottom-large:0px;--awb-spacing-left-large:1.455%;--awb-width-medium:100%;--awb-order-medium:0;--awb-spacing-right-medium:1.455%;--awb-spacing-left-medium:1.455%;--awb-width-small:100%;--awb-order-small:0;--awb-spacing-right-small:1.455%;--awb-spacing-left-small:1.455%;\"><div class=\"fusion-column-wrapper fusion-column-has-shadow fusion-flex-justify-content-flex-start fusion-content-layout-column\"><div class=\"fusion-separator fusion-has-icon fusion-full-width-sep\" style=\"align-self: center;margin-left: auto;margin-right: auto;margin-top:30px;margin-bottom:30px;width:100%;max-width:100%;\"><div class=\"fusion-separator-border sep-single sep-solid\" style=\"--awb-height:20px;--awb-amount:20px;--awb-sep-color:var(--awb-custom_color_14);border-color:var(--awb-custom_color_14);border-top-width:1px;\"><\/div><span class=\"icon-wrapper\" style=\"border-color:transparent;font-size:26px;width: 1.75em; height: 1.75em;border-width:1px;padding:1px;margin-top:-0.5px\"><i class=\"icon-bkf-BKF_ICONES_1X1_PRETO-96\" style=\"font-size: inherit;color:var(--awb-color6);\" aria-hidden=\"true\"><\/i><\/span><div class=\"fusion-separator-border sep-single sep-solid\" style=\"--awb-height:20px;--awb-amount:20px;--awb-sep-color:var(--awb-custom_color_14);border-color:var(--awb-custom_color_14);border-top-width:1px;\"><\/div><\/div><div class=\"fusion-text fusion-text-1 fusion-text-no-margin\" style=\"--awb-line-height:1.8em;--awb-margin-bottom:0px;\"><span class=\"fusion-dropcap dropcap\" style=\"--awb-color:var(--awb-custom_color_1);\">A<\/span>\n<p>Bike F\u00e1cil orgulha-se de apoiar o Nossa Bici, um sistema de bicicletas comunit\u00e1rias idealizado pelo Instituto Democracia Popular (IDP) para fortalecer a mobilidade e o acesso \u00e0 direitos na comunidade Chacrinha &#8211; Vila Esperan\u00e7a, no bairro Alto Boqueir\u00e3o, em Curitiba. O projeto foi inclu\u00eddo no Fundo Diocesano de Solidariedade da Arquidiocese de Curitiba, recebendo importante apoio institucional para sua execu\u00e7\u00e3o.<\/p>\n<\/div><div class=\"fusion-separator fusion-full-width-sep\" style=\"align-self: center;margin-left: auto;margin-right: auto;margin-top:40px;margin-bottom:10px;width:100%;\"><div class=\"fusion-separator-border sep-single\" style=\"--awb-height:20px;--awb-amount:20px;--awb-sep-color:var(--awb-custom_color_14);border-color:var(--awb-custom_color_14);border-top-width:1px;\"><\/div><\/div><div class=\"fusion-title title fusion-title-1 fusion-sep-none fusion-title-text fusion-title-size-five\" style=\"--awb-text-color:var(--awb-color4);--awb-margin-top:40px;\"><h5 class=\"fusion-title-heading title-heading-left fusion-responsive-typography-calculated\" style=\"margin:0;--fontSize:26;line-height:1.2;\"><strong>Mobilidade como direito, n\u00e3o privil\u00e9gio<br \/>\n<\/strong><\/h5><\/div><div class=\"fusion-text fusion-text-2 fusion-text-no-margin\" style=\"--awb-line-height:1.8em;--awb-margin-bottom:0px;\"><p>A comunidade Chacrinha enfrenta severas limita\u00e7\u00f5es de acesso: est\u00e1 separada de servi\u00e7os essenciais por mais de 3 km de estrada de ch\u00e3o. O projeto Nossa Bici utiliza a ciclomobilidade como uma solu\u00e7\u00e3o r\u00e1pida, sustent\u00e1vel e inclusiva para reduzir essa barreira de deslocamento <b><u><a href=\"http:\/\/coletivo.democraciapopular.org.br\/\" target=\"_blank\" rel=\"noopener noreferrer\">coletivo<\/a><\/u><\/b>.<\/p>\n<\/div><div class=\"fusion-title title fusion-title-2 fusion-sep-none fusion-title-text fusion-title-size-five\" style=\"--awb-text-color:var(--awb-color4);--awb-margin-top:40px;\"><h5 class=\"fusion-title-heading title-heading-left fusion-responsive-typography-calculated\" style=\"margin:0;--fontSize:26;line-height:1.2;\"><strong>Engajamento e participa\u00e7\u00e3o local<br \/>\n<\/strong><\/h5><\/div><div class=\"fusion-text fusion-text-3 fusion-text-no-margin\" style=\"--awb-line-height:1.8em;--awb-margin-bottom:0px;\"><p>Para criar v\u00ednculo e participa\u00e7\u00e3o entre os moradores, foram realizadas oficinas de mec\u00e2nica e a\u00e7\u00f5es para arrecada\u00e7\u00e3o de bikes. A Bike F\u00e1cil entra como apoiadora do projeto ao ceder espa\u00e7o e m\u00e3o de obra para a desmontagem, pintura e prepara\u00e7\u00e3o para a entrega dessas bikes, um processo que envolveu tamb\u00e9m a participa\u00e7\u00e3o coletiva da comunidade de ciclistas urbanos. <\/p>\n<\/div><div class=\"fusion-title title fusion-title-3 fusion-sep-none fusion-title-text fusion-title-size-five\" style=\"--awb-text-color:var(--awb-color4);--awb-margin-top:40px;\"><h5 class=\"fusion-title-heading title-heading-left fusion-responsive-typography-calculated\" style=\"margin:0;--fontSize:26;line-height:1.2;\"><strong>Responsabilidade social e mobilidade inclusiva<br \/>\n<\/strong><\/h5><\/div><div class=\"fusion-text fusion-text-4 fusion-text-no-margin\" style=\"--awb-line-height:1.8em;--awb-margin-bottom:0px;\"><p>Na Bike F\u00e1cil nosso prop\u00f3sito \u00e9 que a mobilidade urbana seja uma realidade n\u00e3o por necessidade, mas principalmente por escolha, com cidades projetadas para atender os cidad\u00e3os e incentivar a mobilidade ativa. Apoiar o projeto Nossa Bici \u00e9 um meio de democratizar um acesso b\u00e1sico \u00e0 mobilidade na comunidade Chacrinha &#8211; Vila Esperan\u00e7a e<br \/>\ne estreitar la\u00e7os de compromisso social que toda empresa deve ter, afinal ESG n\u00e3o \u00e9 s\u00f3 uma sigla, mas a\u00e7\u00e3o pr\u00e1tica!<\/p>\n<\/div><div class=\"fusion-title title fusion-title-4 fusion-sep-none fusion-title-text fusion-title-size-five\" style=\"--awb-text-color:var(--awb-color4);--awb-margin-top:40px;\"><h5 class=\"fusion-title-heading title-heading-left fusion-responsive-typography-calculated\" style=\"margin:0;--fontSize:26;line-height:1.2;\"><strong>Transforma\u00e7\u00e3o local com impacto coletivo<br \/>\n<\/strong><\/h5><\/div><div class=\"fusion-text fusion-text-5 fusion-text-no-margin\" style=\"--awb-line-height:1.8em;--awb-margin-bottom:0px;\"><p>Participar do Nossa Bici fortalece nosso compromisso com projetos que geram valor social, trazendo benef\u00edcios diretos para pessoas em situa\u00e7\u00e3o de vulnerabilidade social.<\/p>\n<\/div><div class=\"fusion-title title fusion-title-5 fusion-sep-none fusion-title-text fusion-title-size-five\" style=\"--awb-text-color:var(--awb-color4);--awb-margin-top:40px;\"><h5 class=\"fusion-title-heading title-heading-left fusion-responsive-typography-calculated\" style=\"margin:0;--fontSize:26;line-height:1.2;\"><strong>Mobilidade como agente de empoderamento e inclus\u00e3o<br \/>\n<\/strong><\/h5><\/div><div class=\"fusion-text fusion-text-6 fusion-text-no-margin\" style=\"--awb-line-height:1.8em;--awb-margin-bottom:0px;\"><p>O projeto Nossa Bici promove autonomia, dignidade e oportunidades, especialmente para crian\u00e7as e fam\u00edlias da comunidade.<\/p>\n<\/div><div class=\"fusion-separator fusion-full-width-sep\" style=\"align-self: center;margin-left: auto;margin-right: auto;margin-top:40px;margin-bottom:40px;width:100%;\"><div class=\"fusion-separator-border sep-single\" style=\"--awb-height:20px;--awb-amount:20px;--awb-sep-color:var(--awb-custom_color_14);border-color:var(--awb-custom_color_14);border-top-width:1px;\"><\/div><\/div><div class=\"fusion-text fusion-text-7 fusion-text-no-margin\" style=\"--awb-line-height:1.8em;--awb-margin-bottom:0px;\"><p>Veja mais em:<\/p>\n<\/div><div ><a class=\"fusion-button button-flat button-medium button-custom fusion-button-default button-1 fusion-button-default-span fusion-button-default-type\" style=\"--button_accent_color:var(--awb-color3);--button_accent_hover_color:var(--awb-color5);--button_border_hover_color:var(--awb-color5);--button-border-radius-top-left:6px;--button-border-radius-top-right:6px;--button-border-radius-bottom-right:6px;--button-border-radius-bottom-left:6px;--button_gradient_top_color:var(--awb-color8);--button_gradient_bottom_color:var(--awb-color8);--button_gradient_top_color_hover:var(--awb-color4);--button_gradient_bottom_color_hover:var(--awb-color4);--button_text_transform:none;--button_margin-top:20px;\" target=\"_blank\" rel=\"noopener noreferrer\" href=\"https:\/\/www.democraciapopular.org.br\/noticias\/oficinamecanicachacrinha\"><span class=\"fusion-button-text awb-button__text awb-button__text--default\">Democracia Popular<\/span><\/a><\/div><div ><a class=\"fusion-button button-flat button-medium button-custom fusion-button-default button-2 fusion-button-default-span fusion-button-default-type\" style=\"--button_accent_color:var(--awb-color3);--button_accent_hover_color:var(--awb-color5);--button_border_hover_color:var(--awb-color5);--button-border-radius-top-left:6px;--button-border-radius-top-right:6px;--button-border-radius-bottom-right:6px;--button-border-radius-bottom-left:6px;--button_gradient_top_color:var(--awb-color8);--button_gradient_bottom_color:var(--awb-color8);--button_gradient_top_color_hover:var(--awb-color4);--button_gradient_bottom_color_hover:var(--awb-color4);--button_text_transform:none;--button_margin-top:20px;\" target=\"_blank\" rel=\"noopener noreferrer\" href=\"https:\/\/www.democraciapopular.org.br\/noticias\/assinaturanossabici\"><span class=\"fusion-button-text awb-button__text awb-button__text--default\">Projeto Nossa Bici<\/span><\/a><\/div><div class=\"fusion-separator fusion-full-width-sep\" style=\"align-self: center;margin-left: auto;margin-right: auto;margin-top:40px;width:100%;\"><div class=\"fusion-separator-border sep-single\" style=\"--awb-height:20px;--awb-amount:20px;border-color:var(--awb-color6);border-top-width:0px;\"><\/div><\/div><\/div><\/div><\/div><\/div>\n","protected":false},"excerpt":{"rendered":"<p>Get the latest insights, market trends &#038; inspiration!<\/p>\n","protected":false},"author":7,"featured_media":9656,"comment_status":"closed","ping_status":"closed","sticky":false,"template":"","format":"standard","meta":{"_acf_changed":false,"footnotes":""},"categories":[128],"tags":[],"class_list":["post-9626","post","type-post","status-publish","format-standard","has-post-thumbnail","hentry","category-imprensa"],"acf":[],"_links":{"self":[{"href":"https:\/\/bikefacil.com\/?rest_route=\/wp\/v2\/posts\/9626","targetHints":{"allow":["GET"]}}],"collection":[{"href":"https:\/\/bikefacil.com\/?rest_route=\/wp\/v2\/posts"}],"about":[{"href":"https:\/\/bikefacil.com\/?rest_route=\/wp\/v2\/types\/post"}],"author":[{"embeddable":true,"href":"https:\/\/bikefacil.com\/?rest_route=\/wp\/v2\/users\/7"}],"replies":[{"embeddable":true,"href":"https:\/\/bikefacil.com\/?rest_route=%2Fwp%2Fv2%2Fcomments&post=9626"}],"version-history":[{"count":0,"href":"https:\/\/bikefacil.com\/?rest_route=\/wp\/v2\/posts\/9626\/revisions"}],"wp:featuredmedia":[{"embeddable":true,"href":"https:\/\/bikefacil.com\/?rest_route=\/wp\/v2\/media\/9656"}],"wp:attachment":[{"href":"https:\/\/bikefacil.com\/?rest_route=%2Fwp%2Fv2%2Fmedia&parent=9626"}],"wp:term":[{"taxonomy":"category","embeddable":true,"href":"https:\/\/bikefacil.com\/?rest_route=%2Fwp%2Fv2%2Fcategories&post=9626"},{"taxonomy":"post_tag","embeddable":true,"href":"https:\/\/bikefacil.com\/?rest_route=%2Fwp%2Fv2%2Ftags&post=9626"}],"curies":[{"name":"wp","href":"https:\/\/api.w.org\/{rel}","templated":true}]}}